{"id":822,"date":"2016-05-14T10:04:42","date_gmt":"2016-05-14T14:04:42","guid":{"rendered":"http:\/\/blogdalucianaoliveira.com.br\/blog\/?p=822"},"modified":"2016-05-14T10:05:28","modified_gmt":"2016-05-14T14:05:28","slug":"irmaos-mandam-senador-cristovam-buarque-lavar-a-boca-pra-falar-de-ivan-aguiar","status":"publish","type":"post","link":"http:\/\/blogdalucianaoliveira.com.br\/blog\/2016\/05\/14\/irmaos-mandam-senador-cristovam-buarque-lavar-a-boca-pra-falar-de-ivan-aguiar\/","title":{"rendered":"Irm\u00e3os mandam senador Cristovam Buarque &#8216;lavar a boca&#8217; pra falar de Ivan Aguiar"},"content":{"rendered":"<p><img data-recalc-dims=\"1\" loading=\"lazy\" decoding=\"async\" data-attachment-id=\"823\" data-permalink=\"http:\/\/blogdalucianaoliveira.com.br\/blog\/2016\/05\/14\/irmaos-mandam-senador-cristovam-buarque-lavar-a-boca-pra-falar-de-ivan-aguiar\/image-170\/\" data-orig-file=\"https:\/\/i0.wp.com\/blogdalucianaoliveira.com.br\/blog\/wp-content\/uploads\/2016\/05\/image-145.jpeg?fit=298%2C186\" data-orig-size=\"298,186\" data-comments-opened=\"0\" data-image-meta=\"{&quot;aperture&quot;:&quot;0&quot;,&quot;credit&quot;:&quot;&quot;,&quot;camera&quot;:&quot;&quot;,&quot;caption&quot;:&quot;&quot;,&quot;created_timestamp&quot;:&quot;0&quot;,&quot;copyright&quot;:&quot;&quot;,&quot;focal_length&quot;:&quot;0&quot;,&quot;iso&quot;:&quot;0&quot;,&quot;shutter_speed&quot;:&quot;0&quot;,&quot;title&quot;:&quot;&quot;,&quot;orientation&quot;:&quot;0&quot;}\" data-image-title=\"image\" data-image-description=\"\" data-image-caption=\"\" data-medium-file=\"https:\/\/i0.wp.com\/blogdalucianaoliveira.com.br\/blog\/wp-content\/uploads\/2016\/05\/image-145.jpeg?fit=298%2C186\" data-large-file=\"https:\/\/i0.wp.com\/blogdalucianaoliveira.com.br\/blog\/wp-content\/uploads\/2016\/05\/image-145.jpeg?fit=298%2C186\" src=\"https:\/\/i0.wp.com\/blogdalucianaoliveira.com.br\/blog\/wp-content\/uploads\/2016\/05\/image-145.jpeg?resize=298%2C186\" alt=\"image\" width=\"298\" height=\"186\" class=\"alignnone size-full wp-image-823\" \/><\/p>\n<p>Na tarde de 11\/05, quando o senador Cristovam Buarque (PPS) proferia suas justificativas para votar a favor do golpe, os Jornalistas Livres soltaram uma nota homenageando os estudantes Jonas Barros e Ivan Aguiar, mencionados no discurso. <!--more--><\/p>\n<p>O texto rendeu mais 3.000 compartilhamentos e chegou at\u00e9 os familiares de Ivan que indignados comentaram o voto:<\/p>\n<p>Tempos estranhos estes onde um senador evoca seu passado de manifestante de rua pr\u00f3-democracia, como justificativa de um voto para demover uma presidenta eleita, em uma pantomima midi\u00e1tica e parlamentar travestida de impeachment.<\/p>\n<p>Cristovam Buarque desonrou a mem\u00f3ria dos m\u00e1rtires da democracia ao citar os dois estudantes mortos em 01 de abril de 1964, na passeata contra o golpe militar que dep\u00f4s o Presidente Jo\u00e3o Goulart e o Governador Miguel Arraes, em Pernambuco.<\/p>\n<p>Dentre as v\u00edtimas, Jonas Barros e Ivan Aguiar, secundaristas assassinados a tiros pelo Ex\u00e9rcito.<\/p>\n<p>Eles foram para a rua para defender a legalidade, as pol\u00edticas sociais, o governador de esquerda que pagou com o mandato e com o ex\u00edlio sua fidelidade \u00e0s causas populares. Cinquenta e quatro anos depois, o que era dor virou orgulho. Arraes, Ivan e Jonas s\u00e3o her\u00f3is da democracia. O que dir\u00e1 o futuro dos golpistas de ontem e hoje?<\/p>\n<p>O senador em seu discurso afirmou que a esquerda envelheceu. Os irm\u00e3os e sobrinhos de Ivan Aguiar, alguns septuagen\u00e1rios, estamos empunhando nossas bandeiras defendendo a democracia e o respeito ao voto. De l\u00e1 da rua testemunhamos o acaso da biografia daqueles que mudaram de lado, seduzidos pela ribalta que \u00e9 oferecida aqueles que querem desmontar as conquistas trabalhistas.<\/p>\n<p>Triste o pa\u00eds onde envelhecidos est\u00e3o nas ruas e os velhacos no Parlamento.<br \/>\nSe fosse vivo e ocupasse uma tribuna do Senado, Ivan estaria defendendo os estudantes paulistas que est\u00e3o sendo massacrados pela pol\u00edcia e roubados por pol\u00edticos que freq\u00fcentam colunas sociais.<\/p>\n<p>Estaria denunciando que quando se solapa a democracia, quando a legitimidade de um eleito \u00e9 subtra\u00edda por conchavos parlamentares, o que se est\u00e1 promovendo \u00e9 a viol\u00eancia. Viol\u00eancia simb\u00f3lica num primeiro instante, viol\u00eancia f\u00edsica contra quem for contra o estado de coisas logo depois.<\/p>\n<p>Cristovam Buarque n\u00e3o deveria se preocupar tanto com nossos her\u00f3is do passado. Eles pagaram o tributo e forjaram as futuras gera\u00e7\u00f5es. Deveria ele se preocupar com as v\u00edtimas do futuro. As v\u00edtimas dos cortes dos programas sociais, da desvincula\u00e7\u00e3o dos recursos sociais do or\u00e7amento, da supress\u00e3o dos direitos trabalhistas, das privatiza\u00e7\u00f5es e de toda a agenda do governo ileg\u00edtimo nascente.<\/p>\n<p>A esquerda verdadeira, o militante altru\u00edsta e generoso que quer construir um mundo mais solid\u00e1rio, vem escrevendo os melhores cap\u00edtulos da hist\u00f3ria do Brasil. Os parlamentares golpistas, especialmente os que tra\u00edram suas ra\u00edzes, v\u00e3o merecer no m\u00e1ximo uma nota de rodap\u00e9 no pante\u00e3o onde figuram Calabar, Silv\u00e9rio dos Reis e Cabo Anselmo.<\/p>\n<p>Erivan Aguiar, Dan\u00fabio Aguiar, Nadir Aguiar, V\u00e2nia Paduschka de Aguiar, Iran Aguiar<\/p>\n<p>Fonte: jornalistas livres <\/p>\n","protected":false},"excerpt":{"rendered":"<p>Na tarde de 11\/05, quando o senador Cristovam Buarque (PPS) proferia suas justificativas para votar a favor do golpe, os Jornalistas Livres soltaram uma nota homenageando os estudantes Jonas Barros e Ivan Aguiar, mencionados no discurso.<\/p>\n","protected":false},"author":1,"featured_media":0,"comment_status":"closed","ping_status":"open","sticky":false,"template":"","format":"standard","meta":{"_exactmetrics_skip_tracking":false,"_exactmetrics_sitenote_active":false,"_exactmetrics_sitenote_note":"","_exactmetrics_sitenote_category":0,"jetpack_post_was_ever_published":false,"_jetpack_newsletter_access":"","_jetpack_dont_email_post_to_subs":false,"_jetpack_newsletter_tier_id":0,"_jetpack_memberships_contains_paywalled_content":false,"_jetpack_memberships_contains_paid_content":false,"footnotes":"","jetpack_publicize_message":"","jetpack_publicize_feature_enabled":true,"jetpack_social_post_already_shared":true,"jetpack_social_options":{"image_generator_settings":{"template":"highway","enabled":false},"version":2}},"categories":[1],"tags":[40,35,39],"class_list":["post-822","post","type-post","status-publish","format-standard","hentry","category-notas","tag-cristovam-buarque","tag-estudantes","tag-golpe"],"jetpack_publicize_connections":[],"jetpack_sharing_enabled":true,"jetpack_featured_media_url":"","jetpack_shortlink":"https:\/\/wp.me\/p7wKYW-dg","jetpack-related-posts":[],"_links":{"self":[{"href":"http:\/\/blogdalucianaoliveira.com.br\/blog\/wp-json\/wp\/v2\/posts\/822","targetHints":{"allow":["GET"]}}],"collection":[{"href":"http:\/\/blogdalucianaoliveira.com.br\/blog\/wp-json\/wp\/v2\/posts"}],"about":[{"href":"http:\/\/blogdalucianaoliveira.com.br\/blog\/wp-json\/wp\/v2\/types\/post"}],"author":[{"embeddable":true,"href":"http:\/\/blogdalucianaoliveira.com.br\/blog\/wp-json\/wp\/v2\/users\/1"}],"replies":[{"embeddable":true,"href":"http:\/\/blogdalucianaoliveira.com.br\/blog\/wp-json\/wp\/v2\/comments?post=822"}],"version-history":[{"count":1,"href":"http:\/\/blogdalucianaoliveira.com.br\/blog\/wp-json\/wp\/v2\/posts\/822\/revisions"}],"predecessor-version":[{"id":824,"href":"http:\/\/blogdalucianaoliveira.com.br\/blog\/wp-json\/wp\/v2\/posts\/822\/revisions\/824"}],"wp:attachment":[{"href":"http:\/\/blogdalucianaoliveira.com.br\/blog\/wp-json\/wp\/v2\/media?parent=822"}],"wp:term":[{"taxonomy":"category","embeddable":true,"href":"http:\/\/blogdalucianaoliveira.com.br\/blog\/wp-json\/wp\/v2\/categories?post=822"},{"taxonomy":"post_tag","embeddable":true,"href":"http:\/\/blogdalucianaoliveira.com.br\/blog\/wp-json\/wp\/v2\/tags?post=822"}],"curies":[{"name":"wp","href":"https:\/\/api.w.org\/{rel}","templated":true}]}}