{"id":8402,"date":"2017-02-09T12:02:08","date_gmt":"2017-02-09T16:02:08","guid":{"rendered":"http:\/\/blogdalucianaoliveira.com.br\/blog\/?p=8402"},"modified":"2017-02-09T12:02:08","modified_gmt":"2017-02-09T16:02:08","slug":"nele-e-na-turba-de-hipocritas","status":"publish","type":"post","link":"http:\/\/blogdalucianaoliveira.com.br\/blog\/2017\/02\/09\/nele-e-na-turba-de-hipocritas\/","title":{"rendered":"Nele e na turba de hip\u00f3critas"},"content":{"rendered":"<p><img data-recalc-dims=\"1\" loading=\"lazy\" decoding=\"async\" data-attachment-id=\"8403\" data-permalink=\"http:\/\/blogdalucianaoliveira.com.br\/blog\/2017\/02\/09\/nele-e-na-turba-de-hipocritas\/caca\/\" data-orig-file=\"https:\/\/i0.wp.com\/blogdalucianaoliveira.com.br\/blog\/wp-content\/uploads\/2017\/02\/caca.jpg?fit=1000%2C357\" data-orig-size=\"1000,357\" data-comments-opened=\"0\" data-image-meta=\"{&quot;aperture&quot;:&quot;0&quot;,&quot;credit&quot;:&quot;&quot;,&quot;camera&quot;:&quot;&quot;,&quot;caption&quot;:&quot;&quot;,&quot;created_timestamp&quot;:&quot;0&quot;,&quot;copyright&quot;:&quot;&quot;,&quot;focal_length&quot;:&quot;0&quot;,&quot;iso&quot;:&quot;0&quot;,&quot;shutter_speed&quot;:&quot;0&quot;,&quot;title&quot;:&quot;&quot;,&quot;orientation&quot;:&quot;0&quot;}\" data-image-title=\"caca\" data-image-description=\"\" data-image-caption=\"\" data-medium-file=\"https:\/\/i0.wp.com\/blogdalucianaoliveira.com.br\/blog\/wp-content\/uploads\/2017\/02\/caca.jpg?fit=300%2C107\" data-large-file=\"https:\/\/i0.wp.com\/blogdalucianaoliveira.com.br\/blog\/wp-content\/uploads\/2017\/02\/caca.jpg?fit=600%2C214\" src=\"https:\/\/i0.wp.com\/blogdalucianaoliveira.com.br\/blog\/wp-content\/uploads\/2017\/02\/caca.jpg?resize=600%2C214\" alt=\"caca\" width=\"600\" height=\"214\" class=\"alignnone size-full wp-image-8403\" srcset=\"https:\/\/i0.wp.com\/blogdalucianaoliveira.com.br\/blog\/wp-content\/uploads\/2017\/02\/caca.jpg?w=1000 1000w, https:\/\/i0.wp.com\/blogdalucianaoliveira.com.br\/blog\/wp-content\/uploads\/2017\/02\/caca.jpg?resize=300%2C107 300w, https:\/\/i0.wp.com\/blogdalucianaoliveira.com.br\/blog\/wp-content\/uploads\/2017\/02\/caca.jpg?resize=768%2C274 768w, https:\/\/i0.wp.com\/blogdalucianaoliveira.com.br\/blog\/wp-content\/uploads\/2017\/02\/caca.jpg?resize=800%2C286 800w\" sizes=\"auto, (max-width: 600px) 100vw, 600px\" \/><\/p>\n<p>JU\u00cdZA D\u00c1 LI\u00c7\u00c3O EM TEMER AO BARRAR FORO ESPECIAL DE MOREIRA FRANCO<\/p>\n<p>247 &#8211; Na decis\u00e3o liminar desta quinta-feira 9 em que impede a nomea\u00e7\u00e3o de Moreira Franco como ministro, a ju\u00edza Regina Coeli Formisano, da 6\u00ba Vara Federal do Rio de Janeiro, d\u00e1 uma verdadeira li\u00e7\u00e3o em Michel Temer. Ela afirma que um &#8220;magistrado n\u00e3o pode se trancar em seu gabinete e ignorar a indigna\u00e7\u00e3o popular&#8221;.<\/p>\n<p>&#8220;Pe\u00e7o, humildemente perd\u00e3o ao Presidente Temer pela insurg\u00eancia, mas por pura lealdade as suas li\u00e7\u00f5es de Direito Constitucional. Perdoe-me por ser fiel aos seus ensinamentos ainda gravados na minha mem\u00f3ria, mas tamb\u00e9m nos livros que editou e nos quais estudei. N\u00e3o s\u00f3 aprendi com elas, mas, tamb\u00e9m acreditei nelas e essa \u00e9 a verdadeira forma de aprendizado&#8221;, diz a ju\u00edza.<\/p>\n<p>Na decis\u00e3o, a magistrada lembra da nomea\u00e7\u00e3o do ex-presidente Lula como ministro de Dilma Rousseff e compara com a decis\u00e3o de Temer com Moreira Franco.<\/p>\n<p>&#8220;Por outro lado, tamb\u00e9m n\u00e3o se afigura coerente, que suas promessas ao assumir o mais alto posto da Republica sejam tra\u00eddas, exatamente por quem as lan\u00e7ou no rol de esperan\u00e7a dos brasileiros, que hoje encontram-se indignados e perplexos ao ver o seu Presidente, adotar a mesma postura da ex-Presidente impedida e que pretendia tamb\u00e9m, blindar o ex-presidente Luiz Ign\u00e1cio Lula da Silva&#8221;, diz.<\/p>\n","protected":false},"excerpt":{"rendered":"<p>JU\u00cdZA D\u00c1 LI\u00c7\u00c3O EM TEMER AO BARRAR FORO ESPECIAL DE MOREIRA FRANCO 247 &#8211; Na decis\u00e3o liminar desta quinta-feira 9 em que impede a nomea\u00e7\u00e3o de Moreira Franco como ministro, a ju\u00edza Regina Coeli Formisano, da 6\u00ba Vara Federal do Rio de Janeiro, d\u00e1 uma verdadeira li\u00e7\u00e3o em Michel Temer. Ela afirma que um &#8220;magistrado&#8230;<a class=\"more-link\" href=\"http:\/\/blogdalucianaoliveira.com.br\/blog\/2017\/02\/09\/nele-e-na-turba-de-hipocritas\/\">Continue a leitura <span class=\"meta-nav\">&raquo;<\/span><\/a><\/p>\n","protected":false},"author":1,"featured_media":0,"comment_status":"closed","ping_status":"open","sticky":false,"template":"","format":"standard","meta":{"_exactmetrics_skip_tracking":false,"_exactmetrics_sitenote_active":false,"_exactmetrics_sitenote_note":"","_exactmetrics_sitenote_category":0,"jetpack_post_was_ever_published":false,"_jetpack_newsletter_access":"","_jetpack_dont_email_post_to_subs":false,"_jetpack_newsletter_tier_id":0,"_jetpack_memberships_contains_paywalled_content":false,"_jetpack_memberships_contains_paid_content":false,"footnotes":"","jetpack_publicize_message":"","jetpack_publicize_feature_enabled":true,"jetpack_social_post_already_shared":true,"jetpack_social_options":{"image_generator_settings":{"template":"highway","enabled":false},"version":2}},"categories":[1],"tags":[],"class_list":["post-8402","post","type-post","status-publish","format-standard","hentry","category-notas"],"jetpack_publicize_connections":[],"jetpack_sharing_enabled":true,"jetpack_featured_media_url":"","jetpack_shortlink":"https:\/\/wp.me\/p7wKYW-2bw","jetpack-related-posts":[],"_links":{"self":[{"href":"http:\/\/blogdalucianaoliveira.com.br\/blog\/wp-json\/wp\/v2\/posts\/8402","targetHints":{"allow":["GET"]}}],"collection":[{"href":"http:\/\/blogdalucianaoliveira.com.br\/blog\/wp-json\/wp\/v2\/posts"}],"about":[{"href":"http:\/\/blogdalucianaoliveira.com.br\/blog\/wp-json\/wp\/v2\/types\/post"}],"author":[{"embeddable":true,"href":"http:\/\/blogdalucianaoliveira.com.br\/blog\/wp-json\/wp\/v2\/users\/1"}],"replies":[{"embeddable":true,"href":"http:\/\/blogdalucianaoliveira.com.br\/blog\/wp-json\/wp\/v2\/comments?post=8402"}],"version-history":[{"count":1,"href":"http:\/\/blogdalucianaoliveira.com.br\/blog\/wp-json\/wp\/v2\/posts\/8402\/revisions"}],"predecessor-version":[{"id":8404,"href":"http:\/\/blogdalucianaoliveira.com.br\/blog\/wp-json\/wp\/v2\/posts\/8402\/revisions\/8404"}],"wp:attachment":[{"href":"http:\/\/blogdalucianaoliveira.com.br\/blog\/wp-json\/wp\/v2\/media?parent=8402"}],"wp:term":[{"taxonomy":"category","embeddable":true,"href":"http:\/\/blogdalucianaoliveira.com.br\/blog\/wp-json\/wp\/v2\/categories?post=8402"},{"taxonomy":"post_tag","embeddable":true,"href":"http:\/\/blogdalucianaoliveira.com.br\/blog\/wp-json\/wp\/v2\/tags?post=8402"}],"curies":[{"name":"wp","href":"https:\/\/api.w.org\/{rel}","templated":true}]}}