{"id":8405,"date":"2017-02-09T12:08:42","date_gmt":"2017-02-09T16:08:42","guid":{"rendered":"http:\/\/blogdalucianaoliveira.com.br\/blog\/?p=8405"},"modified":"2017-02-09T12:08:42","modified_gmt":"2017-02-09T16:08:42","slug":"pf-afirma-que-botafogo-recebeu-r-1-milhao-em-propina-da-oas","status":"publish","type":"post","link":"http:\/\/blogdalucianaoliveira.com.br\/blog\/2017\/02\/09\/pf-afirma-que-botafogo-recebeu-r-1-milhao-em-propina-da-oas\/","title":{"rendered":"PF afirma que \u2018Botafogo\u2019 recebeu R$ 1 milh\u00e3o em propina da OAS"},"content":{"rendered":"<p><img data-recalc-dims=\"1\" loading=\"lazy\" decoding=\"async\" data-attachment-id=\"8406\" data-permalink=\"http:\/\/blogdalucianaoliveira.com.br\/blog\/2017\/02\/09\/pf-afirma-que-botafogo-recebeu-r-1-milhao-em-propina-da-oas\/rodrigo-maia-democratas\/\" data-orig-file=\"https:\/\/i0.wp.com\/blogdalucianaoliveira.com.br\/blog\/wp-content\/uploads\/2017\/02\/rodrigo-maia-democratas.jpg?fit=800%2C445\" data-orig-size=\"800,445\" data-comments-opened=\"0\" data-image-meta=\"{&quot;aperture&quot;:&quot;4.5&quot;,&quot;credit&quot;:&quot;&quot;,&quot;camera&quot;:&quot;Canon EOS 7D&quot;,&quot;caption&quot;:&quot;&quot;,&quot;created_timestamp&quot;:&quot;1366803622&quot;,&quot;copyright&quot;:&quot;&quot;,&quot;focal_length&quot;:&quot;200&quot;,&quot;iso&quot;:&quot;1250&quot;,&quot;shutter_speed&quot;:&quot;0.01&quot;,&quot;title&quot;:&quot;&quot;,&quot;orientation&quot;:&quot;1&quot;}\" data-image-title=\"rodrigo-maia-democratas\" data-image-description=\"\" data-image-caption=\"\" data-medium-file=\"https:\/\/i0.wp.com\/blogdalucianaoliveira.com.br\/blog\/wp-content\/uploads\/2017\/02\/rodrigo-maia-democratas.jpg?fit=300%2C167\" data-large-file=\"https:\/\/i0.wp.com\/blogdalucianaoliveira.com.br\/blog\/wp-content\/uploads\/2017\/02\/rodrigo-maia-democratas.jpg?fit=600%2C334\" src=\"https:\/\/i0.wp.com\/blogdalucianaoliveira.com.br\/blog\/wp-content\/uploads\/2017\/02\/rodrigo-maia-democratas.jpg?resize=600%2C334\" alt=\"rodrigo-maia-democratas\" width=\"600\" height=\"334\" class=\"alignnone size-full wp-image-8406\" srcset=\"https:\/\/i0.wp.com\/blogdalucianaoliveira.com.br\/blog\/wp-content\/uploads\/2017\/02\/rodrigo-maia-democratas.jpg?w=800 800w, https:\/\/i0.wp.com\/blogdalucianaoliveira.com.br\/blog\/wp-content\/uploads\/2017\/02\/rodrigo-maia-democratas.jpg?resize=300%2C167 300w, https:\/\/i0.wp.com\/blogdalucianaoliveira.com.br\/blog\/wp-content\/uploads\/2017\/02\/rodrigo-maia-democratas.jpg?resize=768%2C427 768w, https:\/\/i0.wp.com\/blogdalucianaoliveira.com.br\/blog\/wp-content\/uploads\/2017\/02\/rodrigo-maia-democratas.jpg?resize=539%2C300 539w\" sizes=\"auto, (max-width: 600px) 100vw, 600px\" \/><\/p>\n<p>No Debate Progressista<\/p>\n<p>A Pol\u00edcia Federal concluiu investiga\u00e7\u00e3o sobre o presidente da C\u00e2mara, deputado Rodrigo Maia (DEM-RJ) na Opera\u00e7\u00e3o Lava Jato e apontou ind\u00edcios de corrup\u00e7\u00e3o passiva e de lavagem de dinheiro. A informa\u00e7\u00e3o foi revelada pelo Jornal Nacional, da TV Globo, e confirmada pelo Estado.<!--more--><\/p>\n<p>A investiga\u00e7\u00e3o da PF teve origem em mensagens de celular entre Maia e o empreiteiro L\u00e9o Pinheiro, ex-presidente da OAS.<\/p>\n<p>Segundo o inqu\u00e9rito da PF, em troca de propina de R$ 1 milh\u00e3o, o parlamentar teria defendido interesses da empreiteira no Congresso, entre 2013 e 2014, como apresentar uma emenda \u00e0 uma Medida Provis\u00f3ria que definia regras para a avia\u00e7\u00e3o regional, em benef\u00edcio da construtora.<\/p>\n<p>A reportagem do Jornal Nacional informou que Rodrigo Maia pediu \u00e0 empreiteira doa\u00e7\u00f5es eleitorais no valor de R$ 1 milh\u00e3o em 2014. O dinheiro teria sido repassado oficialmente \u00e0 campanha de C\u00e9sar Maia, pai do presidente da C\u00e2mara.<\/p>\n<p>Os investigadores suspeitam que a estrat\u00e9gia foi usada para ocultar a origem da propina da empreiteira.<br \/>\nA PF sustenta que h\u00e1 \u2018fortes ind\u00edcios de corrup\u00e7\u00e3o passiva e lavagem de dinheiro\u2019 por parte de Maia.<\/p>\n<p>\u00c0 reportagem do Jornal Nacional, Maia afirmou que \u2018nunca recebeu vantagem indevida para votar qualquer mat\u00e9ria na C\u00e2mara\u2019. Segundo ele, \u2018ao longo dos cinco mandatos como deputado federal, sempre votou de acordo com orienta\u00e7\u00e3o da bancada ou com a pr\u00f3pria consci\u00eancia\u2019.<\/p>\n<p>Estad\u00e3o Conte\u00fado<\/p>\n","protected":false},"excerpt":{"rendered":"<p>No Debate Progressista A Pol\u00edcia Federal concluiu investiga\u00e7\u00e3o sobre o presidente da C\u00e2mara, deputado Rodrigo Maia (DEM-RJ) na Opera\u00e7\u00e3o Lava Jato e apontou ind\u00edcios de corrup\u00e7\u00e3o passiva e de lavagem de dinheiro. A informa\u00e7\u00e3o foi revelada pelo Jornal Nacional, da TV Globo, e confirmada pelo Estado.<\/p>\n","protected":false},"author":1,"featured_media":0,"comment_status":"closed","ping_status":"open","sticky":false,"template":"","format":"standard","meta":{"_exactmetrics_skip_tracking":false,"_exactmetrics_sitenote_active":false,"_exactmetrics_sitenote_note":"","_exactmetrics_sitenote_category":0,"jetpack_post_was_ever_published":false,"_jetpack_newsletter_access":"","_jetpack_dont_email_post_to_subs":false,"_jetpack_newsletter_tier_id":0,"_jetpack_memberships_contains_paywalled_content":false,"_jetpack_memberships_contains_paid_content":false,"footnotes":"","jetpack_publicize_message":"","jetpack_publicize_feature_enabled":true,"jetpack_social_post_already_shared":true,"jetpack_social_options":{"image_generator_settings":{"template":"highway","enabled":false},"version":2}},"categories":[1],"tags":[],"class_list":["post-8405","post","type-post","status-publish","format-standard","hentry","category-notas"],"jetpack_publicize_connections":[],"jetpack_sharing_enabled":true,"jetpack_featured_media_url":"","jetpack_shortlink":"https:\/\/wp.me\/p7wKYW-2bz","jetpack-related-posts":[],"_links":{"self":[{"href":"http:\/\/blogdalucianaoliveira.com.br\/blog\/wp-json\/wp\/v2\/posts\/8405","targetHints":{"allow":["GET"]}}],"collection":[{"href":"http:\/\/blogdalucianaoliveira.com.br\/blog\/wp-json\/wp\/v2\/posts"}],"about":[{"href":"http:\/\/blogdalucianaoliveira.com.br\/blog\/wp-json\/wp\/v2\/types\/post"}],"author":[{"embeddable":true,"href":"http:\/\/blogdalucianaoliveira.com.br\/blog\/wp-json\/wp\/v2\/users\/1"}],"replies":[{"embeddable":true,"href":"http:\/\/blogdalucianaoliveira.com.br\/blog\/wp-json\/wp\/v2\/comments?post=8405"}],"version-history":[{"count":1,"href":"http:\/\/blogdalucianaoliveira.com.br\/blog\/wp-json\/wp\/v2\/posts\/8405\/revisions"}],"predecessor-version":[{"id":8407,"href":"http:\/\/blogdalucianaoliveira.com.br\/blog\/wp-json\/wp\/v2\/posts\/8405\/revisions\/8407"}],"wp:attachment":[{"href":"http:\/\/blogdalucianaoliveira.com.br\/blog\/wp-json\/wp\/v2\/media?parent=8405"}],"wp:term":[{"taxonomy":"category","embeddable":true,"href":"http:\/\/blogdalucianaoliveira.com.br\/blog\/wp-json\/wp\/v2\/categories?post=8405"},{"taxonomy":"post_tag","embeddable":true,"href":"http:\/\/blogdalucianaoliveira.com.br\/blog\/wp-json\/wp\/v2\/tags?post=8405"}],"curies":[{"name":"wp","href":"https:\/\/api.w.org\/{rel}","templated":true}]}}