{"id":8408,"date":"2017-02-09T15:52:43","date_gmt":"2017-02-09T19:52:43","guid":{"rendered":"http:\/\/blogdalucianaoliveira.com.br\/blog\/?p=8408"},"modified":"2017-02-09T15:52:43","modified_gmt":"2017-02-09T19:52:43","slug":"comite-nacional-de-prevencao-e-combate-a-tortura-repudia-indicacao-de-moraes","status":"publish","type":"post","link":"http:\/\/blogdalucianaoliveira.com.br\/blog\/2017\/02\/09\/comite-nacional-de-prevencao-e-combate-a-tortura-repudia-indicacao-de-moraes\/","title":{"rendered":"Comit\u00ea Nacional de Preven\u00e7\u00e3o e Combate \u00e0 Tortura repudia indica\u00e7\u00e3o de Moraes"},"content":{"rendered":"<p><img data-recalc-dims=\"1\" loading=\"lazy\" decoding=\"async\" data-attachment-id=\"8409\" data-permalink=\"http:\/\/blogdalucianaoliveira.com.br\/blog\/2017\/02\/09\/comite-nacional-de-prevencao-e-combate-a-tortura-repudia-indicacao-de-moraes\/img_1700\/\" data-orig-file=\"https:\/\/i0.wp.com\/blogdalucianaoliveira.com.br\/blog\/wp-content\/uploads\/2017\/02\/IMG_1700.jpg?fit=586%2C251\" data-orig-size=\"586,251\" data-comments-opened=\"0\" data-image-meta=\"{&quot;aperture&quot;:&quot;0&quot;,&quot;credit&quot;:&quot;&quot;,&quot;camera&quot;:&quot;&quot;,&quot;caption&quot;:&quot;&quot;,&quot;created_timestamp&quot;:&quot;0&quot;,&quot;copyright&quot;:&quot;&quot;,&quot;focal_length&quot;:&quot;0&quot;,&quot;iso&quot;:&quot;0&quot;,&quot;shutter_speed&quot;:&quot;0&quot;,&quot;title&quot;:&quot;&quot;,&quot;orientation&quot;:&quot;0&quot;}\" data-image-title=\"IMG_1700\" data-image-description=\"\" data-image-caption=\"\" data-medium-file=\"https:\/\/i0.wp.com\/blogdalucianaoliveira.com.br\/blog\/wp-content\/uploads\/2017\/02\/IMG_1700.jpg?fit=300%2C128\" data-large-file=\"https:\/\/i0.wp.com\/blogdalucianaoliveira.com.br\/blog\/wp-content\/uploads\/2017\/02\/IMG_1700.jpg?fit=586%2C251\" src=\"https:\/\/i0.wp.com\/blogdalucianaoliveira.com.br\/blog\/wp-content\/uploads\/2017\/02\/IMG_1700.jpg?resize=586%2C251\" alt=\"IMG_1700\" width=\"586\" height=\"251\" class=\"alignnone size-full wp-image-8409\" srcset=\"https:\/\/i0.wp.com\/blogdalucianaoliveira.com.br\/blog\/wp-content\/uploads\/2017\/02\/IMG_1700.jpg?w=586 586w, https:\/\/i0.wp.com\/blogdalucianaoliveira.com.br\/blog\/wp-content\/uploads\/2017\/02\/IMG_1700.jpg?resize=300%2C128 300w\" sizes=\"auto, (max-width: 586px) 100vw, 586px\" \/><\/p>\n<p>Nota do CNPCT sobre a indica\u00e7\u00e3o do senhor Alexandre de Moraes ao STF<!--more--><\/p>\n<p>1. O CNPCT, em reuni\u00e3o ordin\u00e1ria, vem, por meio desta nota p\u00fablica expor e requerer o que segue:<\/p>\n<p>1.1. Considerando que o Plano Nacional de Seguran\u00e7a P\u00fablica apresentado pelo ent\u00e3o Ministro da Justi\u00e7a e Cidadania, o Sr. Alexandre de Moraes, tem como centro a pol\u00edtica de encarceramento em massa refor\u00e7ando condi\u00e7\u00f5es favor\u00e1veis para a ocorr\u00eancia de tratamentos cru\u00e9is, desumanos e degradantes de modo estrutural e sistem\u00e1tico; <\/p>\n<p>1.2. Considerando que enquanto Secret\u00e1rio de Seguran\u00e7a P\u00fablica de SP, autorizou e aprovou opera\u00e7\u00f5es que atentaram contra direitos individuais e liberdades p\u00fablicas, mormente no apoio \u00e0 repress\u00e3o de manifesta\u00e7\u00f5es populares e estudantis;<\/p>\n<p>1.3. Ainda enquanto Secretario de Seguran\u00e7a P\u00fablica, a gest\u00e3o foi incapaz de deter ou mitigar os elevados \u00edndices de letalidade policial e de atos de abuso de autoridades, em   expl\u00edcito desrespeito ao rol de direitos fundamentais da Constitui\u00e7\u00e3o Federal;<\/p>\n<p>2. O Colegiado aprova a presente Nota de Rep\u00fadio \u00e0 indica\u00e7\u00e3o em quest\u00e3o para o honroso cargo de Ministro do Supremo Tribunal Federal;<\/p>\n<p>3. Neste sentido, o Colegiado solicita a cada um dos Senadores da Rep\u00fablica que vetem, pelos motivos expostos, o nome do senhor Alexandre de Moraes.<\/p>\n<p>Votaram a favor: GTNM-BA, RENILA, ASBRAD, CFP, SMDH, ANCED, IBCCRIM, ISER, Justi\u00e7a Global, CUT, Conectas<\/p>\n<p>Votaram contra: MRE, SEDH, CFOAB, MS, MEC, Casa Civil, Secretaria de Governo, SEPPIR, SPM, MDSA<\/p>\n","protected":false},"excerpt":{"rendered":"<p>Nota do CNPCT sobre a indica\u00e7\u00e3o do senhor Alexandre de Moraes ao STF<\/p>\n","protected":false},"author":1,"featured_media":0,"comment_status":"closed","ping_status":"open","sticky":false,"template":"","format":"standard","meta":{"_exactmetrics_skip_tracking":false,"_exactmetrics_sitenote_active":false,"_exactmetrics_sitenote_note":"","_exactmetrics_sitenote_category":0,"jetpack_post_was_ever_published":false,"_jetpack_newsletter_access":"","_jetpack_dont_email_post_to_subs":false,"_jetpack_newsletter_tier_id":0,"_jetpack_memberships_contains_paywalled_content":false,"_jetpack_memberships_contains_paid_content":false,"footnotes":"","jetpack_publicize_message":"","jetpack_publicize_feature_enabled":true,"jetpack_social_post_already_shared":true,"jetpack_social_options":{"image_generator_settings":{"template":"highway","enabled":false},"version":2}},"categories":[1],"tags":[],"class_list":["post-8408","post","type-post","status-publish","format-standard","hentry","category-notas"],"jetpack_publicize_connections":[],"jetpack_sharing_enabled":true,"jetpack_featured_media_url":"","jetpack_shortlink":"https:\/\/wp.me\/p7wKYW-2bC","jetpack-related-posts":[],"_links":{"self":[{"href":"http:\/\/blogdalucianaoliveira.com.br\/blog\/wp-json\/wp\/v2\/posts\/8408","targetHints":{"allow":["GET"]}}],"collection":[{"href":"http:\/\/blogdalucianaoliveira.com.br\/blog\/wp-json\/wp\/v2\/posts"}],"about":[{"href":"http:\/\/blogdalucianaoliveira.com.br\/blog\/wp-json\/wp\/v2\/types\/post"}],"author":[{"embeddable":true,"href":"http:\/\/blogdalucianaoliveira.com.br\/blog\/wp-json\/wp\/v2\/users\/1"}],"replies":[{"embeddable":true,"href":"http:\/\/blogdalucianaoliveira.com.br\/blog\/wp-json\/wp\/v2\/comments?post=8408"}],"version-history":[{"count":1,"href":"http:\/\/blogdalucianaoliveira.com.br\/blog\/wp-json\/wp\/v2\/posts\/8408\/revisions"}],"predecessor-version":[{"id":8410,"href":"http:\/\/blogdalucianaoliveira.com.br\/blog\/wp-json\/wp\/v2\/posts\/8408\/revisions\/8410"}],"wp:attachment":[{"href":"http:\/\/blogdalucianaoliveira.com.br\/blog\/wp-json\/wp\/v2\/media?parent=8408"}],"wp:term":[{"taxonomy":"category","embeddable":true,"href":"http:\/\/blogdalucianaoliveira.com.br\/blog\/wp-json\/wp\/v2\/categories?post=8408"},{"taxonomy":"post_tag","embeddable":true,"href":"http:\/\/blogdalucianaoliveira.com.br\/blog\/wp-json\/wp\/v2\/tags?post=8408"}],"curies":[{"name":"wp","href":"https:\/\/api.w.org\/{rel}","templated":true}]}}