{"id":8422,"date":"2017-02-09T18:22:36","date_gmt":"2017-02-09T22:22:36","guid":{"rendered":"http:\/\/blogdalucianaoliveira.com.br\/blog\/?p=8422"},"modified":"2017-02-09T18:30:38","modified_gmt":"2017-02-09T22:30:38","slug":"oab-trai-sociedade-votando-contra-repudio-de-comite-a-indicacao-de-moraes","status":"publish","type":"post","link":"http:\/\/blogdalucianaoliveira.com.br\/blog\/2017\/02\/09\/oab-trai-sociedade-votando-contra-repudio-de-comite-a-indicacao-de-moraes\/","title":{"rendered":"OAB TRAI SOCIEDADE VOTANDO CONTRA REP\u00daDIO DE COMIT\u00ca \u00c0 INDICA\u00c7\u00c3O DE MORAES"},"content":{"rendered":"<p> <img data-recalc-dims=\"1\" loading=\"lazy\" decoding=\"async\" data-attachment-id=\"8426\" data-permalink=\"http:\/\/blogdalucianaoliveira.com.br\/blog\/2017\/02\/09\/oab-trai-sociedade-votando-contra-repudio-de-comite-a-indicacao-de-moraes\/oabosta\/\" data-orig-file=\"https:\/\/i0.wp.com\/blogdalucianaoliveira.com.br\/blog\/wp-content\/uploads\/2017\/02\/oabosta.jpg?fit=565%2C412\" data-orig-size=\"565,412\" data-comments-opened=\"0\" data-image-meta=\"{&quot;aperture&quot;:&quot;0&quot;,&quot;credit&quot;:&quot;&quot;,&quot;camera&quot;:&quot;&quot;,&quot;caption&quot;:&quot;&quot;,&quot;created_timestamp&quot;:&quot;0&quot;,&quot;copyright&quot;:&quot;&quot;,&quot;focal_length&quot;:&quot;0&quot;,&quot;iso&quot;:&quot;0&quot;,&quot;shutter_speed&quot;:&quot;0&quot;,&quot;title&quot;:&quot;&quot;,&quot;orientation&quot;:&quot;0&quot;}\" data-image-title=\"oabosta\" data-image-description=\"\" data-image-caption=\"\" data-medium-file=\"https:\/\/i0.wp.com\/blogdalucianaoliveira.com.br\/blog\/wp-content\/uploads\/2017\/02\/oabosta.jpg?fit=300%2C219\" data-large-file=\"https:\/\/i0.wp.com\/blogdalucianaoliveira.com.br\/blog\/wp-content\/uploads\/2017\/02\/oabosta.jpg?fit=565%2C412\" src=\"https:\/\/i0.wp.com\/blogdalucianaoliveira.com.br\/blog\/wp-content\/uploads\/2017\/02\/oabosta.jpg?resize=565%2C412\" alt=\"oabosta\" width=\"565\" height=\"412\" class=\"alignnone size-full wp-image-8426\" srcset=\"https:\/\/i0.wp.com\/blogdalucianaoliveira.com.br\/blog\/wp-content\/uploads\/2017\/02\/oabosta.jpg?w=565 565w, https:\/\/i0.wp.com\/blogdalucianaoliveira.com.br\/blog\/wp-content\/uploads\/2017\/02\/oabosta.jpg?resize=300%2C219 300w, https:\/\/i0.wp.com\/blogdalucianaoliveira.com.br\/blog\/wp-content\/uploads\/2017\/02\/oabosta.jpg?resize=411%2C300 411w\" sizes=\"auto, (max-width: 565px) 100vw, 565px\" \/><\/p>\n<p>O colegiado do Comit\u00ea Nacional de Preven\u00e7\u00e3o e Combate \u00e0 Tortura, o CNPCT, composto por 23 membros, sendo 11 representantes de \u00f3rg\u00e3os federais e 12 da sociedade civil aprovou nota de rep\u00fadio \u00e0 indica\u00e7\u00e3o de Alexandre de Moraes ao Supremo Tribunal Federal.<!--more--><\/p>\n<p>E, inacreditavelmente, o representante da Ordem dos Advogados do Brasil, com assento entre as entidades que representam a sociedade civil, foi o \u00fanico a votar contra o nome indicado por Michel Temer para assumir vaga no Supremo, acompanhando os representantes do governo.<\/p>\n<p>Como venho alertando faz tempo, a institui\u00e7\u00e3o que se consagrou na luta com bandeiras hist\u00f3ricas como porta-voz da sociedade, perde cada vez mais protagonismo e respeito.<\/p>\n<p>Se omitiu ao golpe e se mant\u00e9m comprometida s\u00f3 com o discurso em defesa das prerrogativas da advocacia.<\/p>\n<p>Quando o ministro da Justi\u00e7a, Alexandre de Moraes, sugeriu a grava\u00e7\u00e3o de conversas entre advogados e presos em penitenci\u00e1rias de seguran\u00e7a m\u00e1xima, a OAB imediatamente manifestou rep\u00fadio.<\/p>\n<p>\u201c\u00c9 preciso que se repila mais essa agress\u00e3o \u00e0 advocacia, evitando-se a ado\u00e7\u00e3o de medida que viola o Estatuto da Advocacia, as garantias individuais e o direito de defesa. N\u00e3o \u00e9 admiss\u00edvel que um Ministro de Estado da Justi\u00e7a venha, publicamente, propor solu\u00e7\u00e3o que afronta a democracia e viola direitos b\u00e1sicos e fundamentais.<\/p>\n<p>A Ordem n\u00e3o compactua, nem nunca compactuar\u00e1, com o uso da condi\u00e7\u00e3o de advogado para fins estranhos ao efetivo exerc\u00edcio da defesa.<br \/>\nNesses casos, e quando deles informado, adota as medidas punitivas cab\u00edveis. No entanto, a generaliza\u00e7\u00e3o atenta contra o estado democr\u00e1tico e n\u00e3o pode ser aceita.<\/p>\n<p>Por isso, repelindo a manifesta\u00e7\u00e3o descabida do Sr. ministro da Justi\u00e7a, o Col\u00e9gio de Presidentes de Secionais da OAB e o Conselho Federal da Ordem dos Advogados afirmam sua disposi\u00e7\u00e3o de enfrentar, em todos os foros que forem necess\u00e1rios, proposta assim estapaf\u00fardia\u201d, dizia a nota do Conselho Federal.<\/p>\n<p>E agora, que o Comit\u00ea elencou raz\u00f5es mais que coerentes para impedir a posse de Moraes, o \u00fanico representante da sociedade civil a votar com o governo, foi o da OAB.<\/p>\n<p>A OAB trai novamente a sociedade e macula a mem\u00f3ria de gloriosos r\u00e1bulas que foram precursores de t\u00e3o importante atividade.<\/p>\n<p>Nota do CNPCT:<\/p>\n<p>Nota do CNPCT sobre a indica\u00e7\u00e3o do senhor Alexandre de Moraes ao STF<\/p>\n<p>1. O CNPCT, em reuni\u00e3o ordin\u00e1ria, vem, por meio desta nota p\u00fablica expor e requerer o que segue:<\/p>\n<p>1.1. Considerando que o Plano Nacional de Seguran\u00e7a P\u00fablica apresentado pelo ent\u00e3o Ministro da Justi\u00e7a e Cidadania, o Sr. Alexandre de Moraes, tem como centro a pol\u00edtica de encarceramento em massa refor\u00e7ando condi\u00e7\u00f5es favor\u00e1veis para a ocorr\u00eancia de tratamentos cru\u00e9is, desumanos e degradantes de modo estrutural e sistem\u00e1tico;<\/p>\n<p>1.2. Considerando que enquanto Secret\u00e1rio de Seguran\u00e7a P\u00fablica de SP, autorizou e aprovou opera\u00e7\u00f5es que atentaram contra direitos individuais e liberdades p\u00fablicas, mormente no apoio \u00e0 repress\u00e3o de manifesta\u00e7\u00f5es populares e estudantis;<\/p>\n<p>1.3. Ainda enquanto Secretario de Seguran\u00e7a P\u00fablica, a gest\u00e3o foi incapaz de deter ou mitigar os elevados \u00edndices de letalidade policial e de atos de abuso de autoridades, em expl\u00edcito desrespeito ao rol de direitos fundamentais da Constitui\u00e7\u00e3o Federal;<\/p>\n<p>2. O Colegiado aprova a presente Nota de Rep\u00fadio \u00e0 indica\u00e7\u00e3o em quest\u00e3o para o honroso cargo de Ministro do Supremo Tribunal Federal;<\/p>\n<p>3. Neste sentido, o Colegiado solicita a cada um dos Senadores da Rep\u00fablica que vetem, pelos motivos expostos, o nome do senhor Alexandre de Moraes.<\/p>\n<p>Votaram a favor: GTNM-BA, RENILA, ASBRAD, CFP, SMDH, ANCED, IBCCRIM, ISER, Justi\u00e7a Global, CUT, Conectas<\/p>\n<p>Votaram contra: MRE, SEDH, CFOAB, MS, MEC, Casa Civil, Secretaria de Governo, SEPPIR, SPM, MDSA<\/p>\n","protected":false},"excerpt":{"rendered":"<p>O colegiado do Comit\u00ea Nacional de Preven\u00e7\u00e3o e Combate \u00e0 Tortura, o CNPCT, composto por 23 membros, sendo 11 representantes de \u00f3rg\u00e3os federais e 12 da sociedade civil aprovou nota de rep\u00fadio \u00e0 indica\u00e7\u00e3o de Alexandre de Moraes ao Supremo Tribunal Federal.<\/p>\n","protected":false},"author":1,"featured_media":8426,"comment_status":"closed","ping_status":"open","sticky":false,"template":"","format":"standard","meta":{"_exactmetrics_skip_tracking":false,"_exactmetrics_sitenote_active":false,"_exactmetrics_sitenote_note":"","_exactmetrics_sitenote_category":0,"jetpack_post_was_ever_published":false,"_jetpack_newsletter_access":"","_jetpack_dont_email_post_to_subs":false,"_jetpack_newsletter_tier_id":0,"_jetpack_memberships_contains_paywalled_content":false,"_jetpack_memberships_contains_paid_content":false,"footnotes":"","jetpack_publicize_message":"","jetpack_publicize_feature_enabled":true,"jetpack_social_post_already_shared":true,"jetpack_social_options":{"image_generator_settings":{"template":"highway","enabled":false},"version":2}},"categories":[1],"tags":[],"class_list":["post-8422","post","type-post","status-publish","format-standard","has-post-thumbnail","hentry","category-notas"],"jetpack_publicize_connections":[],"jetpack_sharing_enabled":true,"jetpack_featured_media_url":"https:\/\/i0.wp.com\/blogdalucianaoliveira.com.br\/blog\/wp-content\/uploads\/2017\/02\/oabosta.jpg?fit=565%2C412","jetpack_shortlink":"https:\/\/wp.me\/p7wKYW-2bQ","jetpack-related-posts":[],"_links":{"self":[{"href":"http:\/\/blogdalucianaoliveira.com.br\/blog\/wp-json\/wp\/v2\/posts\/8422","targetHints":{"allow":["GET"]}}],"collection":[{"href":"http:\/\/blogdalucianaoliveira.com.br\/blog\/wp-json\/wp\/v2\/posts"}],"about":[{"href":"http:\/\/blogdalucianaoliveira.com.br\/blog\/wp-json\/wp\/v2\/types\/post"}],"author":[{"embeddable":true,"href":"http:\/\/blogdalucianaoliveira.com.br\/blog\/wp-json\/wp\/v2\/users\/1"}],"replies":[{"embeddable":true,"href":"http:\/\/blogdalucianaoliveira.com.br\/blog\/wp-json\/wp\/v2\/comments?post=8422"}],"version-history":[{"count":4,"href":"http:\/\/blogdalucianaoliveira.com.br\/blog\/wp-json\/wp\/v2\/posts\/8422\/revisions"}],"predecessor-version":[{"id":8428,"href":"http:\/\/blogdalucianaoliveira.com.br\/blog\/wp-json\/wp\/v2\/posts\/8422\/revisions\/8428"}],"wp:featuredmedia":[{"embeddable":true,"href":"http:\/\/blogdalucianaoliveira.com.br\/blog\/wp-json\/wp\/v2\/media\/8426"}],"wp:attachment":[{"href":"http:\/\/blogdalucianaoliveira.com.br\/blog\/wp-json\/wp\/v2\/media?parent=8422"}],"wp:term":[{"taxonomy":"category","embeddable":true,"href":"http:\/\/blogdalucianaoliveira.com.br\/blog\/wp-json\/wp\/v2\/categories?post=8422"},{"taxonomy":"post_tag","embeddable":true,"href":"http:\/\/blogdalucianaoliveira.com.br\/blog\/wp-json\/wp\/v2\/tags?post=8422"}],"curies":[{"name":"wp","href":"https:\/\/api.w.org\/{rel}","templated":true}]}}