{"id":8429,"date":"2017-02-10T08:59:03","date_gmt":"2017-02-10T12:59:03","guid":{"rendered":"http:\/\/blogdalucianaoliveira.com.br\/blog\/?p=8429"},"modified":"2017-02-10T09:04:35","modified_gmt":"2017-02-10T13:04:35","slug":"a-historia-de-oab","status":"publish","type":"post","link":"http:\/\/blogdalucianaoliveira.com.br\/blog\/2017\/02\/10\/a-historia-de-oab\/","title":{"rendered":"A Hist\u00f3ria de O(AB)"},"content":{"rendered":"<p><img data-recalc-dims=\"1\" loading=\"lazy\" decoding=\"async\" data-attachment-id=\"8432\" data-permalink=\"http:\/\/blogdalucianaoliveira.com.br\/blog\/2017\/02\/10\/a-historia-de-oab\/img_1734-2\/\" data-orig-file=\"https:\/\/i0.wp.com\/blogdalucianaoliveira.com.br\/blog\/wp-content\/uploads\/2017\/02\/IMG_1734-1.jpg?fit=273%2C184\" data-orig-size=\"273,184\" data-comments-opened=\"0\" data-image-meta=\"{&quot;aperture&quot;:&quot;0&quot;,&quot;credit&quot;:&quot;&quot;,&quot;camera&quot;:&quot;&quot;,&quot;caption&quot;:&quot;&quot;,&quot;created_timestamp&quot;:&quot;0&quot;,&quot;copyright&quot;:&quot;&quot;,&quot;focal_length&quot;:&quot;0&quot;,&quot;iso&quot;:&quot;0&quot;,&quot;shutter_speed&quot;:&quot;0&quot;,&quot;title&quot;:&quot;&quot;,&quot;orientation&quot;:&quot;0&quot;}\" data-image-title=\"IMG_1734\" data-image-description=\"\" data-image-caption=\"\" data-medium-file=\"https:\/\/i0.wp.com\/blogdalucianaoliveira.com.br\/blog\/wp-content\/uploads\/2017\/02\/IMG_1734-1.jpg?fit=273%2C184\" data-large-file=\"https:\/\/i0.wp.com\/blogdalucianaoliveira.com.br\/blog\/wp-content\/uploads\/2017\/02\/IMG_1734-1.jpg?fit=273%2C184\" src=\"https:\/\/i0.wp.com\/blogdalucianaoliveira.com.br\/blog\/wp-content\/uploads\/2017\/02\/IMG_1734-1.jpg?resize=273%2C184\" alt=\"IMG_1734\" width=\"273\" height=\"184\" class=\"alignnone size-full wp-image-8432\" \/><\/p>\n<p>Por Vin\u00edcius Miguel <\/p>\n<p>&#8221; Voc\u00ea nunca a amarrou?<br \/>\n_ N\u00e3o, nunca.<br \/>\n_ Nem a chicoteou? <!--more--><\/p>\n<p>_ Tamb\u00e9m n\u00e3o, mas justamente &#8230;<br \/>\nEra seu amante quem respondia.<br \/>\n_ Justamente _ disse a outra voz _ amarr\u00e1-la algumas vezes, chicote\u00e1-la um pouco, e<br \/>\npermitir que tome gosto nisso, n\u00e3o. \u00c9 preciso ultrapassar o momento do prazer, para se<br \/>\nobterem as l\u00e1grimas.&#8221;<\/p>\n<p>O livro, um cl\u00e1ssico da literatura er\u00f3tica francesa, da lavra de Pauline Reage abalou o mundo em 1954.<\/p>\n<p>A narrativa \u00e9 um primor e merece ser lida. Na obra, a anti-hero\u00edna &#8220;O&#8221; \u00e9 levada por Ren\u00e9 e, depois, pelo meio irm\u00e3o deste, Sir Stephan, a conhecer o amb\u00edguo submundo do prazer obtido pela dor: ela \u00e9 seviciada e submetida a todas as tormentas poss\u00edveis.<\/p>\n<p>Sua resigna\u00e7\u00e3o (interpretada como uma das tantas formas do amar) imp\u00f5e at\u00e9 mesmo a marca\u00e7\u00e3o a ferro quente com as iniciais de seu dono.<\/p>\n<p>Assim, na l\u00f3gica contradit\u00f3ria do prazer e da dor deve ser examinado o posicionamento externado hoje (09\/02\/2017) pela representa\u00e7\u00e3o da Ordem dos Advogados do Brasil no Comit\u00ea Nacional de Preven\u00e7\u00e3o e Combate \u00e0 Tortura.<\/p>\n<p>A Hist\u00f3ria de O(AB), nesse caso, se apresenta com a posi\u00e7\u00e3o defendida contra nota de rep\u00fadio \u00e0 indica\u00e7\u00e3o de Alexandre de Moraes ao STF, nota proposta por in\u00fameras organiza\u00e7\u00f5es.<\/p>\n<p>A nota menciona(va) exclusivamente que Moraes n\u00e3o \u00e9 um nome adequado por apresentar posi\u00e7\u00f5es que afrontam os direitos fundamentais. <\/p>\n<p>No caso da Advocacia (com A mai\u00fasculo), a posi\u00e7\u00e3o colidente de Moraes enquanto Ministro da (In)Justi\u00e7a \u00e9 ainda mais evidente.<\/p>\n<p>Foi sob sua gest\u00e3o que emergiu portaria (n. 04, de 28\/06\/2016) que 1) limitou o n\u00famero de atendimentos do advogado a um por semana, 2) restringindo a um \u00fanico caus\u00eddico, 3) coartando o tempo de atendimento a uma \u00fanica hora. A malfadada normativa tamb\u00e9m 4) impedia que advogados ingressassem com c\u00f3pias dos processos.<\/p>\n<p>N\u00e3o menos pol\u00eamica, foi a proposta do pr\u00f3prio Ministro para que os atendimentos do advogado com o r\u00e9u\/cliente fossem gravados, sodomizando (tal qual &#8220;O&#8221; o fora) o Estatuto da Advocacia.<\/p>\n<p>A posi\u00e7\u00e3o da OAB no referido colegiado \u00e9 em desacordo com a totalidade da leitura da sociedade civil (todas as outras onze organiza\u00e7\u00f5es nacionais de direitos humanos foram favor\u00e1veis \u00e0 nota). \u00c9 um contrassenso com a defesa a de prerrogativas advocat\u00edcias.<\/p>\n<p>Outrossim, tal qual &#8220;O&#8221;, a Advocacia parece deleitar-se com a sensa\u00e7\u00e3o de ser aviltada e, disso, obter o gozo. <\/p>\n<p>S\u00f3 essa din\u00e2mica masoquista que permite compreender a vota\u00e7\u00e3o em quest\u00e3o.<\/p>\n<p>Da obra de Pauline Reage, a conclus\u00e3o: &#8220;como se ele pr\u00f3prio estivesse no seu corpo e tivesse experimentado a inquieta\u00e7\u00e3o, a<br \/>\nang\u00fastia, a vergonha, mas tamb\u00e9m o orgulho secreto e o prazer dilacerante (&#8230;)&#8221;.<\/p>\n<p>Vin\u00edcius Miguel \u00e9 advogado em Rond\u00f4nia, membro do Comit\u00ea Nacional de Prote\u00e7\u00e3o e Combate \u00e0 Tortura <\/p>\n","protected":false},"excerpt":{"rendered":"<p>Por Vin\u00edcius Miguel &#8221; Voc\u00ea nunca a amarrou? _ N\u00e3o, nunca. _ Nem a chicoteou?<\/p>\n","protected":false},"author":1,"featured_media":8432,"comment_status":"closed","ping_status":"open","sticky":false,"template":"","format":"standard","meta":{"_exactmetrics_skip_tracking":false,"_exactmetrics_sitenote_active":false,"_exactmetrics_sitenote_note":"","_exactmetrics_sitenote_category":0,"jetpack_post_was_ever_published":false,"_jetpack_newsletter_access":"","_jetpack_dont_email_post_to_subs":false,"_jetpack_newsletter_tier_id":0,"_jetpack_memberships_contains_paywalled_content":false,"_jetpack_memberships_contains_paid_content":false,"footnotes":"","jetpack_publicize_message":"","jetpack_publicize_feature_enabled":true,"jetpack_social_post_already_shared":true,"jetpack_social_options":{"image_generator_settings":{"template":"highway","enabled":false},"version":2}},"categories":[1],"tags":[],"class_list":["post-8429","post","type-post","status-publish","format-standard","has-post-thumbnail","hentry","category-notas"],"jetpack_publicize_connections":[],"jetpack_sharing_enabled":true,"jetpack_featured_media_url":"https:\/\/i0.wp.com\/blogdalucianaoliveira.com.br\/blog\/wp-content\/uploads\/2017\/02\/IMG_1734-1.jpg?fit=273%2C184","jetpack_shortlink":"https:\/\/wp.me\/p7wKYW-2bX","jetpack-related-posts":[],"_links":{"self":[{"href":"http:\/\/blogdalucianaoliveira.com.br\/blog\/wp-json\/wp\/v2\/posts\/8429","targetHints":{"allow":["GET"]}}],"collection":[{"href":"http:\/\/blogdalucianaoliveira.com.br\/blog\/wp-json\/wp\/v2\/posts"}],"about":[{"href":"http:\/\/blogdalucianaoliveira.com.br\/blog\/wp-json\/wp\/v2\/types\/post"}],"author":[{"embeddable":true,"href":"http:\/\/blogdalucianaoliveira.com.br\/blog\/wp-json\/wp\/v2\/users\/1"}],"replies":[{"embeddable":true,"href":"http:\/\/blogdalucianaoliveira.com.br\/blog\/wp-json\/wp\/v2\/comments?post=8429"}],"version-history":[{"count":2,"href":"http:\/\/blogdalucianaoliveira.com.br\/blog\/wp-json\/wp\/v2\/posts\/8429\/revisions"}],"predecessor-version":[{"id":8433,"href":"http:\/\/blogdalucianaoliveira.com.br\/blog\/wp-json\/wp\/v2\/posts\/8429\/revisions\/8433"}],"wp:featuredmedia":[{"embeddable":true,"href":"http:\/\/blogdalucianaoliveira.com.br\/blog\/wp-json\/wp\/v2\/media\/8432"}],"wp:attachment":[{"href":"http:\/\/blogdalucianaoliveira.com.br\/blog\/wp-json\/wp\/v2\/media?parent=8429"}],"wp:term":[{"taxonomy":"category","embeddable":true,"href":"http:\/\/blogdalucianaoliveira.com.br\/blog\/wp-json\/wp\/v2\/categories?post=8429"},{"taxonomy":"post_tag","embeddable":true,"href":"http:\/\/blogdalucianaoliveira.com.br\/blog\/wp-json\/wp\/v2\/tags?post=8429"}],"curies":[{"name":"wp","href":"https:\/\/api.w.org\/{rel}","templated":true}]}}