{"id":8452,"date":"2017-02-10T10:17:30","date_gmt":"2017-02-10T14:17:30","guid":{"rendered":"http:\/\/blogdalucianaoliveira.com.br\/blog\/?p=8452"},"modified":"2017-02-11T00:05:47","modified_gmt":"2017-02-11T04:05:47","slug":"uma-triste-historia-da-camara-de-vereadores-da-pujante-e-promissora-vilhena","status":"publish","type":"post","link":"http:\/\/blogdalucianaoliveira.com.br\/blog\/2017\/02\/10\/uma-triste-historia-da-camara-de-vereadores-da-pujante-e-promissora-vilhena\/","title":{"rendered":"Uma triste hist\u00f3ria da C\u00e2mara de Vereadores da pujante e promissora Vilhena"},"content":{"rendered":"<p><img data-recalc-dims=\"1\" loading=\"lazy\" decoding=\"async\" data-attachment-id=\"8453\" data-permalink=\"http:\/\/blogdalucianaoliveira.com.br\/blog\/2017\/02\/10\/uma-triste-historia-da-camara-de-vereadores-da-pujante-e-promissora-vilhena\/dona\/\" data-orig-file=\"https:\/\/i0.wp.com\/blogdalucianaoliveira.com.br\/blog\/wp-content\/uploads\/2017\/02\/dona.jpg?fit=291%2C173\" data-orig-size=\"291,173\" data-comments-opened=\"0\" data-image-meta=\"{&quot;aperture&quot;:&quot;0&quot;,&quot;credit&quot;:&quot;&quot;,&quot;camera&quot;:&quot;&quot;,&quot;caption&quot;:&quot;&quot;,&quot;created_timestamp&quot;:&quot;0&quot;,&quot;copyright&quot;:&quot;&quot;,&quot;focal_length&quot;:&quot;0&quot;,&quot;iso&quot;:&quot;0&quot;,&quot;shutter_speed&quot;:&quot;0&quot;,&quot;title&quot;:&quot;&quot;,&quot;orientation&quot;:&quot;0&quot;}\" data-image-title=\"dona\" data-image-description=\"\" data-image-caption=\"\" data-medium-file=\"https:\/\/i0.wp.com\/blogdalucianaoliveira.com.br\/blog\/wp-content\/uploads\/2017\/02\/dona.jpg?fit=291%2C173\" data-large-file=\"https:\/\/i0.wp.com\/blogdalucianaoliveira.com.br\/blog\/wp-content\/uploads\/2017\/02\/dona.jpg?fit=291%2C173\" src=\"https:\/\/i0.wp.com\/blogdalucianaoliveira.com.br\/blog\/wp-content\/uploads\/2017\/02\/dona.jpg?resize=291%2C173\" alt=\"dona\" width=\"291\" height=\"173\" class=\"alignnone size-full wp-image-8453\" \/><\/p>\n<p>No blog Legis-Ativo do Estad\u00e3o<br \/>\nPor Jo\u00e3o Paulo Viana<!--more--><\/p>\n<p>Fundado em 1977, durante o regime militar, o munic\u00edpio de Vilhena \u00e9 um dos mais desenvolvidos do jovem estado de Rond\u00f4nia. A cidade encontra-se localizada na regi\u00e3o do cone sul do estado, pr\u00f3ximo \u00e0 divisa com o Mato Grosso, e conta atualmente com uma popula\u00e7\u00e3o de aproximadamente 100 mil habitantes. <\/p>\n<p>O processo de coloniza\u00e7\u00e3o do munic\u00edpio se deu majoritariamente por imigrantes sulinos, provenientes dos estados do Paran\u00e1, Santa Catarina e Rio Grande do Sul. Importante produtor de soja, milho, arroz, caf\u00e9 e feij\u00e3o, Vilhena tamb\u00e9m se destaca na pecu\u00e1ria com um dos maiores rebanhos do estado. No passado, a extra\u00e7\u00e3o de madeira exerceu forte influ\u00eancia na economia municipal. Trata-se de uma regi\u00e3o promissora, numa unidade federada que apresenta taxas de crescimento bem superiores \u00e0 m\u00e9dia nacional.<\/p>\n<p>No plano pol\u00edtico, Vilhena possui uma hist\u00f3ria bastante conturbada. A cidade foi governada durante mais de uma d\u00e9cada pela fam\u00edlia Donadon, um dos mais poderosos cl\u00e3s da pol\u00edtica rondoniense durante os anos de 1990 e 2000. De trajet\u00f3ria bastante controversa, os Donadon administraram o munic\u00edpio em per\u00edodo de grande desenvolvimento. Mesmo ap\u00f3s a condena\u00e7\u00e3o e o afastamento da vida p\u00fablica, decretados pela Justi\u00e7a, de seus principais caciques, Melki, Natan e Marco Ant\u00f4nio, e longe de se comparar aos anos dourados do dom\u00ednio do cl\u00e3 na pol\u00edtica estadual, a fam\u00edlia det\u00e9m ainda hoje grande prest\u00edgio pol\u00edtico e eleitoral na regi\u00e3o. Principalmente depois do fracasso da gest\u00e3o do prefeito Jos\u00e9 Luiz Rover (PP), lideran\u00e7a que chegou ao poder em oposi\u00e7\u00e3o aos Donadon, mas ap\u00f3s oito anos viu sua administra\u00e7\u00e3o chegar ao fim de forma melanc\u00f3lica, com a pris\u00e3o de Rover e seu vice, Jacier Rosa Dias (PSC), em novembro de 2016, ainda no exerc\u00edcio do mandato.<\/p>\n<p>Nesse contexto, a elei\u00e7\u00e3o municipal de 2016 foi marcada pelo retorno do cl\u00e3 Donadon ao poder na cidade, com a vit\u00f3ria nas urnas de Rosani Donadon (PMDB), esposa do ex-prefeito Melki Donadon. Apesar de empossada no cargo, o mandato de Rosani encontra-se sub judice, em a\u00e7\u00e3o movida pelo Minist\u00e9rio P\u00fablico Eleitoral, sob a alega\u00e7\u00e3o de abuso de poder pol\u00edtico e econ\u00f4mico nas elei\u00e7\u00f5es de 2008, quando ela foi candidata a vice-prefeita, na chapa do esposo, Melki. A fam\u00edlia tamb\u00e9m possui uma representante na Assembleia Legislativa do Estado, Ros\u00e2ngela Donadon (PMDB), al\u00e9m de um vereador na cidade, J\u00fanior Donadon (PSD).<\/p>\n<p>\u00c9 justamente na C\u00e2mara Municipal de Vilhena que reside atualmente o foco da profunda crise pol\u00edtica que abala o munic\u00edpio. Entre outubro e novembro de 2016, sete vereadores, de um total de 10 parlamentares, tiveram a pris\u00e3o decretada pela Pol\u00edcia Federal, sob a acusa\u00e7\u00e3o de corrup\u00e7\u00e3o e lavagem de dinheiro. Conforme as investiga\u00e7\u00f5es, os vereadores participavam de um esquema de corrup\u00e7\u00e3o para a aprova\u00e7\u00e3o de loteamentos no munic\u00edpio. Na elei\u00e7\u00e3o de 2016, tr\u00eas deles, Carmozino Moreira (PSDC), J\u00fanior Donadon (PSD) e Vanderlei Graebin (PSC), foram reeleitos para o cargo, sendo diplomados e, posteriormente, empossados. Ap\u00f3s a cerim\u00f4nia de posse, os vereadores retornaram para Porto Velho, onde se encontram presos. Ainda em janeiro deste ano, a Justi\u00e7a determinou o pagamento de sal\u00e1rios aos parlamentares presos, ap\u00f3s a C\u00e2mara de Vereadores, em vota\u00e7\u00e3o un\u00e2nime, suspender a remunera\u00e7\u00e3o. At\u00e9 ent\u00e3o, apenas J\u00fanior Donadon, no m\u00eas de dezembro, havia conseguido na Justi\u00e7a o direito ao recebimento de sal\u00e1rio.<\/p>\n<p>No dia 31 de janeiro, a C\u00e2mara de Vereadores de Vilhena aprovou a instaura\u00e7\u00e3o de uma Comiss\u00e3o Parlamentar de Inqu\u00e9rito (CPI) para investigar os vereadores presos. Nove, num total de 10 parlamentares, foram favor\u00e1veis ao recebimento da den\u00fancia, protocolada em meados de janeiro, logo ap\u00f3s a posse dos representantes presos. No \u00faltimo final de semana, os tr\u00eas vereadores foram notificados na pris\u00e3o sobre a CPI que pode cassar seus mandatos. Eles ter\u00e3o 10 dias para apresentar defesa contra a cassa\u00e7\u00e3o. Posteriormente, os membros da CPI decidir\u00e3o sobre o arquivamento ou a continuidade do processo, tendo a comiss\u00e3o o prazo de 90 dias, a contar da data de notifica\u00e7\u00e3o dos vereadores, para concluir o processo. Caso o julgamento n\u00e3o ocorra nesse prazo, o processo ser\u00e1 arquivado. Para a cassa\u00e7\u00e3o dos acusados, ser\u00e1 necess\u00e1rio o voto de 2\/3 dos representantes da casa legislativa de Vilhena.<\/p>\n<p>O caso da C\u00e2mara de Vereadores de Vilhena n\u00e3o \u00e9 singular. Certamente, em muitos munic\u00edpios do pa\u00eds a corrup\u00e7\u00e3o se alastra pelo Poder Legislativo. N\u00e3o obstante, vale uma reflex\u00e3o acerca do papel dos partidos pol\u00edticos nesse processo. \u00c9 necess\u00e1rio que as legendas partid\u00e1rias exer\u00e7am a puni\u00e7\u00e3o desses parlamentares. Trata-se de uma situa\u00e7\u00e3o bastante complexa, em que o partido permite que um representante preso continue exercendo o mandato filiado \u00e0 legenda. <\/p>\n<p>Se a Lei da Ficha Limpa representou um avan\u00e7o e uma conquista da sociedade brasileira, ela j\u00e1 demonstrou que n\u00e3o pode tudo. As agremia\u00e7\u00f5es partid\u00e1rias precisam realizar um filtro \u00e9tico e moral de seus filiados e mandat\u00e1rios, assim como puni-los com a expuls\u00e3o. Casos como esse apenas contribuem negativamente para a perpetua\u00e7\u00e3o do descr\u00e9dito dos cidad\u00e3os em rela\u00e7\u00e3o \u00e0 representa\u00e7\u00e3o pol\u00edtica e aos partidos, j\u00e1 t\u00e3o desmoralizados perante a opini\u00e3o p\u00fablica.<\/p>\n<p>Jo\u00e3o Paulo Viana \u00e9 professor do Departamento de Ci\u00eancias Sociais da Universidade Federal de Rond\u00f4nia (DCS\/UNIR). Doutorando em Ci\u00eancia Pol\u00edtica na Universidade Estadual de Campinas (UNICAMP).<\/p>\n","protected":false},"excerpt":{"rendered":"<p>No blog Legis-Ativo do Estad\u00e3o Por Jo\u00e3o Paulo Viana<\/p>\n","protected":false},"author":1,"featured_media":8453,"comment_status":"closed","ping_status":"open","sticky":false,"template":"","format":"standard","meta":{"_exactmetrics_skip_tracking":false,"_exactmetrics_sitenote_active":false,"_exactmetrics_sitenote_note":"","_exactmetrics_sitenote_category":0,"jetpack_post_was_ever_published":false,"_jetpack_newsletter_access":"","_jetpack_dont_email_post_to_subs":false,"_jetpack_newsletter_tier_id":0,"_jetpack_memberships_contains_paywalled_content":false,"_jetpack_memberships_contains_paid_content":false,"footnotes":"","jetpack_publicize_message":"","jetpack_publicize_feature_enabled":true,"jetpack_social_post_already_shared":true,"jetpack_social_options":{"image_generator_settings":{"template":"highway","enabled":false},"version":2}},"categories":[1],"tags":[],"class_list":["post-8452","post","type-post","status-publish","format-standard","has-post-thumbnail","hentry","category-notas"],"jetpack_publicize_connections":[],"jetpack_sharing_enabled":true,"jetpack_featured_media_url":"https:\/\/i0.wp.com\/blogdalucianaoliveira.com.br\/blog\/wp-content\/uploads\/2017\/02\/dona.jpg?fit=291%2C173","jetpack_shortlink":"https:\/\/wp.me\/p7wKYW-2ck","jetpack-related-posts":[],"_links":{"self":[{"href":"http:\/\/blogdalucianaoliveira.com.br\/blog\/wp-json\/wp\/v2\/posts\/8452","targetHints":{"allow":["GET"]}}],"collection":[{"href":"http:\/\/blogdalucianaoliveira.com.br\/blog\/wp-json\/wp\/v2\/posts"}],"about":[{"href":"http:\/\/blogdalucianaoliveira.com.br\/blog\/wp-json\/wp\/v2\/types\/post"}],"author":[{"embeddable":true,"href":"http:\/\/blogdalucianaoliveira.com.br\/blog\/wp-json\/wp\/v2\/users\/1"}],"replies":[{"embeddable":true,"href":"http:\/\/blogdalucianaoliveira.com.br\/blog\/wp-json\/wp\/v2\/comments?post=8452"}],"version-history":[{"count":3,"href":"http:\/\/blogdalucianaoliveira.com.br\/blog\/wp-json\/wp\/v2\/posts\/8452\/revisions"}],"predecessor-version":[{"id":8468,"href":"http:\/\/blogdalucianaoliveira.com.br\/blog\/wp-json\/wp\/v2\/posts\/8452\/revisions\/8468"}],"wp:featuredmedia":[{"embeddable":true,"href":"http:\/\/blogdalucianaoliveira.com.br\/blog\/wp-json\/wp\/v2\/media\/8453"}],"wp:attachment":[{"href":"http:\/\/blogdalucianaoliveira.com.br\/blog\/wp-json\/wp\/v2\/media?parent=8452"}],"wp:term":[{"taxonomy":"category","embeddable":true,"href":"http:\/\/blogdalucianaoliveira.com.br\/blog\/wp-json\/wp\/v2\/categories?post=8452"},{"taxonomy":"post_tag","embeddable":true,"href":"http:\/\/blogdalucianaoliveira.com.br\/blog\/wp-json\/wp\/v2\/tags?post=8452"}],"curies":[{"name":"wp","href":"https:\/\/api.w.org\/{rel}","templated":true}]}}