{"id":8458,"date":"2017-02-10T11:55:38","date_gmt":"2017-02-10T15:55:38","guid":{"rendered":"http:\/\/blogdalucianaoliveira.com.br\/blog\/?p=8458"},"modified":"2017-02-10T18:33:28","modified_gmt":"2017-02-10T22:33:28","slug":"14-anos-de-folia-juntos-na-banda-do-vai-quem-quer","status":"publish","type":"post","link":"http:\/\/blogdalucianaoliveira.com.br\/blog\/2017\/02\/10\/14-anos-de-folia-juntos-na-banda-do-vai-quem-quer\/","title":{"rendered":"14 anos de folia, juntos, na Banda do Vai Quem Quer"},"content":{"rendered":"<p><img data-recalc-dims=\"1\" loading=\"lazy\" decoding=\"async\" data-attachment-id=\"8462\" data-permalink=\"http:\/\/blogdalucianaoliveira.com.br\/blog\/2017\/02\/10\/14-anos-de-folia-juntos-na-banda-do-vai-quem-quer\/amord\/\" data-orig-file=\"https:\/\/i0.wp.com\/blogdalucianaoliveira.com.br\/blog\/wp-content\/uploads\/2017\/02\/amord.jpg?fit=509%2C719\" data-orig-size=\"509,719\" data-comments-opened=\"0\" data-image-meta=\"{&quot;aperture&quot;:&quot;0&quot;,&quot;credit&quot;:&quot;&quot;,&quot;camera&quot;:&quot;&quot;,&quot;caption&quot;:&quot;&quot;,&quot;created_timestamp&quot;:&quot;0&quot;,&quot;copyright&quot;:&quot;&quot;,&quot;focal_length&quot;:&quot;0&quot;,&quot;iso&quot;:&quot;0&quot;,&quot;shutter_speed&quot;:&quot;0&quot;,&quot;title&quot;:&quot;&quot;,&quot;orientation&quot;:&quot;0&quot;}\" data-image-title=\"amord\" data-image-description=\"\" data-image-caption=\"\" data-medium-file=\"https:\/\/i0.wp.com\/blogdalucianaoliveira.com.br\/blog\/wp-content\/uploads\/2017\/02\/amord.jpg?fit=212%2C300\" data-large-file=\"https:\/\/i0.wp.com\/blogdalucianaoliveira.com.br\/blog\/wp-content\/uploads\/2017\/02\/amord.jpg?fit=509%2C719\" src=\"https:\/\/i0.wp.com\/blogdalucianaoliveira.com.br\/blog\/wp-content\/uploads\/2017\/02\/amord.jpg?resize=509%2C719\" alt=\"amord\" width=\"509\" height=\"719\" class=\"alignnone size-full wp-image-8462\" srcset=\"https:\/\/i0.wp.com\/blogdalucianaoliveira.com.br\/blog\/wp-content\/uploads\/2017\/02\/amord.jpg?w=509 509w, https:\/\/i0.wp.com\/blogdalucianaoliveira.com.br\/blog\/wp-content\/uploads\/2017\/02\/amord.jpg?resize=212%2C300 212w\" sizes=\"auto, (max-width: 509px) 100vw, 509px\" \/><\/p>\n<p>A paquera come\u00e7ou uns dias antes do desfile da BVQQ em 2003, mas foi em cima do trio que tive certeza que n\u00e3o era amor pra um s\u00f3 carnaval.<!--more--><\/p>\n<p>Era editora do Di\u00e1rio da Amaz\u00f4nia, um jornal que \u00e0 \u00e9poca tinha o compromisso de fechar a minha p\u00e1gina e ajudar a selecionar as mat\u00e9rias que iriam na capa.<\/p>\n<p>A foto da manchete naquele dia era do fabuloso cortejo do maior bloco da regi\u00e3o Norte e a deixei separada antes partir pro desfile.<\/p>\n<p>Ao soar dos clarins de Momo, em cima do trio que come\u00e7ava a arrastar a multid\u00e3o, meu chefe ligou pedindo que voltasse \u00e0 reda\u00e7\u00e3o para escolher outra foto.<\/p>\n<p>Imagine minha ang\u00fastia, porque ao sair dali dificilmente encontraria ele de novo no meio de cem mil pessoas.<\/p>\n<p>Ele, colaborador do bloco, que n\u00e3o podia se afastar no momento mais emblem\u00e1tico que \u00e9 a abertura do desfile, segurou minha m\u00e3o e disse: \u201cN\u00e3o vou te perder. Vou junto!\u201d<\/p>\n<p>Todos os pelos do meu corpo arrepiaram ao som da marchinha que sacudia a multid\u00e3o.<\/p>\n<p>Naquele momento, por aquele gesto, tive certeza que o destino n\u00e3o havia nos unido para viver um s\u00f3 carnaval, um \u00fanico desfile da Banda.<\/p>\n<p>Estamos juntos h\u00e1 14 anos e n\u00e3o perdemos um desfile do bloco mais tradicional do carnaval de Porto Velho.<\/p>\n<p>Eu e ele temos marchinhas que s\u00e3o executadas na Banda e isso une ainda mais nossa hist\u00f3ria de amor com o bloco que todo s\u00e1bado gordo muda o ritmo da cidade.  <\/p>\n<p>O dia da Banda muda o tr\u00e1fego, o hor\u00e1rio do com\u00e9rcio central e o sentimento de milhares e pessoas.<\/p>\n<p>\u00c9 a confraterniza\u00e7\u00e3o da ral\u00e9 com a elite, imune a qualquer tipo de preconceito.<\/p>\n<p>Daquele desfile que selou nosso amor, de janeiro a janeiro, de corpo inteiro, seguimos cantando e caindo na folia.<\/p>\n<p>A capa do jornal que quase impediu que a gente se separasse bem na hora do desfile, est\u00e1 emoldurada na parede da sede da Banda.<\/p>\n<p>Se hoje acontecesse algo que me obrigasse a deix\u00e1-lo sozinho no bloco, digo que faria a banda esperar.<\/p>\n<p>Exatamente como ele fez por mim.<\/p>\n<p><img data-recalc-dims=\"1\" loading=\"lazy\" decoding=\"async\" data-attachment-id=\"8459\" data-permalink=\"http:\/\/blogdalucianaoliveira.com.br\/blog\/2017\/02\/10\/14-anos-de-folia-juntos-na-banda-do-vai-quem-quer\/banda\/\" data-orig-file=\"https:\/\/i0.wp.com\/blogdalucianaoliveira.com.br\/blog\/wp-content\/uploads\/2017\/02\/banda.jpg?fit=960%2C717\" data-orig-size=\"960,717\" data-comments-opened=\"0\" data-image-meta=\"{&quot;aperture&quot;:&quot;0&quot;,&quot;credit&quot;:&quot;&quot;,&quot;camera&quot;:&quot;&quot;,&quot;caption&quot;:&quot;&quot;,&quot;created_timestamp&quot;:&quot;0&quot;,&quot;copyright&quot;:&quot;&quot;,&quot;focal_length&quot;:&quot;0&quot;,&quot;iso&quot;:&quot;0&quot;,&quot;shutter_speed&quot;:&quot;0&quot;,&quot;title&quot;:&quot;&quot;,&quot;orientation&quot;:&quot;0&quot;}\" data-image-title=\"banda\" data-image-description=\"\" data-image-caption=\"\" data-medium-file=\"https:\/\/i0.wp.com\/blogdalucianaoliveira.com.br\/blog\/wp-content\/uploads\/2017\/02\/banda.jpg?fit=300%2C224\" data-large-file=\"https:\/\/i0.wp.com\/blogdalucianaoliveira.com.br\/blog\/wp-content\/uploads\/2017\/02\/banda.jpg?fit=600%2C448\" src=\"https:\/\/i0.wp.com\/blogdalucianaoliveira.com.br\/blog\/wp-content\/uploads\/2017\/02\/banda.jpg?resize=600%2C448\" alt=\"banda\" width=\"600\" height=\"448\" class=\"alignnone size-full wp-image-8459\" srcset=\"https:\/\/i0.wp.com\/blogdalucianaoliveira.com.br\/blog\/wp-content\/uploads\/2017\/02\/banda.jpg?w=960 960w, https:\/\/i0.wp.com\/blogdalucianaoliveira.com.br\/blog\/wp-content\/uploads\/2017\/02\/banda.jpg?resize=300%2C224 300w, https:\/\/i0.wp.com\/blogdalucianaoliveira.com.br\/blog\/wp-content\/uploads\/2017\/02\/banda.jpg?resize=768%2C574 768w, https:\/\/i0.wp.com\/blogdalucianaoliveira.com.br\/blog\/wp-content\/uploads\/2017\/02\/banda.jpg?resize=402%2C300 402w\" sizes=\"auto, (max-width: 600px) 100vw, 600px\" \/><\/p>\n","protected":false},"excerpt":{"rendered":"<p>A paquera come\u00e7ou uns dias antes do desfile da BVQQ em 2003, mas foi em cima do trio que tive certeza que n\u00e3o era amor pra um s\u00f3 carnaval.<\/p>\n","protected":false},"author":1,"featured_media":8462,"comment_status":"closed","ping_status":"open","sticky":false,"template":"","format":"standard","meta":{"_exactmetrics_skip_tracking":false,"_exactmetrics_sitenote_active":false,"_exactmetrics_sitenote_note":"","_exactmetrics_sitenote_category":0,"jetpack_post_was_ever_published":false,"_jetpack_newsletter_access":"","_jetpack_dont_email_post_to_subs":false,"_jetpack_newsletter_tier_id":0,"_jetpack_memberships_contains_paywalled_content":false,"_jetpack_memberships_contains_paid_content":false,"footnotes":"","jetpack_publicize_message":"","jetpack_publicize_feature_enabled":true,"jetpack_social_post_already_shared":true,"jetpack_social_options":{"image_generator_settings":{"template":"highway","enabled":false},"version":2}},"categories":[1],"tags":[],"class_list":["post-8458","post","type-post","status-publish","format-standard","has-post-thumbnail","hentry","category-notas"],"jetpack_publicize_connections":[],"jetpack_sharing_enabled":true,"jetpack_featured_media_url":"https:\/\/i0.wp.com\/blogdalucianaoliveira.com.br\/blog\/wp-content\/uploads\/2017\/02\/amord.jpg?fit=509%2C719","jetpack_shortlink":"https:\/\/wp.me\/p7wKYW-2cq","jetpack-related-posts":[],"_links":{"self":[{"href":"http:\/\/blogdalucianaoliveira.com.br\/blog\/wp-json\/wp\/v2\/posts\/8458","targetHints":{"allow":["GET"]}}],"collection":[{"href":"http:\/\/blogdalucianaoliveira.com.br\/blog\/wp-json\/wp\/v2\/posts"}],"about":[{"href":"http:\/\/blogdalucianaoliveira.com.br\/blog\/wp-json\/wp\/v2\/types\/post"}],"author":[{"embeddable":true,"href":"http:\/\/blogdalucianaoliveira.com.br\/blog\/wp-json\/wp\/v2\/users\/1"}],"replies":[{"embeddable":true,"href":"http:\/\/blogdalucianaoliveira.com.br\/blog\/wp-json\/wp\/v2\/comments?post=8458"}],"version-history":[{"count":4,"href":"http:\/\/blogdalucianaoliveira.com.br\/blog\/wp-json\/wp\/v2\/posts\/8458\/revisions"}],"predecessor-version":[{"id":8465,"href":"http:\/\/blogdalucianaoliveira.com.br\/blog\/wp-json\/wp\/v2\/posts\/8458\/revisions\/8465"}],"wp:featuredmedia":[{"embeddable":true,"href":"http:\/\/blogdalucianaoliveira.com.br\/blog\/wp-json\/wp\/v2\/media\/8462"}],"wp:attachment":[{"href":"http:\/\/blogdalucianaoliveira.com.br\/blog\/wp-json\/wp\/v2\/media?parent=8458"}],"wp:term":[{"taxonomy":"category","embeddable":true,"href":"http:\/\/blogdalucianaoliveira.com.br\/blog\/wp-json\/wp\/v2\/categories?post=8458"},{"taxonomy":"post_tag","embeddable":true,"href":"http:\/\/blogdalucianaoliveira.com.br\/blog\/wp-json\/wp\/v2\/tags?post=8458"}],"curies":[{"name":"wp","href":"https:\/\/api.w.org\/{rel}","templated":true}]}}