{"id":8475,"date":"2017-02-13T10:01:59","date_gmt":"2017-02-13T14:01:59","guid":{"rendered":"http:\/\/blogdalucianaoliveira.com.br\/blog\/?p=8475"},"modified":"2017-02-13T10:14:02","modified_gmt":"2017-02-13T14:14:02","slug":"bloco-pirarucu-do-madeira-desfila-no-proximo-sabado","status":"publish","type":"post","link":"http:\/\/blogdalucianaoliveira.com.br\/blog\/2017\/02\/13\/bloco-pirarucu-do-madeira-desfila-no-proximo-sabado\/","title":{"rendered":"BLOCO PIRARUCU DO MADEIRA DESFILA NO PR\u00d3XIMO S\u00c1BADO"},"content":{"rendered":"<p><img data-recalc-dims=\"1\" loading=\"lazy\" decoding=\"async\" data-attachment-id=\"8476\" data-permalink=\"http:\/\/blogdalucianaoliveira.com.br\/blog\/2017\/02\/13\/bloco-pirarucu-do-madeira-desfila-no-proximo-sabado\/pirarucu3\/\" data-orig-file=\"https:\/\/i0.wp.com\/blogdalucianaoliveira.com.br\/blog\/wp-content\/uploads\/2017\/02\/pirarucu3.jpg?fit=620%2C390\" data-orig-size=\"620,390\" data-comments-opened=\"0\" data-image-meta=\"{&quot;aperture&quot;:&quot;0&quot;,&quot;credit&quot;:&quot;&quot;,&quot;camera&quot;:&quot;&quot;,&quot;caption&quot;:&quot;&quot;,&quot;created_timestamp&quot;:&quot;0&quot;,&quot;copyright&quot;:&quot;&quot;,&quot;focal_length&quot;:&quot;0&quot;,&quot;iso&quot;:&quot;0&quot;,&quot;shutter_speed&quot;:&quot;0&quot;,&quot;title&quot;:&quot;&quot;,&quot;orientation&quot;:&quot;0&quot;}\" data-image-title=\"pirarucu3\" data-image-description=\"\" data-image-caption=\"\" data-medium-file=\"https:\/\/i0.wp.com\/blogdalucianaoliveira.com.br\/blog\/wp-content\/uploads\/2017\/02\/pirarucu3.jpg?fit=300%2C189\" data-large-file=\"https:\/\/i0.wp.com\/blogdalucianaoliveira.com.br\/blog\/wp-content\/uploads\/2017\/02\/pirarucu3.jpg?fit=600%2C377\" src=\"https:\/\/i0.wp.com\/blogdalucianaoliveira.com.br\/blog\/wp-content\/uploads\/2017\/02\/pirarucu3.jpg?resize=600%2C377\" alt=\"pirarucu3\" width=\"600\" height=\"377\" class=\"alignnone size-full wp-image-8476\" srcset=\"https:\/\/i0.wp.com\/blogdalucianaoliveira.com.br\/blog\/wp-content\/uploads\/2017\/02\/pirarucu3.jpg?w=620 620w, https:\/\/i0.wp.com\/blogdalucianaoliveira.com.br\/blog\/wp-content\/uploads\/2017\/02\/pirarucu3.jpg?resize=300%2C189 300w, https:\/\/i0.wp.com\/blogdalucianaoliveira.com.br\/blog\/wp-content\/uploads\/2017\/02\/pirarucu3.jpg?resize=477%2C300 477w\" sizes=\"auto, (max-width: 600px) 100vw, 600px\" \/><\/p>\n<p>Ser\u00e1 o 24\u00ba desfile do bloco mais democr\u00e1tico do carnaval de Porto Velho, que este ano encerra no ensaio do Galo da Meia Noite.<!--more--><\/p>\n<p>Sem cordas, sem abad\u00e1, com um pequeno carro de som e mini orquestra de frevo e marchinhas tradicionais com os p\u00e9s no asfalto, o Pirarucu do Madeira re\u00fane solteiros e casados, pais e filhos, crian\u00e7as e quem j\u00e1 curte a terceira idade.<\/p>\n<div class=\"fb-post\" data-href=\"https:\/\/www.facebook.com\/blocopirarucudomadeira\/posts\/1100847163358205\" data-width=\"552\"><\/div>\n<p>Este ano o desfile est\u00e1 marcado para as 16 horas, mas a concentra\u00e7\u00e3o come\u00e7a duas horas antes, na avenida Pinheiro Machado, ao lado do gin\u00e1sio Cl\u00e1udio Coutinho.<\/p>\n<p>O bloco segue at\u00e9 a Joaquim Nabuco, retorna pela Carlos Gomes e termina no Mercado Cultural.<\/p>\n<p>Como nada \u00e9 comercializado no bloco, os amigos ajudam de v\u00e1rias formas. <\/p>\n<p>O jornalista Silvio Santos \u00e9 quem leva a boneca gigante da professora Marise Castiel. \u201cUma honra carregar uma figura t\u00e3o emblem\u00e1tica do nosso carnaval. N\u00e3o sinto o peso, nem canso\u201d, disse.<\/p>\n<p><img data-recalc-dims=\"1\" loading=\"lazy\" decoding=\"async\" data-attachment-id=\"8481\" data-permalink=\"http:\/\/blogdalucianaoliveira.com.br\/blog\/2017\/02\/13\/bloco-pirarucu-do-madeira-desfila-no-proximo-sabado\/img_1830\/\" data-orig-file=\"https:\/\/i0.wp.com\/blogdalucianaoliveira.com.br\/blog\/wp-content\/uploads\/2017\/02\/IMG_1830.jpg?fit=768%2C960\" data-orig-size=\"768,960\" data-comments-opened=\"0\" data-image-meta=\"{&quot;aperture&quot;:&quot;0&quot;,&quot;credit&quot;:&quot;&quot;,&quot;camera&quot;:&quot;&quot;,&quot;caption&quot;:&quot;&quot;,&quot;created_timestamp&quot;:&quot;0&quot;,&quot;copyright&quot;:&quot;&quot;,&quot;focal_length&quot;:&quot;0&quot;,&quot;iso&quot;:&quot;0&quot;,&quot;shutter_speed&quot;:&quot;0&quot;,&quot;title&quot;:&quot;&quot;,&quot;orientation&quot;:&quot;1&quot;}\" data-image-title=\"IMG_1830\" data-image-description=\"\" data-image-caption=\"\" data-medium-file=\"https:\/\/i0.wp.com\/blogdalucianaoliveira.com.br\/blog\/wp-content\/uploads\/2017\/02\/IMG_1830.jpg?fit=240%2C300\" data-large-file=\"https:\/\/i0.wp.com\/blogdalucianaoliveira.com.br\/blog\/wp-content\/uploads\/2017\/02\/IMG_1830.jpg?fit=600%2C750\" src=\"https:\/\/i0.wp.com\/blogdalucianaoliveira.com.br\/blog\/wp-content\/uploads\/2017\/02\/IMG_1830.jpg?resize=600%2C750\" alt=\"IMG_1830\" width=\"600\" height=\"750\" class=\"alignnone size-full wp-image-8481\" srcset=\"https:\/\/i0.wp.com\/blogdalucianaoliveira.com.br\/blog\/wp-content\/uploads\/2017\/02\/IMG_1830.jpg?w=768 768w, https:\/\/i0.wp.com\/blogdalucianaoliveira.com.br\/blog\/wp-content\/uploads\/2017\/02\/IMG_1830.jpg?resize=240%2C300 240w\" sizes=\"auto, (max-width: 600px) 100vw, 600px\" \/><\/p>\n<p>Todos os anos o bloco exalta um ritmo, elemento ou manifesta\u00e7\u00e3o da cultura popular brasileira, como forma de mostrar que o carnaval \u00e9 multicultural e n\u00e3o s\u00f3 o que domina os meio de comunica\u00e7\u00e3o de massa.<\/p>\n<p>Para 2017, o Pirarucu exalta o boi-bumb\u00e1 ou bumba meu boi, um personagem folcl\u00f3rico presente em tradi\u00e7\u00f5es de v\u00e1rias cidades, em datas festivas durante o ano e tamb\u00e9m no carnaval.<\/p>\n<p>\u201cJ\u00e1 homenageamos o frevo, maracatu, o Arraial da Pavulagem de Bel\u00e9m do Par\u00e1, o Cavalo Marinho da zona da mata pernambucana, enfim, queremos fazer do Pirarucu uma grande vitrine das manifesta\u00e7\u00f5es culturais do pa\u00eds&#8221;, disse Ernande Segismundo, fundador do bloco.<\/p>\n<p>O bloco mais democr\u00e1tico do carnaval de Porto Velho tamb\u00e9m traz no pr\u00f3ximo s\u00e1bado, uma marchinha em protesto \u00e0 censura imposta pelo prefeito e vereadores de Ariquemes a livros que falam de diversidade familiar de uma forma bem humorada.<\/p>\n<p>A marchinha Toda Forma de Amar Vale a Pena \u00e9 do compositor Toninho Tavernard.<\/p>\n<div class=\"jetpack-video-wrapper\"><span class=\"embed-youtube\" style=\"text-align:center; display: block;\"><iframe loading=\"lazy\" class=\"youtube-player\" width=\"600\" height=\"338\" src=\"https:\/\/www.youtube.com\/embed\/wRkGJnE3pOw?version=3&#038;rel=1&#038;showsearch=0&#038;showinfo=1&#038;iv_load_policy=1&#038;fs=1&#038;hl=pt-BR&#038;autohide=2&#038;wmode=transparent\" allowfullscreen=\"true\" style=\"border:0;\" sandbox=\"allow-scripts allow-same-origin allow-popups allow-presentation allow-popups-to-escape-sandbox\"><\/iframe><\/span><\/div>\n<p><img data-recalc-dims=\"1\" loading=\"lazy\" decoding=\"async\" data-attachment-id=\"8477\" data-permalink=\"http:\/\/blogdalucianaoliveira.com.br\/blog\/2017\/02\/13\/bloco-pirarucu-do-madeira-desfila-no-proximo-sabado\/marchinha-2\/\" data-orig-file=\"https:\/\/i0.wp.com\/blogdalucianaoliveira.com.br\/blog\/wp-content\/uploads\/2017\/02\/marchinha-1.jpg?fit=679%2C960\" data-orig-size=\"679,960\" data-comments-opened=\"0\" data-image-meta=\"{&quot;aperture&quot;:&quot;0&quot;,&quot;credit&quot;:&quot;Rondineli&quot;,&quot;camera&quot;:&quot;&quot;,&quot;caption&quot;:&quot;&quot;,&quot;created_timestamp&quot;:&quot;0&quot;,&quot;copyright&quot;:&quot;&quot;,&quot;focal_length&quot;:&quot;0&quot;,&quot;iso&quot;:&quot;0&quot;,&quot;shutter_speed&quot;:&quot;0&quot;,&quot;title&quot;:&quot;&quot;,&quot;orientation&quot;:&quot;0&quot;}\" data-image-title=\"marchinha\" data-image-description=\"\" data-image-caption=\"\" data-medium-file=\"https:\/\/i0.wp.com\/blogdalucianaoliveira.com.br\/blog\/wp-content\/uploads\/2017\/02\/marchinha-1.jpg?fit=212%2C300\" data-large-file=\"https:\/\/i0.wp.com\/blogdalucianaoliveira.com.br\/blog\/wp-content\/uploads\/2017\/02\/marchinha-1.jpg?fit=600%2C848\" src=\"https:\/\/i0.wp.com\/blogdalucianaoliveira.com.br\/blog\/wp-content\/uploads\/2017\/02\/marchinha-1.jpg?resize=600%2C848\" alt=\"marchinha\" width=\"600\" height=\"848\" class=\"alignnone size-full wp-image-8477\" srcset=\"https:\/\/i0.wp.com\/blogdalucianaoliveira.com.br\/blog\/wp-content\/uploads\/2017\/02\/marchinha-1.jpg?w=679 679w, https:\/\/i0.wp.com\/blogdalucianaoliveira.com.br\/blog\/wp-content\/uploads\/2017\/02\/marchinha-1.jpg?resize=212%2C300 212w\" sizes=\"auto, (max-width: 600px) 100vw, 600px\" \/><\/p>\n","protected":false},"excerpt":{"rendered":"<p>Ser\u00e1 o 24\u00ba desfile do bloco mais democr\u00e1tico do carnaval de Porto Velho, que este ano encerra no ensaio do Galo da Meia Noite.<\/p>\n","protected":false},"author":1,"featured_media":0,"comment_status":"closed","ping_status":"open","sticky":false,"template":"","format":"standard","meta":{"_exactmetrics_skip_tracking":false,"_exactmetrics_sitenote_active":false,"_exactmetrics_sitenote_note":"","_exactmetrics_sitenote_category":0,"jetpack_post_was_ever_published":false,"_jetpack_newsletter_access":"","_jetpack_dont_email_post_to_subs":false,"_jetpack_newsletter_tier_id":0,"_jetpack_memberships_contains_paywalled_content":false,"_jetpack_memberships_contains_paid_content":false,"footnotes":"","jetpack_publicize_message":"","jetpack_publicize_feature_enabled":true,"jetpack_social_post_already_shared":true,"jetpack_social_options":{"image_generator_settings":{"template":"highway","enabled":false},"version":2}},"categories":[1],"tags":[],"class_list":["post-8475","post","type-post","status-publish","format-standard","hentry","category-notas"],"jetpack_publicize_connections":[],"jetpack_sharing_enabled":true,"jetpack_featured_media_url":"","jetpack_shortlink":"https:\/\/wp.me\/p7wKYW-2cH","jetpack-related-posts":[],"_links":{"self":[{"href":"http:\/\/blogdalucianaoliveira.com.br\/blog\/wp-json\/wp\/v2\/posts\/8475","targetHints":{"allow":["GET"]}}],"collection":[{"href":"http:\/\/blogdalucianaoliveira.com.br\/blog\/wp-json\/wp\/v2\/posts"}],"about":[{"href":"http:\/\/blogdalucianaoliveira.com.br\/blog\/wp-json\/wp\/v2\/types\/post"}],"author":[{"embeddable":true,"href":"http:\/\/blogdalucianaoliveira.com.br\/blog\/wp-json\/wp\/v2\/users\/1"}],"replies":[{"embeddable":true,"href":"http:\/\/blogdalucianaoliveira.com.br\/blog\/wp-json\/wp\/v2\/comments?post=8475"}],"version-history":[{"count":7,"href":"http:\/\/blogdalucianaoliveira.com.br\/blog\/wp-json\/wp\/v2\/posts\/8475\/revisions"}],"predecessor-version":[{"id":8487,"href":"http:\/\/blogdalucianaoliveira.com.br\/blog\/wp-json\/wp\/v2\/posts\/8475\/revisions\/8487"}],"wp:attachment":[{"href":"http:\/\/blogdalucianaoliveira.com.br\/blog\/wp-json\/wp\/v2\/media?parent=8475"}],"wp:term":[{"taxonomy":"category","embeddable":true,"href":"http:\/\/blogdalucianaoliveira.com.br\/blog\/wp-json\/wp\/v2\/categories?post=8475"},{"taxonomy":"post_tag","embeddable":true,"href":"http:\/\/blogdalucianaoliveira.com.br\/blog\/wp-json\/wp\/v2\/tags?post=8475"}],"curies":[{"name":"wp","href":"https:\/\/api.w.org\/{rel}","templated":true}]}}