{"id":8488,"date":"2017-02-13T11:58:44","date_gmt":"2017-02-13T15:58:44","guid":{"rendered":"http:\/\/blogdalucianaoliveira.com.br\/blog\/?p=8488"},"modified":"2017-02-13T11:58:44","modified_gmt":"2017-02-13T15:58:44","slug":"prefeito-governa-sem-oposicao-e-vereadores-admitem-votar-sem-ler-direito","status":"publish","type":"post","link":"http:\/\/blogdalucianaoliveira.com.br\/blog\/2017\/02\/13\/prefeito-governa-sem-oposicao-e-vereadores-admitem-votar-sem-ler-direito\/","title":{"rendered":"Prefeito governa sem oposi\u00e7\u00e3o e vereadores admitem votar sem ler direito"},"content":{"rendered":"<p><img data-recalc-dims=\"1\" loading=\"lazy\" decoding=\"async\" data-attachment-id=\"8489\" data-permalink=\"http:\/\/blogdalucianaoliveira.com.br\/blog\/2017\/02\/13\/prefeito-governa-sem-oposicao-e-vereadores-admitem-votar-sem-ler-direito\/preefe\/\" data-orig-file=\"https:\/\/i0.wp.com\/blogdalucianaoliveira.com.br\/blog\/wp-content\/uploads\/2017\/02\/preefe.jpg?fit=728%2C410\" data-orig-size=\"728,410\" data-comments-opened=\"0\" data-image-meta=\"{&quot;aperture&quot;:&quot;0&quot;,&quot;credit&quot;:&quot;&quot;,&quot;camera&quot;:&quot;&quot;,&quot;caption&quot;:&quot;&quot;,&quot;created_timestamp&quot;:&quot;0&quot;,&quot;copyright&quot;:&quot;&quot;,&quot;focal_length&quot;:&quot;0&quot;,&quot;iso&quot;:&quot;0&quot;,&quot;shutter_speed&quot;:&quot;0&quot;,&quot;title&quot;:&quot;&quot;,&quot;orientation&quot;:&quot;1&quot;}\" data-image-title=\"preefe\" data-image-description=\"\" data-image-caption=\"\" data-medium-file=\"https:\/\/i0.wp.com\/blogdalucianaoliveira.com.br\/blog\/wp-content\/uploads\/2017\/02\/preefe.jpg?fit=300%2C169\" data-large-file=\"https:\/\/i0.wp.com\/blogdalucianaoliveira.com.br\/blog\/wp-content\/uploads\/2017\/02\/preefe.jpg?fit=600%2C338\" src=\"https:\/\/i0.wp.com\/blogdalucianaoliveira.com.br\/blog\/wp-content\/uploads\/2017\/02\/preefe.jpg?resize=600%2C338\" alt=\"preefe\" width=\"600\" height=\"338\" class=\"alignnone size-full wp-image-8489\" srcset=\"https:\/\/i0.wp.com\/blogdalucianaoliveira.com.br\/blog\/wp-content\/uploads\/2017\/02\/preefe.jpg?w=728 728w, https:\/\/i0.wp.com\/blogdalucianaoliveira.com.br\/blog\/wp-content\/uploads\/2017\/02\/preefe.jpg?resize=300%2C169 300w, https:\/\/i0.wp.com\/blogdalucianaoliveira.com.br\/blog\/wp-content\/uploads\/2017\/02\/preefe.jpg?resize=533%2C300 533w\" sizes=\"auto, (max-width: 600px) 100vw, 600px\" \/><\/p>\n<p>S\u00f3 um vereador, Aleks Palitot (PTB), disse n\u00e3o \u00e0 extin\u00e7\u00e3o do direito ao quinqu\u00eanio, adicional por tempo de servi\u00e7o a que tinham direito cerca 13 mil servidores municipais a cada cinco anos de trabalho, em sess\u00e3o extraordin\u00e1ria no \u00faltimo dia 8.<!--more--><\/p>\n<p>O restante tenta justificar nas redes sociais ou por meio de nota \u00e0 imprensa o voto favor\u00e1vel ou aus\u00eancia na vota\u00e7\u00e3o, inutilmente, para acalmar os \u00e2nimos dos eleitores que n\u00e3o imaginaram que o prefeito tomaria essa medida e muito menos com o apoio maci\u00e7o da c\u00e2mara.<\/p>\n<p>As desculpas esfarrapadas dos vereadores que apoiaram o corte do direito revoltam ainda mais os servidores.<\/p>\n<p>Alguns n\u00e3o t\u00eam vergonha alguma em admitir que votaram sem ler com aten\u00e7\u00e3o o projeto que revogou o inciso IV, do artigo 70 e os artigos 77,78,79 e 80, da lei complementar n\u00ba 385, que p\u00f4s fim ao adicional de 10%.<\/p>\n<p>Da Silva, do PSB, disse que achou que \u201co que estava sendo votado era algo que j\u00e1 havia sido pautado e n\u00e3o o quinqu\u00eanio, que foi embutido com inten\u00e7\u00e3o de passar despercebido.\u201d<\/p>\n<p>Cristiane Lopes (PP) gravou um v\u00eddeo para denunciar o que chamou de \u201cmanobra\u201d da equipe t\u00e9cnica da prefeitura, o projeto de lei que chegou \u201cde repente\u201d, em sess\u00e3o extraordin\u00e1ria, com um projeto gigantesco, sem que tivesse sido comunicada sobre a inclus\u00e3o do fim dos quinqu\u00eanios.  Foi pega de surpresa, disse.<\/p>\n<p>Ambos pedem a anula\u00e7\u00e3o da sess\u00e3o em que votaram sim, sem perceber do que se tratava.<\/p>\n<p>N\u00e3o viram ou n\u00e3o entenderam que da gest\u00e3o de Hildon Chaves pra frente, n\u00e3o existe mais direito \u00e0 quinqu\u00eanios.<\/p>\n<p>Joelna Holder (PMDB) foi cobrada em sua p\u00e1gina no facebook e se restringiu a dizer que: \u201cN\u00e3o votei CONTRA OS SERVIDORES. Votei A FAVOR de um projeto que contempla TODA POPULA\u00c7\u00c3O portovelhense\u201d. <\/p>\n<p><img data-recalc-dims=\"1\" loading=\"lazy\" decoding=\"async\" data-attachment-id=\"8490\" data-permalink=\"http:\/\/blogdalucianaoliveira.com.br\/blog\/2017\/02\/13\/prefeito-governa-sem-oposicao-e-vereadores-admitem-votar-sem-ler-direito\/joelna-holder\/\" data-orig-file=\"https:\/\/i0.wp.com\/blogdalucianaoliveira.com.br\/blog\/wp-content\/uploads\/2017\/02\/JOELNA-HOLDER.jpg?fit=500%2C951\" data-orig-size=\"500,951\" data-comments-opened=\"0\" data-image-meta=\"{&quot;aperture&quot;:&quot;0&quot;,&quot;credit&quot;:&quot;&quot;,&quot;camera&quot;:&quot;&quot;,&quot;caption&quot;:&quot;&quot;,&quot;created_timestamp&quot;:&quot;0&quot;,&quot;copyright&quot;:&quot;&quot;,&quot;focal_length&quot;:&quot;0&quot;,&quot;iso&quot;:&quot;0&quot;,&quot;shutter_speed&quot;:&quot;0&quot;,&quot;title&quot;:&quot;&quot;,&quot;orientation&quot;:&quot;1&quot;}\" data-image-title=\"JOELNA HOLDER\" data-image-description=\"\" data-image-caption=\"\" data-medium-file=\"https:\/\/i0.wp.com\/blogdalucianaoliveira.com.br\/blog\/wp-content\/uploads\/2017\/02\/JOELNA-HOLDER.jpg?fit=158%2C300\" data-large-file=\"https:\/\/i0.wp.com\/blogdalucianaoliveira.com.br\/blog\/wp-content\/uploads\/2017\/02\/JOELNA-HOLDER.jpg?fit=500%2C951\" src=\"https:\/\/i0.wp.com\/blogdalucianaoliveira.com.br\/blog\/wp-content\/uploads\/2017\/02\/JOELNA-HOLDER.jpg?resize=500%2C951\" alt=\"JOELNA HOLDER\" width=\"500\" height=\"951\" class=\"alignnone size-full wp-image-8490\" srcset=\"https:\/\/i0.wp.com\/blogdalucianaoliveira.com.br\/blog\/wp-content\/uploads\/2017\/02\/JOELNA-HOLDER.jpg?w=500 500w, https:\/\/i0.wp.com\/blogdalucianaoliveira.com.br\/blog\/wp-content\/uploads\/2017\/02\/JOELNA-HOLDER.jpg?resize=158%2C300 158w\" sizes=\"auto, (max-width: 500px) 100vw, 500px\" \/><\/p>\n<p>A pergunta que n\u00e3o quer calar: S\u00f3 por ser extraordin\u00e1ria a sess\u00e3o, que trata de reformas estruturais, n\u00e3o deveriam olhar minuciosamente o projeto? Para a popula\u00e7\u00e3o, os vereadores t\u00eam dificuldade de compreens\u00e3o, pregui\u00e7a de ler ou realmente acham que podem votar tudo de ruim que o executivo envia \u00e0 vota\u00e7\u00e3o e depois \u2018enrolar\u2019 os eleitores.<\/p>\n<p>O prefeito chamou de bomba-rel\u00f3gio a despesa com o adicional e justifica sua extin\u00e7\u00e3o com a perspectiva de economizar 100 milh\u00f5es de reais nos pr\u00f3ximos quatro anos, negando o benef\u00edcio aos atuais e futuros servidores municipais.<\/p>\n<p>S\u00f3 que ele corta o direito do servidores ao mesmo tempo em que eleva cargos comissionados e cria superintend\u00eancias por meio de uma reforma administrativa, a segunda em pouco mais de 1 m\u00eas.<\/p>\n<p>Na primeira, a maioria votou pela manuten\u00e7\u00e3o da GPE \u2013 a famosa Gratifica\u00e7\u00e3o de Produtividade Especial &#8211;  s\u00f3 para 900 servidores e quando os demais reclamaram o direito, alguns vereadores chamaram de \u2018pegadinha\u2019 embutida num projeto que tamb\u00e9m n\u00e3o leram direito.<br \/>\nOra, parem que est\u00e1 cada vez mais feio.<\/p>\n<p>E, evidente que \u2018confiam\u2019 demais no que o prefeito encaminha \u00e0 c\u00e2mara para votar \u00e0s cegas.<\/p>\n<p>Os vereadores t\u00eam assessoria paga com dinheiro p\u00fablico e deles \u00e9 cobrada instru\u00e7\u00e3o m\u00ednima pra assumir o cargo. N\u00e3o h\u00e1 desculpa que justifique votar sim tendo a obriga\u00e7\u00e3o de votar n\u00e3o, sobretudo pela pressa com que s\u00e3o encaminhados os projetos do executivo.<\/p>\n<p>Quem n\u00e3o entendeu? Pergunta.<br \/>\nQuem n\u00e3o se convenceu, n\u00e3o vota.<br \/>\nSimples assim.<\/p>\n<p>N\u00e3o pensem que v\u00e3o ficar bem com o prefeito e eleitores sempre que forem favor\u00e1veis a projetos que dependem de transpar\u00eancia e discuss\u00e3o.<\/p>\n<p>O presidente da c\u00e2mara, que nunca foi pol\u00edtico, jovem e inexperiente, \u00e9 da cozinha do prefeito. Pra mim, marioenete nas m\u00e3os de grupos que s\u00f3 conhecem uma forma de fazer pol\u00edtica, \u00e0s escuras. Tudo que chegar extraordinariamente \u00e0 vota\u00e7\u00e3o, os nobres edis t\u00eam obriga\u00e7\u00e3o de ler e reler v\u00e1rias vezes.<\/p>\n<p>Ou v\u00e3o pagar com trai\u00e7\u00e3o a quem lhes deu voto?<\/p>\n<p>N\u00e3o h\u00e1 nada pior para uma cidade que um governo sem oposi\u00e7\u00e3o e ainda por cima, porque muitos vereadores alegam votar sem ler direito. <\/p>\n<p>E que os eleitores frustrados t\u00e3o rapidamente com suas escolhas no executivo e legislativo, n\u00e3o se fa\u00e7am de cegos, surdos e mudos nos pr\u00f3ximos 1400 dias que temos pela frente.<\/p>\n","protected":false},"excerpt":{"rendered":"<p>S\u00f3 um vereador, Aleks Palitot (PTB), disse n\u00e3o \u00e0 extin\u00e7\u00e3o do direito ao quinqu\u00eanio, adicional por tempo de servi\u00e7o a que tinham direito cerca 13 mil servidores municipais a cada cinco anos de trabalho, em sess\u00e3o extraordin\u00e1ria no \u00faltimo dia 8.<\/p>\n","protected":false},"author":1,"featured_media":0,"comment_status":"closed","ping_status":"open","sticky":false,"template":"","format":"standard","meta":{"_exactmetrics_skip_tracking":false,"_exactmetrics_sitenote_active":false,"_exactmetrics_sitenote_note":"","_exactmetrics_sitenote_category":0,"jetpack_post_was_ever_published":false,"_jetpack_newsletter_access":"","_jetpack_dont_email_post_to_subs":false,"_jetpack_newsletter_tier_id":0,"_jetpack_memberships_contains_paywalled_content":false,"_jetpack_memberships_contains_paid_content":false,"footnotes":"","jetpack_publicize_message":"","jetpack_publicize_feature_enabled":true,"jetpack_social_post_already_shared":true,"jetpack_social_options":{"image_generator_settings":{"template":"highway","enabled":false},"version":2}},"categories":[1],"tags":[],"class_list":["post-8488","post","type-post","status-publish","format-standard","hentry","category-notas"],"jetpack_publicize_connections":[],"jetpack_sharing_enabled":true,"jetpack_featured_media_url":"","jetpack_shortlink":"https:\/\/wp.me\/p7wKYW-2cU","jetpack-related-posts":[],"_links":{"self":[{"href":"http:\/\/blogdalucianaoliveira.com.br\/blog\/wp-json\/wp\/v2\/posts\/8488","targetHints":{"allow":["GET"]}}],"collection":[{"href":"http:\/\/blogdalucianaoliveira.com.br\/blog\/wp-json\/wp\/v2\/posts"}],"about":[{"href":"http:\/\/blogdalucianaoliveira.com.br\/blog\/wp-json\/wp\/v2\/types\/post"}],"author":[{"embeddable":true,"href":"http:\/\/blogdalucianaoliveira.com.br\/blog\/wp-json\/wp\/v2\/users\/1"}],"replies":[{"embeddable":true,"href":"http:\/\/blogdalucianaoliveira.com.br\/blog\/wp-json\/wp\/v2\/comments?post=8488"}],"version-history":[{"count":1,"href":"http:\/\/blogdalucianaoliveira.com.br\/blog\/wp-json\/wp\/v2\/posts\/8488\/revisions"}],"predecessor-version":[{"id":8491,"href":"http:\/\/blogdalucianaoliveira.com.br\/blog\/wp-json\/wp\/v2\/posts\/8488\/revisions\/8491"}],"wp:attachment":[{"href":"http:\/\/blogdalucianaoliveira.com.br\/blog\/wp-json\/wp\/v2\/media?parent=8488"}],"wp:term":[{"taxonomy":"category","embeddable":true,"href":"http:\/\/blogdalucianaoliveira.com.br\/blog\/wp-json\/wp\/v2\/categories?post=8488"},{"taxonomy":"post_tag","embeddable":true,"href":"http:\/\/blogdalucianaoliveira.com.br\/blog\/wp-json\/wp\/v2\/tags?post=8488"}],"curies":[{"name":"wp","href":"https:\/\/api.w.org\/{rel}","templated":true}]}}