{"id":8492,"date":"2017-02-13T13:03:04","date_gmt":"2017-02-13T17:03:04","guid":{"rendered":"http:\/\/blogdalucianaoliveira.com.br\/blog\/?p=8492"},"modified":"2017-02-13T13:03:04","modified_gmt":"2017-02-13T17:03:04","slug":"folha-diz-ter-sido-censurada-a-mando-do-governo-temer","status":"publish","type":"post","link":"http:\/\/blogdalucianaoliveira.com.br\/blog\/2017\/02\/13\/folha-diz-ter-sido-censurada-a-mando-do-governo-temer\/","title":{"rendered":"FOLHA DIZ TER SIDO CENSURADA A MANDO DO GOVERNO TEMER"},"content":{"rendered":"<p><img data-recalc-dims=\"1\" loading=\"lazy\" decoding=\"async\" data-attachment-id=\"8493\" data-permalink=\"http:\/\/blogdalucianaoliveira.com.br\/blog\/2017\/02\/13\/folha-diz-ter-sido-censurada-a-mando-do-governo-temer\/mar\/\" data-orig-file=\"https:\/\/i0.wp.com\/blogdalucianaoliveira.com.br\/blog\/wp-content\/uploads\/2017\/02\/mar.jpg?fit=1000%2C357\" data-orig-size=\"1000,357\" data-comments-opened=\"0\" data-image-meta=\"{&quot;aperture&quot;:&quot;0&quot;,&quot;credit&quot;:&quot;&quot;,&quot;camera&quot;:&quot;&quot;,&quot;caption&quot;:&quot;&quot;,&quot;created_timestamp&quot;:&quot;0&quot;,&quot;copyright&quot;:&quot;&quot;,&quot;focal_length&quot;:&quot;0&quot;,&quot;iso&quot;:&quot;0&quot;,&quot;shutter_speed&quot;:&quot;0&quot;,&quot;title&quot;:&quot;&quot;,&quot;orientation&quot;:&quot;0&quot;}\" data-image-title=\"mar\" data-image-description=\"\" data-image-caption=\"\" data-medium-file=\"https:\/\/i0.wp.com\/blogdalucianaoliveira.com.br\/blog\/wp-content\/uploads\/2017\/02\/mar.jpg?fit=300%2C107\" data-large-file=\"https:\/\/i0.wp.com\/blogdalucianaoliveira.com.br\/blog\/wp-content\/uploads\/2017\/02\/mar.jpg?fit=600%2C214\" src=\"https:\/\/i0.wp.com\/blogdalucianaoliveira.com.br\/blog\/wp-content\/uploads\/2017\/02\/mar.jpg?resize=600%2C214\" alt=\"mar\" width=\"600\" height=\"214\" class=\"alignnone size-full wp-image-8493\" srcset=\"https:\/\/i0.wp.com\/blogdalucianaoliveira.com.br\/blog\/wp-content\/uploads\/2017\/02\/mar.jpg?w=1000 1000w, https:\/\/i0.wp.com\/blogdalucianaoliveira.com.br\/blog\/wp-content\/uploads\/2017\/02\/mar.jpg?resize=300%2C107 300w, https:\/\/i0.wp.com\/blogdalucianaoliveira.com.br\/blog\/wp-content\/uploads\/2017\/02\/mar.jpg?resize=768%2C274 768w, https:\/\/i0.wp.com\/blogdalucianaoliveira.com.br\/blog\/wp-content\/uploads\/2017\/02\/mar.jpg?resize=800%2C286 800w\" sizes=\"auto, (max-width: 600px) 100vw, 600px\" \/><\/p>\n<p>247 &#8211; O jornal Folha de S. Paulo denunciou nesta segunda-feira, 13, que o governo de Michel Temer pediu e a Justi\u00e7a de Bras\u00edlia determinou a censura de uma reportagem do jornal sobre a tentativa de extors\u00e3o sofrida pela primeira-dama Marcela Temer no ano passado.<!--more--><\/p>\n<p>&#8220;Uma liminar concedida pelo juiz Hilmar Castelo Branco Raposo Filho, da 21\u00aa Vara C\u00edvel de Bras\u00edlia, impede que a Folha publique informa\u00e7\u00f5es sobre uma tentativa de um hacker de chantage\u00e1-la, no ano passado&#8221;, diz o jornal. <\/p>\n<p>A peti\u00e7\u00e3o foi assinada pelo advogado Gustavo do Vale Rocha, subchefe para Assuntos Jur\u00eddicos da Casa Civil, em nome de Marcela (leia mais). Segundo o juiz, os fundamentos apresentados pela defesa da esposa de Temer s\u00e3o &#8220;relevantes e amparados em prova id\u00f4nea&#8221;. &#8220;A inviolabilidade da intimidade tem resguardo legal claro&#8221;, diz o despacho.<\/p>\n<p>O hacker Silvonei Jos\u00e9 de Jesus, que invadiu o celular e o computador de Marcela Temer, a chantageou amea\u00e7ando jogar o nome de Michel Temer na lama, com um \u00e1udio em que ela dizia que o marqueteiro Arlon Viana fazia &#8220;a parte baixo n\u00edvel&#8221; do marido. Homem de estrita confian\u00e7a de Temer, Viana j\u00e1 foi chefe do seu escrit\u00f3rio em S\u00e3o Paulo e tesoureiro do PMDB paulista; hoje, \u00e9 assessor especial da presid\u00eancia da Rep\u00fablica. O caso foi investigado por Alexandre de Moraes e o \u00e1udio desapareceu do processo.<\/p>\n<p>Em artigo nesse domingo, a colunista do 247 Tereza Cruvinel questiona o que ainda falta para a ditadura, depois da censura. <\/p>\n<p>A Folha informou que ir\u00e1 recorrer da decis\u00e3o. <\/p>\n","protected":false},"excerpt":{"rendered":"<p>247 &#8211; O jornal Folha de S. Paulo denunciou nesta segunda-feira, 13, que o governo de Michel Temer pediu e a Justi\u00e7a de Bras\u00edlia determinou a censura de uma reportagem do jornal sobre a tentativa de extors\u00e3o sofrida pela primeira-dama Marcela Temer no ano passado.<\/p>\n","protected":false},"author":1,"featured_media":0,"comment_status":"closed","ping_status":"open","sticky":false,"template":"","format":"standard","meta":{"_exactmetrics_skip_tracking":false,"_exactmetrics_sitenote_active":false,"_exactmetrics_sitenote_note":"","_exactmetrics_sitenote_category":0,"jetpack_post_was_ever_published":false,"_jetpack_newsletter_access":"","_jetpack_dont_email_post_to_subs":false,"_jetpack_newsletter_tier_id":0,"_jetpack_memberships_contains_paywalled_content":false,"_jetpack_memberships_contains_paid_content":false,"footnotes":"","jetpack_publicize_message":"","jetpack_publicize_feature_enabled":true,"jetpack_social_post_already_shared":true,"jetpack_social_options":{"image_generator_settings":{"template":"highway","enabled":false},"version":2}},"categories":[1],"tags":[],"class_list":["post-8492","post","type-post","status-publish","format-standard","hentry","category-notas"],"jetpack_publicize_connections":[],"jetpack_sharing_enabled":true,"jetpack_featured_media_url":"","jetpack_shortlink":"https:\/\/wp.me\/p7wKYW-2cY","jetpack-related-posts":[],"_links":{"self":[{"href":"http:\/\/blogdalucianaoliveira.com.br\/blog\/wp-json\/wp\/v2\/posts\/8492","targetHints":{"allow":["GET"]}}],"collection":[{"href":"http:\/\/blogdalucianaoliveira.com.br\/blog\/wp-json\/wp\/v2\/posts"}],"about":[{"href":"http:\/\/blogdalucianaoliveira.com.br\/blog\/wp-json\/wp\/v2\/types\/post"}],"author":[{"embeddable":true,"href":"http:\/\/blogdalucianaoliveira.com.br\/blog\/wp-json\/wp\/v2\/users\/1"}],"replies":[{"embeddable":true,"href":"http:\/\/blogdalucianaoliveira.com.br\/blog\/wp-json\/wp\/v2\/comments?post=8492"}],"version-history":[{"count":1,"href":"http:\/\/blogdalucianaoliveira.com.br\/blog\/wp-json\/wp\/v2\/posts\/8492\/revisions"}],"predecessor-version":[{"id":8494,"href":"http:\/\/blogdalucianaoliveira.com.br\/blog\/wp-json\/wp\/v2\/posts\/8492\/revisions\/8494"}],"wp:attachment":[{"href":"http:\/\/blogdalucianaoliveira.com.br\/blog\/wp-json\/wp\/v2\/media?parent=8492"}],"wp:term":[{"taxonomy":"category","embeddable":true,"href":"http:\/\/blogdalucianaoliveira.com.br\/blog\/wp-json\/wp\/v2\/categories?post=8492"},{"taxonomy":"post_tag","embeddable":true,"href":"http:\/\/blogdalucianaoliveira.com.br\/blog\/wp-json\/wp\/v2\/tags?post=8492"}],"curies":[{"name":"wp","href":"https:\/\/api.w.org\/{rel}","templated":true}]}}