{"id":8498,"date":"2017-02-13T13:14:57","date_gmt":"2017-02-13T17:14:57","guid":{"rendered":"http:\/\/blogdalucianaoliveira.com.br\/blog\/?p=8498"},"modified":"2017-02-13T13:14:57","modified_gmt":"2017-02-13T17:14:57","slug":"o-caso-do-intervencionista-militar-que-matou-a-filha-e-foi-ao-facebook-fazer-propaganda","status":"publish","type":"post","link":"http:\/\/blogdalucianaoliveira.com.br\/blog\/2017\/02\/13\/o-caso-do-intervencionista-militar-que-matou-a-filha-e-foi-ao-facebook-fazer-propaganda\/","title":{"rendered":"O caso do intervencionista militar que matou a filha e foi ao Facebook fazer propaganda"},"content":{"rendered":"<p><img data-recalc-dims=\"1\" loading=\"lazy\" decoding=\"async\" data-attachment-id=\"8499\" data-permalink=\"http:\/\/blogdalucianaoliveira.com.br\/blog\/2017\/02\/13\/o-caso-do-intervencionista-militar-que-matou-a-filha-e-foi-ao-facebook-fazer-propaganda\/captura-de-tela-2017-02-12-as-23-33-28-600x452\/\" data-orig-file=\"https:\/\/i0.wp.com\/blogdalucianaoliveira.com.br\/blog\/wp-content\/uploads\/2017\/02\/Captura-de-Tela-2017-02-12-%C3%A0s-23.33.28-600x452.png?fit=600%2C452\" data-orig-size=\"600,452\" data-comments-opened=\"0\" data-image-meta=\"{&quot;aperture&quot;:&quot;0&quot;,&quot;credit&quot;:&quot;&quot;,&quot;camera&quot;:&quot;&quot;,&quot;caption&quot;:&quot;&quot;,&quot;created_timestamp&quot;:&quot;0&quot;,&quot;copyright&quot;:&quot;&quot;,&quot;focal_length&quot;:&quot;0&quot;,&quot;iso&quot;:&quot;0&quot;,&quot;shutter_speed&quot;:&quot;0&quot;,&quot;title&quot;:&quot;&quot;,&quot;orientation&quot;:&quot;0&quot;}\" data-image-title=\"Captura-de-Tela-2017-02-12-\u00e0s-23.33.28-600&amp;#215;452\" data-image-description=\"\" data-image-caption=\"\" data-medium-file=\"https:\/\/i0.wp.com\/blogdalucianaoliveira.com.br\/blog\/wp-content\/uploads\/2017\/02\/Captura-de-Tela-2017-02-12-%C3%A0s-23.33.28-600x452.png?fit=300%2C226\" data-large-file=\"https:\/\/i0.wp.com\/blogdalucianaoliveira.com.br\/blog\/wp-content\/uploads\/2017\/02\/Captura-de-Tela-2017-02-12-%C3%A0s-23.33.28-600x452.png?fit=600%2C452\" src=\"https:\/\/i0.wp.com\/blogdalucianaoliveira.com.br\/blog\/wp-content\/uploads\/2017\/02\/Captura-de-Tela-2017-02-12-%C3%A0s-23.33.28-600x452.png?resize=600%2C452\" alt=\"Captura-de-Tela-2017-02-12-\u00e0s-23.33.28-600x452\" width=\"600\" height=\"452\" class=\"alignnone size-full wp-image-8499\" srcset=\"https:\/\/i0.wp.com\/blogdalucianaoliveira.com.br\/blog\/wp-content\/uploads\/2017\/02\/Captura-de-Tela-2017-02-12-%C3%A0s-23.33.28-600x452.png?resize=600%2C452 600w, https:\/\/i0.wp.com\/blogdalucianaoliveira.com.br\/blog\/wp-content\/uploads\/2017\/02\/Captura-de-Tela-2017-02-12-%C3%A0s-23.33.28-600x452.png?resize=300%2C226 300w, https:\/\/i0.wp.com\/blogdalucianaoliveira.com.br\/blog\/wp-content\/uploads\/2017\/02\/Captura-de-Tela-2017-02-12-%C3%A0s-23.33.28-600x452.png?resize=398%2C300 398w\" sizes=\"auto, (max-width: 600px) 100vw, 600px\" \/><\/p>\n<p>No DCM<br \/>\nPor Zambarda<\/p>\n<p>Frederico Carneiro Soares \u00e9 um professor de faculdade acusado de um crime ocorrido no dia 10 de fevereiro, \u00e0s 21h.<!--more--><\/p>\n<p>Ele \u00e9 o principal suspeito de ter atirado na cabe\u00e7a de sua filha, Maira Cintra Soares, numa briga pela heran\u00e7a da fam\u00edlia. O caso foi registrado no 89\u00ba DP, no Portal do Morumbi.<\/p>\n<p>Maira \u00e9 m\u00e3e de quatro crian\u00e7as e enfrentava desaven\u00e7as com o pr\u00f3prio pai h\u00e1 anos. O caso come\u00e7ou quando a ex-esposa de Frederico morreu afogada em uma piscina.<\/p>\n<p><img data-recalc-dims=\"1\" loading=\"lazy\" decoding=\"async\" data-attachment-id=\"8500\" data-permalink=\"http:\/\/blogdalucianaoliveira.com.br\/blog\/2017\/02\/13\/o-caso-do-intervencionista-militar-que-matou-a-filha-e-foi-ao-facebook-fazer-propaganda\/frederico-3-600x338\/\" data-orig-file=\"https:\/\/i0.wp.com\/blogdalucianaoliveira.com.br\/blog\/wp-content\/uploads\/2017\/02\/frederico-3-600x338.jpg?fit=600%2C338\" data-orig-size=\"600,338\" data-comments-opened=\"0\" data-image-meta=\"{&quot;aperture&quot;:&quot;0&quot;,&quot;credit&quot;:&quot;&quot;,&quot;camera&quot;:&quot;&quot;,&quot;caption&quot;:&quot;&quot;,&quot;created_timestamp&quot;:&quot;0&quot;,&quot;copyright&quot;:&quot;&quot;,&quot;focal_length&quot;:&quot;0&quot;,&quot;iso&quot;:&quot;0&quot;,&quot;shutter_speed&quot;:&quot;0&quot;,&quot;title&quot;:&quot;&quot;,&quot;orientation&quot;:&quot;0&quot;}\" data-image-title=\"frederico-3-600&amp;#215;338\" data-image-description=\"\" data-image-caption=\"\" data-medium-file=\"https:\/\/i0.wp.com\/blogdalucianaoliveira.com.br\/blog\/wp-content\/uploads\/2017\/02\/frederico-3-600x338.jpg?fit=300%2C169\" data-large-file=\"https:\/\/i0.wp.com\/blogdalucianaoliveira.com.br\/blog\/wp-content\/uploads\/2017\/02\/frederico-3-600x338.jpg?fit=600%2C338\" src=\"https:\/\/i0.wp.com\/blogdalucianaoliveira.com.br\/blog\/wp-content\/uploads\/2017\/02\/frederico-3-600x338.jpg?resize=600%2C338\" alt=\"frederico-3-600x338\" width=\"600\" height=\"338\" class=\"alignnone size-full wp-image-8500\" srcset=\"https:\/\/i0.wp.com\/blogdalucianaoliveira.com.br\/blog\/wp-content\/uploads\/2017\/02\/frederico-3-600x338.jpg?resize=600%2C338 600w, https:\/\/i0.wp.com\/blogdalucianaoliveira.com.br\/blog\/wp-content\/uploads\/2017\/02\/frederico-3-600x338.jpg?resize=300%2C169 300w, https:\/\/i0.wp.com\/blogdalucianaoliveira.com.br\/blog\/wp-content\/uploads\/2017\/02\/frederico-3-600x338.jpg?resize=533%2C300 533w\" sizes=\"auto, (max-width: 600px) 100vw, 600px\" \/><\/p>\n<p>O disparo, segundo uma das filhas de Maira, Isabella, foi realizado na presen\u00e7a dela e dos irm\u00e3os. Silmara Brandi, atual esposa de Frederico, estaria tamb\u00e9m no local. O casal fugiu do local do crime e Maira Cintra Soares morreu.<\/p>\n<p>A pol\u00edcia ainda n\u00e3o os encontrou.<\/p>\n<p>No dia 14 de agosto de 2016, Maira gravou um v\u00eddeo de 10 minutos para se queixar dos comportamentos do pai na partilha da heran\u00e7a.<\/p>\n<p>\u201cVou gravar porque foi a \u00faltima alternativa que encontrei, apesar de muita gente ter me falado para ir at\u00e9 a televis\u00e3o falar sobre o caso. Desde a morte da minha m\u00e3e, quando eu tinha 8 anos e meu irm\u00e3o 7, passamos a ter uma vida horr\u00edvel. Meu pai, como vi\u00favo, sempre foi uma pessoa ego\u00edsta, interesseira e tirou n\u00f3s dois da fam\u00edlia dela\u201d, explica.<\/p>\n<p>Maira Cintra Soares descreve o pai Frederico como aproveitador que deixou a ex-esposa com depress\u00e3o ao ter casos extraconjugais. Ganhou a pens\u00e3o da falecida e usou do trabalho da irm\u00e3, ex-funcion\u00e1ria da antiga FEBEM, para manter os irm\u00e3os separados.<\/p>\n<p>Ele teria usado tamb\u00e9m de contatos no Minist\u00e9rio P\u00fablico para interferir na vida familiar dos pr\u00f3prios filhos e ter dinheiro para realizar viagens.<\/p>\n<p>O irm\u00e3o Luciano foi colocado num orfanato, teve problemas psicol\u00f3gicos graves ap\u00f3s os 16 anos e foi internado posteriormente, chegando a dormir em diferentes ocasi\u00f5es no cemit\u00e9rio onde a m\u00e3e est\u00e1 enterrada. Foi diagnosticado com esquizofrenia, segundo a irm\u00e3.<\/p>\n<p>Maira prossegue no depoimento e \u00e9 taxativa: \u201cVoltei para a casa da minha m\u00e3e para cuidar do meu irm\u00e3o. Meu pai resolveu que queria a propriedade e tentou nos tirar de l\u00e1, nos chamando de indigentes. Foi morar conosco e fez torturas com n\u00f3s dois, mexendo nas contas de \u00e1gua e de luz, al\u00e9m de tirar rem\u00e9dios do Luciano\u201d.<\/p>\n<p>Isabella, filha de Maira Cintra Soares, n\u00e3o recebe pens\u00e3o do pai desde os cinco anos de idade. Foi ela que passou a atualizar os perfis da m\u00e3e na internet e fez acusa\u00e7\u00f5es ao av\u00f4, Frederico Carneiro Soares, achando tr\u00eas diferentes perfis de Facebook que supostamente pertencem a ele.<\/p>\n<p>\u201cProcurado: Pai mata filha com dois tiros no rosto na frente de seus tr\u00eas filhos pequenos\u201d, divulgou Isabella. Na galeria de fotos, est\u00e3o os perfis FredeRico Soares, Luc Bug e Deric Carn.<\/p>\n","protected":false},"excerpt":{"rendered":"<p>No DCM Por Zambarda Frederico Carneiro Soares \u00e9 um professor de faculdade acusado de um crime ocorrido no dia 10 de fevereiro, \u00e0s 21h.<\/p>\n","protected":false},"author":1,"featured_media":0,"comment_status":"closed","ping_status":"open","sticky":false,"template":"","format":"standard","meta":{"_exactmetrics_skip_tracking":false,"_exactmetrics_sitenote_active":false,"_exactmetrics_sitenote_note":"","_exactmetrics_sitenote_category":0,"jetpack_post_was_ever_published":false,"_jetpack_newsletter_access":"","_jetpack_dont_email_post_to_subs":false,"_jetpack_newsletter_tier_id":0,"_jetpack_memberships_contains_paywalled_content":false,"_jetpack_memberships_contains_paid_content":false,"footnotes":"","jetpack_publicize_message":"","jetpack_publicize_feature_enabled":true,"jetpack_social_post_already_shared":true,"jetpack_social_options":{"image_generator_settings":{"template":"highway","enabled":false},"version":2}},"categories":[1],"tags":[],"class_list":["post-8498","post","type-post","status-publish","format-standard","hentry","category-notas"],"jetpack_publicize_connections":[],"jetpack_sharing_enabled":true,"jetpack_featured_media_url":"","jetpack_shortlink":"https:\/\/wp.me\/p7wKYW-2d4","jetpack-related-posts":[],"_links":{"self":[{"href":"http:\/\/blogdalucianaoliveira.com.br\/blog\/wp-json\/wp\/v2\/posts\/8498","targetHints":{"allow":["GET"]}}],"collection":[{"href":"http:\/\/blogdalucianaoliveira.com.br\/blog\/wp-json\/wp\/v2\/posts"}],"about":[{"href":"http:\/\/blogdalucianaoliveira.com.br\/blog\/wp-json\/wp\/v2\/types\/post"}],"author":[{"embeddable":true,"href":"http:\/\/blogdalucianaoliveira.com.br\/blog\/wp-json\/wp\/v2\/users\/1"}],"replies":[{"embeddable":true,"href":"http:\/\/blogdalucianaoliveira.com.br\/blog\/wp-json\/wp\/v2\/comments?post=8498"}],"version-history":[{"count":1,"href":"http:\/\/blogdalucianaoliveira.com.br\/blog\/wp-json\/wp\/v2\/posts\/8498\/revisions"}],"predecessor-version":[{"id":8501,"href":"http:\/\/blogdalucianaoliveira.com.br\/blog\/wp-json\/wp\/v2\/posts\/8498\/revisions\/8501"}],"wp:attachment":[{"href":"http:\/\/blogdalucianaoliveira.com.br\/blog\/wp-json\/wp\/v2\/media?parent=8498"}],"wp:term":[{"taxonomy":"category","embeddable":true,"href":"http:\/\/blogdalucianaoliveira.com.br\/blog\/wp-json\/wp\/v2\/categories?post=8498"},{"taxonomy":"post_tag","embeddable":true,"href":"http:\/\/blogdalucianaoliveira.com.br\/blog\/wp-json\/wp\/v2\/tags?post=8498"}],"curies":[{"name":"wp","href":"https:\/\/api.w.org\/{rel}","templated":true}]}}