{"id":8512,"date":"2017-02-14T09:06:44","date_gmt":"2017-02-14T13:06:44","guid":{"rendered":"http:\/\/blogdalucianaoliveira.com.br\/blog\/?p=8512"},"modified":"2017-02-14T09:06:44","modified_gmt":"2017-02-14T13:06:44","slug":"fracasso-do-governo-golpista-confirma-a-democracia-e-o-lado-certo-da-historia","status":"publish","type":"post","link":"http:\/\/blogdalucianaoliveira.com.br\/blog\/2017\/02\/14\/fracasso-do-governo-golpista-confirma-a-democracia-e-o-lado-certo-da-historia\/","title":{"rendered":"Fracasso do governo golpista confirma: a democracia \u00e9 o lado certo da hist\u00f3ria"},"content":{"rendered":"<p><img data-recalc-dims=\"1\" loading=\"lazy\" decoding=\"async\" data-attachment-id=\"8513\" data-permalink=\"http:\/\/blogdalucianaoliveira.com.br\/blog\/2017\/02\/14\/fracasso-do-governo-golpista-confirma-a-democracia-e-o-lado-certo-da-historia\/fraca\/\" data-orig-file=\"https:\/\/i0.wp.com\/blogdalucianaoliveira.com.br\/blog\/wp-content\/uploads\/2017\/02\/fraca.jpg?fit=490%2C280\" data-orig-size=\"490,280\" data-comments-opened=\"0\" data-image-meta=\"{&quot;aperture&quot;:&quot;0&quot;,&quot;credit&quot;:&quot;&quot;,&quot;camera&quot;:&quot;&quot;,&quot;caption&quot;:&quot;&quot;,&quot;created_timestamp&quot;:&quot;0&quot;,&quot;copyright&quot;:&quot;&quot;,&quot;focal_length&quot;:&quot;0&quot;,&quot;iso&quot;:&quot;0&quot;,&quot;shutter_speed&quot;:&quot;0&quot;,&quot;title&quot;:&quot;&quot;,&quot;orientation&quot;:&quot;0&quot;}\" data-image-title=\"fraca\" data-image-description=\"\" data-image-caption=\"\" data-medium-file=\"https:\/\/i0.wp.com\/blogdalucianaoliveira.com.br\/blog\/wp-content\/uploads\/2017\/02\/fraca.jpg?fit=300%2C171\" data-large-file=\"https:\/\/i0.wp.com\/blogdalucianaoliveira.com.br\/blog\/wp-content\/uploads\/2017\/02\/fraca.jpg?fit=490%2C280\" src=\"https:\/\/i0.wp.com\/blogdalucianaoliveira.com.br\/blog\/wp-content\/uploads\/2017\/02\/fraca.jpg?resize=490%2C280\" alt=\"fraca\" width=\"490\" height=\"280\" class=\"alignnone size-full wp-image-8513\" srcset=\"https:\/\/i0.wp.com\/blogdalucianaoliveira.com.br\/blog\/wp-content\/uploads\/2017\/02\/fraca.jpg?w=490 490w, https:\/\/i0.wp.com\/blogdalucianaoliveira.com.br\/blog\/wp-content\/uploads\/2017\/02\/fraca.jpg?resize=300%2C171 300w\" sizes=\"auto, (max-width: 490px) 100vw, 490px\" \/><\/p>\n<p>No 247<br \/>\nPor Emir Sader<\/p>\n<p>A esquerda foi muito acusada de se orientar pela norma de que &#8220;o fim justificaria os meios&#8221;. Por\u00e9m, foi a ditadura militar que, em nome da salva\u00e7\u00e3o da democracia, imp\u00f4s o regime mais brutalmente antidemocr\u00e1tico no Brasil.<!--more--><\/p>\n<p>O pais saiu muito mais desigual, muito menos democr\u00e1tico, da ditadura. Romper com a democracia levou o Brasil a um caminho errado, ruim, negativo.<\/p>\n<p>Agora, supostamente para reunificar o pa\u00eds e reconquistar a confian\u00e7a na economia, a direita apelou de novo a um golpe. Al\u00e9m da falta de raz\u00f5es para faz\u00ea-lo, o governo golpista coloca em pr\u00e1tica o programa derrotado nas elei\u00e7\u00f5es, completando a viola\u00e7\u00e3o da democracia, contra o voto da maioria dos brasileiros.<\/p>\n<p>A direita se permite utilizar todos os meios a seu alcance, para obter o seu objetivo maior: tirar o PT do governo, recuperar o controle sobre o Estado e levar a cabo as pol\u00edticas mais antipopulares e antidemocr\u00e1ticas, que seus candidatos defenderam nas elei\u00e7\u00f5es e perderam por quatro vezes sucessivamente. Tentaram faz\u00ea-lo por outros meios, mas terminaram se concentrando no uso golpista de um vice-presidente corrupto e sem car\u00e1ter, para desalojar o PT do governo.<\/p>\n<p>Nenhum dos que fizeram parte do golpe desconhecia o car\u00e1ter \u2013 ou a falta de \u2013 de MT, ao contr\u00e1rio, se valiam disso para recrut\u00e1-lo para a aventura golpista. Menos ainda de que a gente de que ele sempre se cercou \u00e9 a mais corrupta da pol\u00edtica brasileira. Mas valia tudo, os fins justificariam os meios. Esse epis\u00f3dio feio da hist\u00f3ria brasileira se apagaria diante da recupera\u00e7\u00e3o da economia do pa\u00eds, da sua reunifica\u00e7\u00e3o em torno de um programa que recuperaria o prest\u00edgio do governo.<\/p>\n<p>Assim como ningu\u00e9m ou quase ningu\u00e9m confessa que apoiou o golpe de 1964, diante do &#8220;milagre econ\u00f4mico&#8221; e da reimposicao violenta da ordem que a ditadura logrou. Os mais violentos meios seriam justificados pelo sucesso da ditadura. Foi s\u00f3 quando a Comiss\u00e3o da Verdade recordou para o pais as barbaridades da ditadura para conseguir seus fins, que alguns \u00f3rg\u00e3os fizeram autocr\u00edtica, velada ou abertamente.<\/p>\n<p>Mas nunca confessaram que seu objetivo, naquele momento e agora, \u00e9 tirar um governo progressista, eleito democraticamente, da forma que fosse. Com todas as criticas que acumulam agora ao governo de MT, nunca colocam em risco sua &#8220;conquista&#8221;: a derrubada de um governo progressista, sonho que acalentavam desde 2003. Esse \u00e9 o seu limite, por isso se unem na tentativa de tirar o Lula da luta eleitoral, candidatura que poderia levar \u00e0 retomada de um governo ao que sempre se opuseram com tudo o que podiam.<\/p>\n<p>O golpismo se revela, uma vez mais, o lado errado da hist\u00f3ria. O pa\u00eds est\u00e1 muito pior, de todos os pontos de vista: sem democracia, sem governo eleito e legitimado pelo povo, com a economia na pior depress\u00e3o da sua hist\u00f3ria, com o Estado desfeito, tamb\u00e9m do ponto de vista da seguran\u00e7a p\u00fablica, com o prest\u00edgio do Brasil no exterior no seu ponto mais baixo, com um presidente em quem ningu\u00e9m confia, com uma gangue que o cerca esperando novas dela\u00e7\u00f5es para saber se se mant\u00eam nos seus cargos ou se os perder\u00e3o e ser\u00e3o v\u00edtimas de processos que escandalosamente revelam suas trajet\u00f3rias corruptas.<\/p>\n<p>Uma vez mais, para a direita brasileira, que se sempre se jactou de ser liberal, o apelo a formas golpistas se justificaria pelos fins que se conseguiria. Os \u00fanicos fins que logra \u00e9 a recomposi\u00e7\u00e3o dos ganhos dos bancos, da superexplora\u00e7\u00e3o dos trabalhadores, da degrada\u00e7\u00e3o da situa\u00e7\u00e3o social da grande massa de brasileiros. As ruas voltam a ser povoadas por gente dormindo e vivendo ao relento. Os meninos pobres voltam a vender balas nos sinais de tr\u00e2nsito. Os pobres s\u00e3o expulsos de novo dos aeroportos para as rodovi\u00e1rias. Os \u00edndices econ\u00f4micos e sociais do Brasil voltam a ser os piores, voltamos para o Mapa da Fome e para o FMI.<\/p>\n<p>Por isso Dilma tem repetido sempre que &#8220;a democracia \u00e9 o lado certo da hist\u00f3ria&#8221;, porque n\u00e3o se trata apenas de meio para atingir determinados fins, mas de um fim em si mesmo, da forma pela qual se pode conviver na diferen\u00e7a, com pluralismo, com express\u00e3o aberta das opini\u00f5es de todos. O golpe representa por isso, o lado errado da hist\u00f3ria.<\/p>\n","protected":false},"excerpt":{"rendered":"<p>No 247 Por Emir Sader A esquerda foi muito acusada de se orientar pela norma de que &#8220;o fim justificaria os meios&#8221;. Por\u00e9m, foi a ditadura militar que, em nome da salva\u00e7\u00e3o da democracia, imp\u00f4s o regime mais brutalmente antidemocr\u00e1tico no Brasil.<\/p>\n","protected":false},"author":1,"featured_media":0,"comment_status":"closed","ping_status":"open","sticky":false,"template":"","format":"standard","meta":{"_exactmetrics_skip_tracking":false,"_exactmetrics_sitenote_active":false,"_exactmetrics_sitenote_note":"","_exactmetrics_sitenote_category":0,"jetpack_post_was_ever_published":false,"_jetpack_newsletter_access":"","_jetpack_dont_email_post_to_subs":false,"_jetpack_newsletter_tier_id":0,"_jetpack_memberships_contains_paywalled_content":false,"_jetpack_memberships_contains_paid_content":false,"footnotes":"","jetpack_publicize_message":"","jetpack_publicize_feature_enabled":true,"jetpack_social_post_already_shared":true,"jetpack_social_options":{"image_generator_settings":{"template":"highway","enabled":false},"version":2}},"categories":[1],"tags":[],"class_list":["post-8512","post","type-post","status-publish","format-standard","hentry","category-notas"],"jetpack_publicize_connections":[],"jetpack_sharing_enabled":true,"jetpack_featured_media_url":"","jetpack_shortlink":"https:\/\/wp.me\/p7wKYW-2di","jetpack-related-posts":[],"_links":{"self":[{"href":"http:\/\/blogdalucianaoliveira.com.br\/blog\/wp-json\/wp\/v2\/posts\/8512","targetHints":{"allow":["GET"]}}],"collection":[{"href":"http:\/\/blogdalucianaoliveira.com.br\/blog\/wp-json\/wp\/v2\/posts"}],"about":[{"href":"http:\/\/blogdalucianaoliveira.com.br\/blog\/wp-json\/wp\/v2\/types\/post"}],"author":[{"embeddable":true,"href":"http:\/\/blogdalucianaoliveira.com.br\/blog\/wp-json\/wp\/v2\/users\/1"}],"replies":[{"embeddable":true,"href":"http:\/\/blogdalucianaoliveira.com.br\/blog\/wp-json\/wp\/v2\/comments?post=8512"}],"version-history":[{"count":1,"href":"http:\/\/blogdalucianaoliveira.com.br\/blog\/wp-json\/wp\/v2\/posts\/8512\/revisions"}],"predecessor-version":[{"id":8514,"href":"http:\/\/blogdalucianaoliveira.com.br\/blog\/wp-json\/wp\/v2\/posts\/8512\/revisions\/8514"}],"wp:attachment":[{"href":"http:\/\/blogdalucianaoliveira.com.br\/blog\/wp-json\/wp\/v2\/media?parent=8512"}],"wp:term":[{"taxonomy":"category","embeddable":true,"href":"http:\/\/blogdalucianaoliveira.com.br\/blog\/wp-json\/wp\/v2\/categories?post=8512"},{"taxonomy":"post_tag","embeddable":true,"href":"http:\/\/blogdalucianaoliveira.com.br\/blog\/wp-json\/wp\/v2\/tags?post=8512"}],"curies":[{"name":"wp","href":"https:\/\/api.w.org\/{rel}","templated":true}]}}