{"id":8515,"date":"2017-02-14T09:10:28","date_gmt":"2017-02-14T13:10:28","guid":{"rendered":"http:\/\/blogdalucianaoliveira.com.br\/blog\/?p=8515"},"modified":"2017-02-14T09:10:28","modified_gmt":"2017-02-14T13:10:28","slug":"rondonia-se-destacou-na-queda-em-volume-de-vendas","status":"publish","type":"post","link":"http:\/\/blogdalucianaoliveira.com.br\/blog\/2017\/02\/14\/rondonia-se-destacou-na-queda-em-volume-de-vendas\/","title":{"rendered":"Rond\u00f4nia se destacou na queda em volume de vendas"},"content":{"rendered":"<p><img data-recalc-dims=\"1\" loading=\"lazy\" decoding=\"async\" data-attachment-id=\"8516\" data-permalink=\"http:\/\/blogdalucianaoliveira.com.br\/blog\/2017\/02\/14\/rondonia-se-destacou-na-queda-em-volume-de-vendas\/nata\/\" data-orig-file=\"https:\/\/i0.wp.com\/blogdalucianaoliveira.com.br\/blog\/wp-content\/uploads\/2017\/02\/nata.jpg?fit=1000%2C357\" data-orig-size=\"1000,357\" data-comments-opened=\"0\" data-image-meta=\"{&quot;aperture&quot;:&quot;0&quot;,&quot;credit&quot;:&quot;&quot;,&quot;camera&quot;:&quot;&quot;,&quot;caption&quot;:&quot;&quot;,&quot;created_timestamp&quot;:&quot;0&quot;,&quot;copyright&quot;:&quot;&quot;,&quot;focal_length&quot;:&quot;0&quot;,&quot;iso&quot;:&quot;0&quot;,&quot;shutter_speed&quot;:&quot;0&quot;,&quot;title&quot;:&quot;&quot;,&quot;orientation&quot;:&quot;0&quot;}\" data-image-title=\"nata\" data-image-description=\"\" data-image-caption=\"\" data-medium-file=\"https:\/\/i0.wp.com\/blogdalucianaoliveira.com.br\/blog\/wp-content\/uploads\/2017\/02\/nata.jpg?fit=300%2C107\" data-large-file=\"https:\/\/i0.wp.com\/blogdalucianaoliveira.com.br\/blog\/wp-content\/uploads\/2017\/02\/nata.jpg?fit=600%2C214\" src=\"https:\/\/i0.wp.com\/blogdalucianaoliveira.com.br\/blog\/wp-content\/uploads\/2017\/02\/nata.jpg?resize=600%2C214\" alt=\"nata\" width=\"600\" height=\"214\" class=\"alignnone size-full wp-image-8516\" srcset=\"https:\/\/i0.wp.com\/blogdalucianaoliveira.com.br\/blog\/wp-content\/uploads\/2017\/02\/nata.jpg?w=1000 1000w, https:\/\/i0.wp.com\/blogdalucianaoliveira.com.br\/blog\/wp-content\/uploads\/2017\/02\/nata.jpg?resize=300%2C107 300w, https:\/\/i0.wp.com\/blogdalucianaoliveira.com.br\/blog\/wp-content\/uploads\/2017\/02\/nata.jpg?resize=768%2C274 768w, https:\/\/i0.wp.com\/blogdalucianaoliveira.com.br\/blog\/wp-content\/uploads\/2017\/02\/nata.jpg?resize=800%2C286 800w\" sizes=\"auto, (max-width: 600px) 100vw, 600px\" \/><\/p>\n<p>NATAL DE TEMER FOI O PIOR DE TODOS OS TEMPOS<!--more--><\/p>\n<p>Reuters &#8211; As vendas no varejo brasileiro recuaram 2,1 por cento em dezembro na compara\u00e7\u00e3o com o m\u00eas anterior e fecharam 2016 com queda de 6,2 por cento, pior resultado para a s\u00e9rie iniciada em 2011, informou o Instituto Brasileiro de Geografia e Estat\u00edstica (IBGE) nesta ter\u00e7a-feira.<\/p>\n<p>Na compara\u00e7\u00e3o com dezembro de 2015, as vendas ca\u00edram 4,9 por cento. A expectativa em pesquisa da Reuters era de baixa de 1,95 por cento na compara\u00e7\u00e3o mensal e de queda de 4,50 por cento sobre um ano antes.<\/p>\n<p>Leia material divulgado pelo IBGE sobre o assunto: <\/p>\n<p>Vendas do Com\u00e9rcio Varejista caem 6,2% em 2016<\/p>\n<p>No \u00edndice acumulado no ano de 2016, frente a igual per\u00edodo do ano anterior, o volume de vendas do Com\u00e9rcio Varejista registrou recuo de 6,2%, o mais acentuado da s\u00e9rie hist\u00f3rica iniciada em 2001. Esse comportamento foi acompanhado pelas oito atividades que comp\u00f5em o varejo, seis delas registraram as quedas mais acentuadas de suas s\u00e9ries hist\u00f3ricas no acumulado em 2016. As atividades que mais se destacaram, em termos de contribui\u00e7\u00e3o para o resultado global, foram: Hipermercados, supermercados, produtos aliment\u00edcios, bebidas e fumo (-3,1%); M\u00f3veis e eletrodom\u00e9sticos (-12,6%); Outros artigos de uso pessoal e dom\u00e9stico (-9,5%); Combust\u00edveis e lubrificantes (-9,2%); Tecidos, vestu\u00e1rio e cal\u00e7ados (-10,9%); Artigos farmac\u00eauticos, m\u00e9dicos, ortop\u00e9dicos, de perfumaria e cosm\u00e9ticos (-2,1%); Equipamentos e material de escrit\u00f3rio, inform\u00e1tica e comunica\u00e7\u00e3o (-12,3%) e Livros, jornais, revistas e papelaria (-16,1%).<\/p>\n<p>Hipermercados, supermercados, produtos aliment\u00edcios, bebidas e fumo (-3,1%) registrou o recuo mais acentuado desde 2003 (-4,8%) e exerceu a maior influ\u00eancia negativa na redu\u00e7\u00e3o do total do varejo. A perda da renda real e o aumento de pre\u00e7os dos alimentos em domic\u00edlio, no mesmo per\u00edodo, foram os principais respons\u00e1veis pelo desempenho negativo do setor.<\/p>\n<p>M\u00f3veis e eletrodom\u00e9sticos registrou recuo (-12,6%) menos acentuado do que no fechamento de 2015 (-14,1%), contribuindo com o segundo maior impacto negativo na taxa anual do com\u00e9rcio varejista. Com uma din\u00e2mica de vendas associada \u00e0 disponibilidade de cr\u00e9dito e a evolu\u00e7\u00e3o dos rendimentos, o resultado do setor, abaixo da m\u00e9dia geral, foi influenciado principalmente pela eleva\u00e7\u00e3o da taxa de juros nas opera\u00e7\u00f5es de cr\u00e9dito \u00e0s pessoas f\u00edsicas e pela queda da massa real de rendimentos.<\/p>\n<p>Outros artigos de uso pessoal e dom\u00e9stico, que engloba lojas de departamentos, \u00f3tica, joalheria, artigos esportivos, brinquedos, etc., registrou a primeira varia\u00e7\u00e3o negativa para o volume de vendas nesse tipo de compara\u00e7\u00e3o (-9,5%), e exerceu o terceiro maior impacto negativo na taxa anual do com\u00e9rcio.<\/p>\n<p>Combust\u00edveis e lubrificantes (-9,2%) representou a quarta maior contribui\u00e7\u00e3o negativa no resultado anual do varejo. Esse resultado, abaixo da m\u00e9dia geral, foi influenciado pela j\u00e1 citada redu\u00e7\u00e3o da massa real, al\u00e9m do impacto devido ao recuo do ritmo da atividade econ\u00f4mica.<\/p>\n<p>Tecidos, vestu\u00e1rio e cal\u00e7ados (-10,9%) registrou a queda acumulada mais acentuada da sua s\u00e9rie hist\u00f3rica. Mesmo com os pre\u00e7os de vestu\u00e1rio se posicionando abaixo do \u00edndice geral de infla\u00e7\u00e3o, a atividade apresenta desempenho acumulado inferior \u00e0 m\u00e9dia geral do com\u00e9rcio varejista, refletindo o quadro de perda de poder de compra das fam\u00edlias.<\/p>\n<p>Apesar do car\u00e1ter essencial de uso, Artigos farmac\u00eauticos, m\u00e9dicos, ortop\u00e9dicos, de perfumaria e cosm\u00e9ticos (-2,1%) teve o primeiro recuo da s\u00e9rie hist\u00f3rica, iniciada em 2004.<\/p>\n<p>Equipamentos e material de escrit\u00f3rio, inform\u00e1tica e comunica\u00e7\u00e3o (-12,3%) registrou a queda mais acentuada da sua s\u00e9rie hist\u00f3rica. Esse resultado reflete n\u00e3o s\u00f3 o quadro de redu\u00e7\u00e3o de renda real e eleva\u00e7\u00e3o dos juros, como tamb\u00e9m, a valoriza\u00e7\u00e3o cambial do d\u00f3lar ao longo de 2016, na medida em que muitos componentes ainda s\u00e3o importados.<\/p>\n<p>Livros, jornais, revistas e papelaria (-16,1%) teve a mais acentuada queda da sua s\u00e9rie hist\u00f3rica. Al\u00e9m da redu\u00e7\u00e3o da renda real, a trajet\u00f3ria declinante desta atividade vem sendo influenciada, em especial no que tange a jornais e revistas, por certa substitui\u00e7\u00e3o dos produtos impressos pelos de meio eletr\u00f4nico.<\/p>\n<p>O Com\u00e9rcio Varejista Ampliado registrou a queda mais acentuada da s\u00e9rie hist\u00f3rica (-8,7%). Esse resultado reflete, sobretudo, o comportamento das vendas de Ve\u00edculos, motos, partes e pe\u00e7as (-14,0%) e de Material de constru\u00e7\u00e3o (-10,7%). Os fatores que justificam este desempenho s\u00e3o a diminui\u00e7\u00e3o do ritmo de financiamentos, a eleva\u00e7\u00e3o da taxa de juros e a restri\u00e7\u00e3o or\u00e7ament\u00e1ria das fam\u00edlias.<\/p>\n<p>Resultados regionais: apenas no Amap\u00e1 vendas no Varejo n\u00e3o recuam<\/p>\n<p>Na passagem de novembro para dezembro de 2016, s\u00e9rie livre de influencia sazonal, as vendas no varejo foram negativas para 26 as 27 Unidades da Federa\u00e7\u00e3o, com os maiores recuos sendo observados na Para\u00edba (-6,3%), Goi\u00e1s (-5,7%) e Rond\u00f4nia (-5,1%), enquanto Amap\u00e1 (0,1%) mostrou estabilidade nas vendas entre novembro e dezembro.<\/p>\n<p>Frente a dezembro de 2015, s\u00e9rie sem ajuste sazonal, o Com\u00e9rcio Varejista registrou queda no volume de vendas para 25 dos 27 estados, com destaque para o Par\u00e1 (-12,6%), seguido por Mato Grosso (-12,4%) e Rond\u00f4nia (-12,0%). Quanto \u00e0 participa\u00e7\u00e3o na composi\u00e7\u00e3o da taxa negativa do varejo, destacaram-se S\u00e3o Paulo (-4,2%) e Rio de Janeiro (-7,4%).<\/p>\n<p>No acumulado no ano de 2016, frente ao ano de 2015, o Com\u00e9rcio Varejista mostrou redu\u00e7\u00e3o no volume de vendas em 26 das 27 Unidades da Federa\u00e7\u00e3o, com destaque, em termos de magnitude de taxa para Amap\u00e1 (-18,1%), Par\u00e1 (-13,1%), Rond\u00f4nia (-12,3%) e Bahia (-12,1%). Roraima, com avan\u00e7o de 1,2%, foi o \u00fanico estado que mostrou avan\u00e7o das vendas em 2016.<\/p>\n<p>No Com\u00e9rcio Varejista Ampliado, 25 das 27 Unidades da Federa\u00e7\u00e3o apresentaram varia\u00e7\u00f5es negativas na compara\u00e7\u00e3o com dezembro do ano passado. Em termos de volume de vendas, destacaram-se Rond\u00f4nia (-15,5%), Par\u00e1 (-12,6%), Amap\u00e1 (-11,0%) e Esp\u00edrito Santo (-11,9%). Os estados com maior impacto negativo foram S\u00e3o Paulo (-7,7%) e Rio de Janeiro (-8,5%). Por outro lado, Roraima (5,5%) e Sergipe (2,6%) registraram avan\u00e7o em rela\u00e7\u00e3o a dezembro de 2015.<\/p>\n<p>No acumulado do ano, 26 as 27 Unidades da Federa\u00e7\u00e3o apontaram queda, com destaque, em termos de magnitude, para Amap\u00e1 (-16,3%); Esp\u00edrito Santo (-15,0%); Par\u00e1 (-14,0%) e Tocantins (-13,1%). Roraima, com avan\u00e7o de 0,7% foi o \u00fanico estado que mostrou avan\u00e7o nas vendas em 2016.<\/p>\n","protected":false},"excerpt":{"rendered":"<p>NATAL DE TEMER FOI O PIOR DE TODOS OS TEMPOS<\/p>\n","protected":false},"author":1,"featured_media":0,"comment_status":"closed","ping_status":"open","sticky":false,"template":"","format":"standard","meta":{"_exactmetrics_skip_tracking":false,"_exactmetrics_sitenote_active":false,"_exactmetrics_sitenote_note":"","_exactmetrics_sitenote_category":0,"jetpack_post_was_ever_published":false,"_jetpack_newsletter_access":"","_jetpack_dont_email_post_to_subs":false,"_jetpack_newsletter_tier_id":0,"_jetpack_memberships_contains_paywalled_content":false,"_jetpack_memberships_contains_paid_content":false,"footnotes":"","jetpack_publicize_message":"","jetpack_publicize_feature_enabled":true,"jetpack_social_post_already_shared":true,"jetpack_social_options":{"image_generator_settings":{"template":"highway","enabled":false},"version":2}},"categories":[1],"tags":[],"class_list":["post-8515","post","type-post","status-publish","format-standard","hentry","category-notas"],"jetpack_publicize_connections":[],"jetpack_sharing_enabled":true,"jetpack_featured_media_url":"","jetpack_shortlink":"https:\/\/wp.me\/p7wKYW-2dl","jetpack-related-posts":[],"_links":{"self":[{"href":"http:\/\/blogdalucianaoliveira.com.br\/blog\/wp-json\/wp\/v2\/posts\/8515","targetHints":{"allow":["GET"]}}],"collection":[{"href":"http:\/\/blogdalucianaoliveira.com.br\/blog\/wp-json\/wp\/v2\/posts"}],"about":[{"href":"http:\/\/blogdalucianaoliveira.com.br\/blog\/wp-json\/wp\/v2\/types\/post"}],"author":[{"embeddable":true,"href":"http:\/\/blogdalucianaoliveira.com.br\/blog\/wp-json\/wp\/v2\/users\/1"}],"replies":[{"embeddable":true,"href":"http:\/\/blogdalucianaoliveira.com.br\/blog\/wp-json\/wp\/v2\/comments?post=8515"}],"version-history":[{"count":1,"href":"http:\/\/blogdalucianaoliveira.com.br\/blog\/wp-json\/wp\/v2\/posts\/8515\/revisions"}],"predecessor-version":[{"id":8517,"href":"http:\/\/blogdalucianaoliveira.com.br\/blog\/wp-json\/wp\/v2\/posts\/8515\/revisions\/8517"}],"wp:attachment":[{"href":"http:\/\/blogdalucianaoliveira.com.br\/blog\/wp-json\/wp\/v2\/media?parent=8515"}],"wp:term":[{"taxonomy":"category","embeddable":true,"href":"http:\/\/blogdalucianaoliveira.com.br\/blog\/wp-json\/wp\/v2\/categories?post=8515"},{"taxonomy":"post_tag","embeddable":true,"href":"http:\/\/blogdalucianaoliveira.com.br\/blog\/wp-json\/wp\/v2\/tags?post=8515"}],"curies":[{"name":"wp","href":"https:\/\/api.w.org\/{rel}","templated":true}]}}