{"id":8518,"date":"2017-02-14T09:47:21","date_gmt":"2017-02-14T13:47:21","guid":{"rendered":"http:\/\/blogdalucianaoliveira.com.br\/blog\/?p=8518"},"modified":"2017-02-14T10:03:02","modified_gmt":"2017-02-14T14:03:02","slug":"quem-os-viu-quem-os-ve","status":"publish","type":"post","link":"http:\/\/blogdalucianaoliveira.com.br\/blog\/2017\/02\/14\/quem-os-viu-quem-os-ve\/","title":{"rendered":"Quem os viu, n\u00e3o os v\u00ea?"},"content":{"rendered":"<p><img data-recalc-dims=\"1\" loading=\"lazy\" decoding=\"async\" data-attachment-id=\"8520\" data-permalink=\"http:\/\/blogdalucianaoliveira.com.br\/blog\/2017\/02\/14\/quem-os-viu-quem-os-ve\/max\/\" data-orig-file=\"https:\/\/i0.wp.com\/blogdalucianaoliveira.com.br\/blog\/wp-content\/uploads\/2017\/02\/max.jpg?fit=960%2C540\" data-orig-size=\"960,540\" data-comments-opened=\"0\" data-image-meta=\"{&quot;aperture&quot;:&quot;0&quot;,&quot;credit&quot;:&quot;&quot;,&quot;camera&quot;:&quot;&quot;,&quot;caption&quot;:&quot;&quot;,&quot;created_timestamp&quot;:&quot;0&quot;,&quot;copyright&quot;:&quot;&quot;,&quot;focal_length&quot;:&quot;0&quot;,&quot;iso&quot;:&quot;0&quot;,&quot;shutter_speed&quot;:&quot;0&quot;,&quot;title&quot;:&quot;&quot;,&quot;orientation&quot;:&quot;0&quot;}\" data-image-title=\"max\" data-image-description=\"\" data-image-caption=\"\" data-medium-file=\"https:\/\/i0.wp.com\/blogdalucianaoliveira.com.br\/blog\/wp-content\/uploads\/2017\/02\/max.jpg?fit=300%2C169\" data-large-file=\"https:\/\/i0.wp.com\/blogdalucianaoliveira.com.br\/blog\/wp-content\/uploads\/2017\/02\/max.jpg?fit=600%2C338\" src=\"https:\/\/i0.wp.com\/blogdalucianaoliveira.com.br\/blog\/wp-content\/uploads\/2017\/02\/max.jpg?resize=600%2C338\" alt=\"max\" width=\"600\" height=\"338\" class=\"alignnone size-full wp-image-8520\" srcset=\"https:\/\/i0.wp.com\/blogdalucianaoliveira.com.br\/blog\/wp-content\/uploads\/2017\/02\/max.jpg?w=960 960w, https:\/\/i0.wp.com\/blogdalucianaoliveira.com.br\/blog\/wp-content\/uploads\/2017\/02\/max.jpg?resize=300%2C169 300w, https:\/\/i0.wp.com\/blogdalucianaoliveira.com.br\/blog\/wp-content\/uploads\/2017\/02\/max.jpg?resize=768%2C432 768w, https:\/\/i0.wp.com\/blogdalucianaoliveira.com.br\/blog\/wp-content\/uploads\/2017\/02\/max.jpg?resize=533%2C300 533w\" sizes=\"auto, (max-width: 600px) 100vw, 600px\" \/><\/p>\n<p>Pior que esteve, ficou. O natal p\u00f3s-golpe foi o pior em vendas para o com\u00e9rcio desde 2011.<br \/>\nRond\u00f4nia se destacou entre as capitais com maior queda no varejo. E quem foi \u00e0s ruas com o pretexto de querer colocar a economia nos trilhos tirando de Dilma o direito de governar, voltou pro arm\u00e1rio. <!--more--><\/p>\n<p>A \u00faltima publica\u00e7\u00e3o na p\u00e1gina do Facebook do movimento Gigantes da P\u00e1tria, que levou milhares \u00e0s ruas de Porto Velho \u00e9 de setembro de 2016. E fala da candidatura de um dos organizadores \u00e0 c\u00e2mara de Porto Velho, felizmente, fracassada. <\/p>\n<p>Os organizadores deixaram seus manifestantes \u00e0 deriva e sem comando. Muita gente atendeu ao chamado sem se dar conta de que era usada como massa de manobra partid\u00e1ria. <\/p>\n<p>OAB, Fiero, Fecom\u00e9rcio e Grande Loja Ma\u00e7\u00f4nica de Rond\u00f4nia, venderam o impeachment com solu\u00e7\u00e3o para a crise pol\u00edtica e econ\u00f4mica e ambas seguem ainda mais graves.<\/p>\n<p>\u201cCom a manuten\u00e7\u00e3o deste Governo, est\u00e3o exauridas todas as possibilidades de recupera\u00e7\u00e3o econ\u00f4mica do Brasil. Por isso pedimos a sa\u00edda, o mais r\u00e1pido poss\u00edvel, deste governo, para retomarmos a discuss\u00e3o dos temas que interessam, como a manuten\u00e7\u00e3o dos empregos e das empresas, crescimento econ\u00f4mico&#8221;, disse o presidente da Fiero, Marcelo Thom\u00e9.<\/p>\n<p><img data-recalc-dims=\"1\" loading=\"lazy\" decoding=\"async\" data-attachment-id=\"8524\" data-permalink=\"http:\/\/blogdalucianaoliveira.com.br\/blog\/2017\/02\/14\/quem-os-viu-quem-os-ve\/manidestacao-fiero_rondoniovivo04\/\" data-orig-file=\"https:\/\/i0.wp.com\/blogdalucianaoliveira.com.br\/blog\/wp-content\/uploads\/2017\/02\/manidestacao-fiero_rondoniovivo04.jpg?fit=800%2C450\" data-orig-size=\"800,450\" data-comments-opened=\"0\" data-image-meta=\"{&quot;aperture&quot;:&quot;0&quot;,&quot;credit&quot;:&quot;&quot;,&quot;camera&quot;:&quot;&quot;,&quot;caption&quot;:&quot;&quot;,&quot;created_timestamp&quot;:&quot;0&quot;,&quot;copyright&quot;:&quot;&quot;,&quot;focal_length&quot;:&quot;0&quot;,&quot;iso&quot;:&quot;0&quot;,&quot;shutter_speed&quot;:&quot;0&quot;,&quot;title&quot;:&quot;&quot;,&quot;orientation&quot;:&quot;0&quot;}\" data-image-title=\"manidestacao-fiero_rondoniovivo04\" data-image-description=\"\" data-image-caption=\"\" data-medium-file=\"https:\/\/i0.wp.com\/blogdalucianaoliveira.com.br\/blog\/wp-content\/uploads\/2017\/02\/manidestacao-fiero_rondoniovivo04.jpg?fit=300%2C169\" data-large-file=\"https:\/\/i0.wp.com\/blogdalucianaoliveira.com.br\/blog\/wp-content\/uploads\/2017\/02\/manidestacao-fiero_rondoniovivo04.jpg?fit=600%2C338\" src=\"https:\/\/i0.wp.com\/blogdalucianaoliveira.com.br\/blog\/wp-content\/uploads\/2017\/02\/manidestacao-fiero_rondoniovivo04.jpg?resize=600%2C338\" alt=\"manidestacao-fiero_rondoniovivo04\" width=\"600\" height=\"338\" class=\"alignnone size-full wp-image-8524\" srcset=\"https:\/\/i0.wp.com\/blogdalucianaoliveira.com.br\/blog\/wp-content\/uploads\/2017\/02\/manidestacao-fiero_rondoniovivo04.jpg?w=800 800w, https:\/\/i0.wp.com\/blogdalucianaoliveira.com.br\/blog\/wp-content\/uploads\/2017\/02\/manidestacao-fiero_rondoniovivo04.jpg?resize=300%2C169 300w, https:\/\/i0.wp.com\/blogdalucianaoliveira.com.br\/blog\/wp-content\/uploads\/2017\/02\/manidestacao-fiero_rondoniovivo04.jpg?resize=768%2C432 768w, https:\/\/i0.wp.com\/blogdalucianaoliveira.com.br\/blog\/wp-content\/uploads\/2017\/02\/manidestacao-fiero_rondoniovivo04.jpg?resize=533%2C300 533w\" sizes=\"auto, (max-width: 600px) 100vw, 600px\" \/><\/p>\n<p>E Rond\u00f4nia foi de mal a pior rapidamente.<\/p>\n<p>Segundo informou o Instituto Brasileiro de Geografia e Estat\u00edstica (IBGE) o com\u00e9rcio varejista &#8220;mostrou redu\u00e7\u00e3o no volume de vendas em 26 das 27 Unidades da Federa\u00e7\u00e3o, com destaque, em termos de magnitude de taxa para Amap\u00e1 (-18,1%), Par\u00e1 (-13,1%), Rond\u00f4nia (-12,3%) e Bahia (-12,1%). Roraima, com avan\u00e7o de 1,2%, foi o \u00fanico estado que mostrou avan\u00e7o das vendas em 2016.<\/p>\n<p>No Com\u00e9rcio Varejista Ampliado, 25 das 27 Unidades da Federa\u00e7\u00e3o apresentaram varia\u00e7\u00f5es negativas na compara\u00e7\u00e3o com dezembro do ano passado. Em termos de volume de vendas, destacaram-se Rond\u00f4nia (-15,5%), Par\u00e1 (-12,6%), Amap\u00e1 (-11,0%) e Esp\u00edrito Santo (-11,9%). Os estados com maior impacto negativo foram S\u00e3o Paulo (-7,7%) e Rio de Janeiro (-8,5%). Por outro lado, Roraima (5,5%) e Sergipe (2,6%) registraram avan\u00e7o em rela\u00e7\u00e3o a dezembro de 2015.&#8221;<\/p>\n<p>Os paneleiros calaram diante da piora na economia e para os esc\u00e2ndalos que sucederam o golpe.<\/p>\n<p>O que estava ruim, piorou muito.<\/p>\n<p>S\u00f3 tem um detalhe: Dilma foi boicotada por um Congresso Nacional canalha que impediu a vota\u00e7\u00e3o de todas medidas pra conter o avan\u00e7o da crise. <\/p>\n<p>Temer n\u00e3o! Temer e seu governo de ministros investigados por corrup\u00e7\u00e3o t\u00eam tudo o que precisam pra fazer o pa\u00eds andar e n\u00e3o conseguem se mexer. Os golpistas t\u00eam o Congresso, tem a m\u00eddia e a demora do judici\u00e1rio pra denunciar os corruptos como ajuda.<\/p>\n<p>S\u00e3o o que s\u00e3o, incompetentes.<br \/>\nE maus.<\/p>\n<p>E a torcida do golpe, cord\u00e3o carnavalesco da hipocrisia.<\/p>\n","protected":false},"excerpt":{"rendered":"<p>Pior que esteve, ficou. O natal p\u00f3s-golpe foi o pior em vendas para o com\u00e9rcio desde 2011. Rond\u00f4nia se destacou entre as capitais com maior queda no varejo. E quem foi \u00e0s ruas com o pretexto de querer colocar a economia nos trilhos tirando de Dilma o direito de governar, voltou pro arm\u00e1rio.<\/p>\n","protected":false},"author":1,"featured_media":0,"comment_status":"closed","ping_status":"open","sticky":false,"template":"","format":"standard","meta":{"_exactmetrics_skip_tracking":false,"_exactmetrics_sitenote_active":false,"_exactmetrics_sitenote_note":"","_exactmetrics_sitenote_category":0,"jetpack_post_was_ever_published":false,"_jetpack_newsletter_access":"","_jetpack_dont_email_post_to_subs":false,"_jetpack_newsletter_tier_id":0,"_jetpack_memberships_contains_paywalled_content":false,"_jetpack_memberships_contains_paid_content":false,"footnotes":"","jetpack_publicize_message":"","jetpack_publicize_feature_enabled":true,"jetpack_social_post_already_shared":true,"jetpack_social_options":{"image_generator_settings":{"template":"highway","enabled":false},"version":2}},"categories":[1],"tags":[],"class_list":["post-8518","post","type-post","status-publish","format-standard","hentry","category-notas"],"jetpack_publicize_connections":[],"jetpack_sharing_enabled":true,"jetpack_featured_media_url":"","jetpack_shortlink":"https:\/\/wp.me\/p7wKYW-2do","jetpack-related-posts":[],"_links":{"self":[{"href":"http:\/\/blogdalucianaoliveira.com.br\/blog\/wp-json\/wp\/v2\/posts\/8518","targetHints":{"allow":["GET"]}}],"collection":[{"href":"http:\/\/blogdalucianaoliveira.com.br\/blog\/wp-json\/wp\/v2\/posts"}],"about":[{"href":"http:\/\/blogdalucianaoliveira.com.br\/blog\/wp-json\/wp\/v2\/types\/post"}],"author":[{"embeddable":true,"href":"http:\/\/blogdalucianaoliveira.com.br\/blog\/wp-json\/wp\/v2\/users\/1"}],"replies":[{"embeddable":true,"href":"http:\/\/blogdalucianaoliveira.com.br\/blog\/wp-json\/wp\/v2\/comments?post=8518"}],"version-history":[{"count":10,"href":"http:\/\/blogdalucianaoliveira.com.br\/blog\/wp-json\/wp\/v2\/posts\/8518\/revisions"}],"predecessor-version":[{"id":8531,"href":"http:\/\/blogdalucianaoliveira.com.br\/blog\/wp-json\/wp\/v2\/posts\/8518\/revisions\/8531"}],"wp:attachment":[{"href":"http:\/\/blogdalucianaoliveira.com.br\/blog\/wp-json\/wp\/v2\/media?parent=8518"}],"wp:term":[{"taxonomy":"category","embeddable":true,"href":"http:\/\/blogdalucianaoliveira.com.br\/blog\/wp-json\/wp\/v2\/categories?post=8518"},{"taxonomy":"post_tag","embeddable":true,"href":"http:\/\/blogdalucianaoliveira.com.br\/blog\/wp-json\/wp\/v2\/tags?post=8518"}],"curies":[{"name":"wp","href":"https:\/\/api.w.org\/{rel}","templated":true}]}}