{"id":8571,"date":"2017-02-15T11:53:58","date_gmt":"2017-02-15T15:53:58","guid":{"rendered":"http:\/\/blogdalucianaoliveira.com.br\/blog\/?p=8571"},"modified":"2017-02-15T11:56:36","modified_gmt":"2017-02-15T15:56:36","slug":"desmoralizado-aecio-aparece-em-quarto-lugar","status":"publish","type":"post","link":"http:\/\/blogdalucianaoliveira.com.br\/blog\/2017\/02\/15\/desmoralizado-aecio-aparece-em-quarto-lugar\/","title":{"rendered":"Desmoralizado, A\u00e9cio aparece em quarto lugar"},"content":{"rendered":"<p><img data-recalc-dims=\"1\" loading=\"lazy\" decoding=\"async\" data-attachment-id=\"8572\" data-permalink=\"http:\/\/blogdalucianaoliveira.com.br\/blog\/2017\/02\/15\/desmoralizado-aecio-aparece-em-quarto-lugar\/lula-povo007\/\" data-orig-file=\"https:\/\/i0.wp.com\/blogdalucianaoliveira.com.br\/blog\/wp-content\/uploads\/2017\/02\/lula-povo007.jpg?fit=988%2C657\" data-orig-size=\"988,657\" data-comments-opened=\"0\" data-image-meta=\"{&quot;aperture&quot;:&quot;0&quot;,&quot;credit&quot;:&quot;&quot;,&quot;camera&quot;:&quot;&quot;,&quot;caption&quot;:&quot;&quot;,&quot;created_timestamp&quot;:&quot;1171116688&quot;,&quot;copyright&quot;:&quot;&quot;,&quot;focal_length&quot;:&quot;0&quot;,&quot;iso&quot;:&quot;0&quot;,&quot;shutter_speed&quot;:&quot;0&quot;,&quot;title&quot;:&quot;&quot;,&quot;orientation&quot;:&quot;1&quot;}\" data-image-title=\"lula-povo007\" data-image-description=\"\" data-image-caption=\"\" data-medium-file=\"https:\/\/i0.wp.com\/blogdalucianaoliveira.com.br\/blog\/wp-content\/uploads\/2017\/02\/lula-povo007.jpg?fit=300%2C199\" data-large-file=\"https:\/\/i0.wp.com\/blogdalucianaoliveira.com.br\/blog\/wp-content\/uploads\/2017\/02\/lula-povo007.jpg?fit=600%2C399\" src=\"https:\/\/i0.wp.com\/blogdalucianaoliveira.com.br\/blog\/wp-content\/uploads\/2017\/02\/lula-povo007.jpg?resize=600%2C399\" alt=\"lula-povo007\" width=\"600\" height=\"399\" class=\"alignnone size-full wp-image-8572\" srcset=\"https:\/\/i0.wp.com\/blogdalucianaoliveira.com.br\/blog\/wp-content\/uploads\/2017\/02\/lula-povo007.jpg?w=988 988w, https:\/\/i0.wp.com\/blogdalucianaoliveira.com.br\/blog\/wp-content\/uploads\/2017\/02\/lula-povo007.jpg?resize=300%2C199 300w, https:\/\/i0.wp.com\/blogdalucianaoliveira.com.br\/blog\/wp-content\/uploads\/2017\/02\/lula-povo007.jpg?resize=768%2C511 768w, https:\/\/i0.wp.com\/blogdalucianaoliveira.com.br\/blog\/wp-content\/uploads\/2017\/02\/lula-povo007.jpg?resize=451%2C300 451w\" sizes=\"auto, (max-width: 600px) 100vw, 600px\" \/><\/p>\n<p>Lula lidera com 30,5% dos votos em eventual disputa em 2018, diz pesquisa<!--more--><\/p>\n<p><!--more--><\/p>\n<p>No Estad\u00e3o<\/p>\n<p>BRAS\u00cdLIA &#8211; Se as elei\u00e7\u00f5es presidenciais fossem hoje, o ex-presidente Lula venceria a disputa com os demais advers\u00e1rios, segundo pesquisa CNT\/MDA divulgada nesta quarta-feira pela Confedera\u00e7\u00e3o Nacional dos Transportes (CNT).<\/p>\n<p>De acordo com o levantamento, Lula apresenta hoje 30,5% das inten\u00e7\u00f5es de votos contra 11,8% de Marina Silva; 11,3% do deputado Jair Bolsonaro (PSC-RJ).<\/p>\n<p>O senador A\u00e9cio Neves (PSDB-MG) aparece apenas em quarto colocado, com 10,1%. Ciro Gomes (PDT-CE) tem 5% e o presidente Michel Temer conta com 3,7%.<\/p>\n<p>A soma de branco\/nulo ou indecisos chega a 27,6%. Esses valores t\u00eam como base a consulta de inten\u00e7\u00e3o de voto estimulada, quando os nomes dos candidatos s\u00e3o apresentados aos entrevistados.<br \/>\nNo cen\u00e1rio de consulta espont\u00e2nea, quando n\u00e3o \u00e9 apresentado nenhum nome aos entrevistados, Lula tamb\u00e9m lidera com 16,6% as inten\u00e7\u00f5es. Neste caso, Bolsonaro aparece em segundo com 6,5% e A\u00e9cio Neves em terceiro, com 2,2%. A soma de branco\/nulo ou indecisos chega, contudo, a 67,8%.<\/p>\n<p>Favorito. &#8220;O presidente Lula ganha hoje em todos os cen\u00e1rios. Se as elei\u00e7\u00f5es fossem hoje, facilmente seria eleito como presidente da Rep\u00fablica. H\u00e1 tamb\u00e9m um crescimento bastante significativo do Jair Bolsonaro, que mostra esse nicho de pessoas que pensam de forma diferente da m\u00e9dia&#8221;, afirmou o presidente da CNT, Cl\u00e9sio de Andrade.<\/p>\n<p>Na avalia\u00e7\u00e3o dele, tamb\u00e9m pesa a favor de Lula o fato de a pesquisa ter sido realizada ap\u00f3s a morte da ex-primeira-dama Marisa Let\u00edcia. &#8220;N\u00e3o tem d\u00favida. Estamos chegando \u00e0 conclus\u00e3o de que todos os aspectos pesaram. O passionalismo, a como\u00e7\u00e3o e provavelmente alguma coisa de saudade dos bons tempos do Lula&#8221;, considerou.<\/p>\n<p>A pesquisa foi realizada entre os dias 8 a 11 de fevereiro. Foram ouvidas 2.002 pessoas, em 138 munic\u00edpios de 25 unidades federativas, das cinco regi\u00f5es. A margem de erro \u00e9 de 2,2 pontos percentuais com 95% de n\u00edvel de confian\u00e7a.<\/p>\n","protected":false},"excerpt":{"rendered":"<p>Lula lidera com 30,5% dos votos em eventual disputa em 2018, diz pesquisa<\/p>\n","protected":false},"author":1,"featured_media":0,"comment_status":"closed","ping_status":"open","sticky":false,"template":"","format":"standard","meta":{"_exactmetrics_skip_tracking":false,"_exactmetrics_sitenote_active":false,"_exactmetrics_sitenote_note":"","_exactmetrics_sitenote_category":0,"jetpack_post_was_ever_published":false,"_jetpack_newsletter_access":"","_jetpack_dont_email_post_to_subs":false,"_jetpack_newsletter_tier_id":0,"_jetpack_memberships_contains_paywalled_content":false,"_jetpack_memberships_contains_paid_content":false,"footnotes":"","jetpack_publicize_message":"","jetpack_publicize_feature_enabled":true,"jetpack_social_post_already_shared":true,"jetpack_social_options":{"image_generator_settings":{"template":"highway","enabled":false},"version":2}},"categories":[1],"tags":[],"class_list":["post-8571","post","type-post","status-publish","format-standard","hentry","category-notas"],"jetpack_publicize_connections":[],"jetpack_sharing_enabled":true,"jetpack_featured_media_url":"","jetpack_shortlink":"https:\/\/wp.me\/p7wKYW-2ef","jetpack-related-posts":[],"_links":{"self":[{"href":"http:\/\/blogdalucianaoliveira.com.br\/blog\/wp-json\/wp\/v2\/posts\/8571","targetHints":{"allow":["GET"]}}],"collection":[{"href":"http:\/\/blogdalucianaoliveira.com.br\/blog\/wp-json\/wp\/v2\/posts"}],"about":[{"href":"http:\/\/blogdalucianaoliveira.com.br\/blog\/wp-json\/wp\/v2\/types\/post"}],"author":[{"embeddable":true,"href":"http:\/\/blogdalucianaoliveira.com.br\/blog\/wp-json\/wp\/v2\/users\/1"}],"replies":[{"embeddable":true,"href":"http:\/\/blogdalucianaoliveira.com.br\/blog\/wp-json\/wp\/v2\/comments?post=8571"}],"version-history":[{"count":2,"href":"http:\/\/blogdalucianaoliveira.com.br\/blog\/wp-json\/wp\/v2\/posts\/8571\/revisions"}],"predecessor-version":[{"id":8574,"href":"http:\/\/blogdalucianaoliveira.com.br\/blog\/wp-json\/wp\/v2\/posts\/8571\/revisions\/8574"}],"wp:attachment":[{"href":"http:\/\/blogdalucianaoliveira.com.br\/blog\/wp-json\/wp\/v2\/media?parent=8571"}],"wp:term":[{"taxonomy":"category","embeddable":true,"href":"http:\/\/blogdalucianaoliveira.com.br\/blog\/wp-json\/wp\/v2\/categories?post=8571"},{"taxonomy":"post_tag","embeddable":true,"href":"http:\/\/blogdalucianaoliveira.com.br\/blog\/wp-json\/wp\/v2\/tags?post=8571"}],"curies":[{"name":"wp","href":"https:\/\/api.w.org\/{rel}","templated":true}]}}