{"id":8575,"date":"2017-02-16T10:46:47","date_gmt":"2017-02-16T14:46:47","guid":{"rendered":"http:\/\/blogdalucianaoliveira.com.br\/blog\/?p=8575"},"modified":"2017-02-16T10:49:05","modified_gmt":"2017-02-16T14:49:05","slug":"bloco-pirarucu-do-madeira-desfila-com-boi-bumba","status":"publish","type":"post","link":"http:\/\/blogdalucianaoliveira.com.br\/blog\/2017\/02\/16\/bloco-pirarucu-do-madeira-desfila-com-boi-bumba\/","title":{"rendered":"BLOCO PIRARUCU DO MADEIRA DESFILA COM BOI-BUMB\u00c1"},"content":{"rendered":"<p> <img data-recalc-dims=\"1\" loading=\"lazy\" decoding=\"async\" data-attachment-id=\"8578\" data-permalink=\"http:\/\/blogdalucianaoliveira.com.br\/blog\/2017\/02\/16\/bloco-pirarucu-do-madeira-desfila-com-boi-bumba\/boi-2\/\" data-orig-file=\"https:\/\/i0.wp.com\/blogdalucianaoliveira.com.br\/blog\/wp-content\/uploads\/2017\/02\/boi-2.jpg?fit=800%2C533\" data-orig-size=\"800,533\" data-comments-opened=\"0\" data-image-meta=\"{&quot;aperture&quot;:&quot;0&quot;,&quot;credit&quot;:&quot;&quot;,&quot;camera&quot;:&quot;&quot;,&quot;caption&quot;:&quot;&quot;,&quot;created_timestamp&quot;:&quot;0&quot;,&quot;copyright&quot;:&quot;&quot;,&quot;focal_length&quot;:&quot;0&quot;,&quot;iso&quot;:&quot;0&quot;,&quot;shutter_speed&quot;:&quot;0&quot;,&quot;title&quot;:&quot;&quot;,&quot;orientation&quot;:&quot;1&quot;}\" data-image-title=\"boi (2)\" data-image-description=\"\" data-image-caption=\"\" data-medium-file=\"https:\/\/i0.wp.com\/blogdalucianaoliveira.com.br\/blog\/wp-content\/uploads\/2017\/02\/boi-2.jpg?fit=300%2C200\" data-large-file=\"https:\/\/i0.wp.com\/blogdalucianaoliveira.com.br\/blog\/wp-content\/uploads\/2017\/02\/boi-2.jpg?fit=600%2C400\" src=\"https:\/\/i0.wp.com\/blogdalucianaoliveira.com.br\/blog\/wp-content\/uploads\/2017\/02\/boi-2.jpg?resize=600%2C400\" alt=\"boi (2)\" width=\"600\" height=\"400\" class=\"alignnone size-full wp-image-8578\" srcset=\"https:\/\/i0.wp.com\/blogdalucianaoliveira.com.br\/blog\/wp-content\/uploads\/2017\/02\/boi-2.jpg?w=800 800w, https:\/\/i0.wp.com\/blogdalucianaoliveira.com.br\/blog\/wp-content\/uploads\/2017\/02\/boi-2.jpg?resize=300%2C200 300w, https:\/\/i0.wp.com\/blogdalucianaoliveira.com.br\/blog\/wp-content\/uploads\/2017\/02\/boi-2.jpg?resize=768%2C512 768w, https:\/\/i0.wp.com\/blogdalucianaoliveira.com.br\/blog\/wp-content\/uploads\/2017\/02\/boi-2.jpg?resize=450%2C300 450w\" sizes=\"auto, (max-width: 600px) 100vw, 600px\" \/><\/p>\n<p>Todos os anos o bloco mais democr\u00e1tico de Porto Velho exalta em seu desfile um elemento, personagem ou ritmo da cultura popular brasileira e chegou a vez do boi-bumb\u00e1 ou bumba meu boi, presente em v\u00e1rias manifesta\u00e7\u00f5es festivas no pa\u00eds.<!--more--><\/p>\n<p>O boi Az de Ouro, da comunidade do Nova Floresta, sair\u00e1 na frente do bloco que completa 24 anos de folia tradicional.<\/p>\n<p>\u00c9 uma forma de homenagear tamb\u00e9m o folclorista Raimundo Nonato que fundou o boi-bumb\u00e1 em 1990 e faleceu em 2016.<\/p>\n<p>\u201cQueremos fazer do desfile uma vitrine das nossas tradi\u00e7\u00f5es e de pessoas que dedicam a vida em proteg\u00ea-las\u201d, disse Ernande Segismundo, presidente do Pirarucu. <\/p>\n<p>Junto com o boi estar\u00e3o os bonecos gigantes da professora Marise Castiel, Bola Sete, Manel\u00e3o e arlequins.<\/p>\n<p><img data-recalc-dims=\"1\" loading=\"lazy\" decoding=\"async\" data-attachment-id=\"8576\" data-permalink=\"http:\/\/blogdalucianaoliveira.com.br\/blog\/2017\/02\/16\/bloco-pirarucu-do-madeira-desfila-com-boi-bumba\/pirarucu-2\/\" data-orig-file=\"https:\/\/i0.wp.com\/blogdalucianaoliveira.com.br\/blog\/wp-content\/uploads\/2017\/02\/pirarucu-1.jpg?fit=828%2C316\" data-orig-size=\"828,316\" data-comments-opened=\"0\" data-image-meta=\"{&quot;aperture&quot;:&quot;0&quot;,&quot;credit&quot;:&quot;&quot;,&quot;camera&quot;:&quot;&quot;,&quot;caption&quot;:&quot;&quot;,&quot;created_timestamp&quot;:&quot;0&quot;,&quot;copyright&quot;:&quot;&quot;,&quot;focal_length&quot;:&quot;0&quot;,&quot;iso&quot;:&quot;0&quot;,&quot;shutter_speed&quot;:&quot;0&quot;,&quot;title&quot;:&quot;&quot;,&quot;orientation&quot;:&quot;1&quot;}\" data-image-title=\"pirarucu\" data-image-description=\"\" data-image-caption=\"\" data-medium-file=\"https:\/\/i0.wp.com\/blogdalucianaoliveira.com.br\/blog\/wp-content\/uploads\/2017\/02\/pirarucu-1.jpg?fit=300%2C114\" data-large-file=\"https:\/\/i0.wp.com\/blogdalucianaoliveira.com.br\/blog\/wp-content\/uploads\/2017\/02\/pirarucu-1.jpg?fit=600%2C229\" src=\"https:\/\/i0.wp.com\/blogdalucianaoliveira.com.br\/blog\/wp-content\/uploads\/2017\/02\/pirarucu-1.jpg?resize=600%2C229\" alt=\"pirarucu\" width=\"600\" height=\"229\" class=\"alignnone size-full wp-image-8576\" srcset=\"https:\/\/i0.wp.com\/blogdalucianaoliveira.com.br\/blog\/wp-content\/uploads\/2017\/02\/pirarucu-1.jpg?w=828 828w, https:\/\/i0.wp.com\/blogdalucianaoliveira.com.br\/blog\/wp-content\/uploads\/2017\/02\/pirarucu-1.jpg?resize=300%2C114 300w, https:\/\/i0.wp.com\/blogdalucianaoliveira.com.br\/blog\/wp-content\/uploads\/2017\/02\/pirarucu-1.jpg?resize=768%2C293 768w, https:\/\/i0.wp.com\/blogdalucianaoliveira.com.br\/blog\/wp-content\/uploads\/2017\/02\/pirarucu-1.jpg?resize=786%2C300 786w\" sizes=\"auto, (max-width: 600px) 100vw, 600px\" \/><\/p>\n<p>A orquestra Puraqu\u00e9 est\u00e1 com os instrumentos afinados e o repert\u00f3rio de frevos e marchinhas ensaiado para animar os foli\u00f5es.<\/p>\n<p>O desfile est\u00e1 previsto para 16 horas, mas a concentra\u00e7\u00e3o come\u00e7a \u00e0s 15 na avenida Pinheiro Machado, ao lado do gin\u00e1sio Cl\u00e1udio Coutinho.<br \/>\nO bloco n\u00e3o tem cordas, nem comercializa abad\u00e1s e re\u00fane crian\u00e7as e adultos que desfilam com fantasias.<\/p>\n<p>Sobre a lenda do Boi<\/p>\n<p>A lenda \u00e9 a seguinte: Um rico fazendeiro possui um boi muito bonito, que inclusive sabe dan\u00e7ar. Pai Chico, um trabalhador da fazenda, rouba o boi para satisfazer sua mulher Catarina, que est\u00e1 gr\u00e1vida e sente uma forte vontade de comer a l\u00edngua do boi. O fazendeiro manda seus empregados procurarem o boi e quando o encontra, ele est\u00e1 doente. Os paj\u00e9s curam a doen\u00e7a do boi e descobrem a real inten\u00e7\u00e3o de Pai Chico, o fazendeiro o perdoa e celebra a sa\u00fade do boi com uma grande festividade.<\/p>\n","protected":false},"excerpt":{"rendered":"<p>Todos os anos o bloco mais democr\u00e1tico de Porto Velho exalta em seu desfile um elemento, personagem ou ritmo da cultura popular brasileira e chegou a vez do boi-bumb\u00e1 ou bumba meu boi, presente em v\u00e1rias manifesta\u00e7\u00f5es festivas no pa\u00eds.<\/p>\n","protected":false},"author":1,"featured_media":0,"comment_status":"closed","ping_status":"open","sticky":false,"template":"","format":"standard","meta":{"_exactmetrics_skip_tracking":false,"_exactmetrics_sitenote_active":false,"_exactmetrics_sitenote_note":"","_exactmetrics_sitenote_category":0,"jetpack_post_was_ever_published":false,"_jetpack_newsletter_access":"","_jetpack_dont_email_post_to_subs":false,"_jetpack_newsletter_tier_id":0,"_jetpack_memberships_contains_paywalled_content":false,"_jetpack_memberships_contains_paid_content":false,"footnotes":"","jetpack_publicize_message":"","jetpack_publicize_feature_enabled":true,"jetpack_social_post_already_shared":true,"jetpack_social_options":{"image_generator_settings":{"template":"highway","enabled":false},"version":2}},"categories":[1],"tags":[],"class_list":["post-8575","post","type-post","status-publish","format-standard","hentry","category-notas"],"jetpack_publicize_connections":[],"jetpack_sharing_enabled":true,"jetpack_featured_media_url":"","jetpack_shortlink":"https:\/\/wp.me\/p7wKYW-2ej","jetpack-related-posts":[],"_links":{"self":[{"href":"http:\/\/blogdalucianaoliveira.com.br\/blog\/wp-json\/wp\/v2\/posts\/8575","targetHints":{"allow":["GET"]}}],"collection":[{"href":"http:\/\/blogdalucianaoliveira.com.br\/blog\/wp-json\/wp\/v2\/posts"}],"about":[{"href":"http:\/\/blogdalucianaoliveira.com.br\/blog\/wp-json\/wp\/v2\/types\/post"}],"author":[{"embeddable":true,"href":"http:\/\/blogdalucianaoliveira.com.br\/blog\/wp-json\/wp\/v2\/users\/1"}],"replies":[{"embeddable":true,"href":"http:\/\/blogdalucianaoliveira.com.br\/blog\/wp-json\/wp\/v2\/comments?post=8575"}],"version-history":[{"count":3,"href":"http:\/\/blogdalucianaoliveira.com.br\/blog\/wp-json\/wp\/v2\/posts\/8575\/revisions"}],"predecessor-version":[{"id":8580,"href":"http:\/\/blogdalucianaoliveira.com.br\/blog\/wp-json\/wp\/v2\/posts\/8575\/revisions\/8580"}],"wp:attachment":[{"href":"http:\/\/blogdalucianaoliveira.com.br\/blog\/wp-json\/wp\/v2\/media?parent=8575"}],"wp:term":[{"taxonomy":"category","embeddable":true,"href":"http:\/\/blogdalucianaoliveira.com.br\/blog\/wp-json\/wp\/v2\/categories?post=8575"},{"taxonomy":"post_tag","embeddable":true,"href":"http:\/\/blogdalucianaoliveira.com.br\/blog\/wp-json\/wp\/v2\/tags?post=8575"}],"curies":[{"name":"wp","href":"https:\/\/api.w.org\/{rel}","templated":true}]}}