{"id":8581,"date":"2017-02-16T11:08:34","date_gmt":"2017-02-16T15:08:34","guid":{"rendered":"http:\/\/blogdalucianaoliveira.com.br\/blog\/?p=8581"},"modified":"2017-02-16T11:08:34","modified_gmt":"2017-02-16T15:08:34","slug":"onibus-terao-itinerarios-alterados-no-carnaval-em-porto-velho","status":"publish","type":"post","link":"http:\/\/blogdalucianaoliveira.com.br\/blog\/2017\/02\/16\/onibus-terao-itinerarios-alterados-no-carnaval-em-porto-velho\/","title":{"rendered":"\u00d4nibus ter\u00e3o itiner\u00e1rios alterados no carnaval em Porto Velho"},"content":{"rendered":"<p><img data-recalc-dims=\"1\" loading=\"lazy\" decoding=\"async\" data-attachment-id=\"8582\" data-permalink=\"http:\/\/blogdalucianaoliveira.com.br\/blog\/2017\/02\/16\/onibus-terao-itinerarios-alterados-no-carnaval-em-porto-velho\/sim\/\" data-orig-file=\"https:\/\/i0.wp.com\/blogdalucianaoliveira.com.br\/blog\/wp-content\/uploads\/2017\/02\/sim.jpg?fit=728%2C410\" data-orig-size=\"728,410\" data-comments-opened=\"0\" data-image-meta=\"{&quot;aperture&quot;:&quot;0&quot;,&quot;credit&quot;:&quot;&quot;,&quot;camera&quot;:&quot;&quot;,&quot;caption&quot;:&quot;&quot;,&quot;created_timestamp&quot;:&quot;0&quot;,&quot;copyright&quot;:&quot;&quot;,&quot;focal_length&quot;:&quot;0&quot;,&quot;iso&quot;:&quot;0&quot;,&quot;shutter_speed&quot;:&quot;0&quot;,&quot;title&quot;:&quot;&quot;,&quot;orientation&quot;:&quot;1&quot;}\" data-image-title=\"sim\" data-image-description=\"\" data-image-caption=\"\" data-medium-file=\"https:\/\/i0.wp.com\/blogdalucianaoliveira.com.br\/blog\/wp-content\/uploads\/2017\/02\/sim.jpg?fit=300%2C169\" data-large-file=\"https:\/\/i0.wp.com\/blogdalucianaoliveira.com.br\/blog\/wp-content\/uploads\/2017\/02\/sim.jpg?fit=600%2C338\" src=\"https:\/\/i0.wp.com\/blogdalucianaoliveira.com.br\/blog\/wp-content\/uploads\/2017\/02\/sim.jpg?resize=600%2C338\" alt=\"sim\" width=\"600\" height=\"338\" class=\"alignnone size-full wp-image-8582\" srcset=\"https:\/\/i0.wp.com\/blogdalucianaoliveira.com.br\/blog\/wp-content\/uploads\/2017\/02\/sim.jpg?w=728 728w, https:\/\/i0.wp.com\/blogdalucianaoliveira.com.br\/blog\/wp-content\/uploads\/2017\/02\/sim.jpg?resize=300%2C169 300w, https:\/\/i0.wp.com\/blogdalucianaoliveira.com.br\/blog\/wp-content\/uploads\/2017\/02\/sim.jpg?resize=533%2C300 533w\" sizes=\"auto, (max-width: 600px) 100vw, 600px\" \/><br \/>\nNo Oobservador <\/p>\n<p>\u00d4nibus que fazem o transporte p\u00fablico urbano, em Porto Velho, ter\u00e3o os itiner\u00e1rios alterados nesse per\u00edodo de carnaval, de 17 de fevereiro a 4 de mar\u00e7o, segundo divulgou a prefeitura na \u00faltima quarta-feira (15). <!--more--><\/p>\n<p>A mudan\u00e7a no percurso dos \u00f4nibus \u00e9 por conta da interdi\u00e7\u00e3o nos pontos onde haver\u00e1 desfiles &#8211; no centro da cidade, Bairro Areal e Zona Sul da capital, al\u00e9m do percurso feito pela Banda do Vai Quem Quer e pelo Galo da Meia Noite.<\/p>\n<p>Dias 23, 26, 28 de fevereiro e 4 de mar\u00e7o<br \/>\nDe acordo com a prefeitura, na programa\u00e7\u00e3o de desfiles, o bloco Galo da Meia Noite sair\u00e1 \u00e0s ruas no pr\u00f3ximo dia 23 de fevereiro, com concentra\u00e7\u00e3o a partir das 19h, na Rua Rog\u00e9rio Weber. O bloco seguir\u00e1 pelas Avenidas Pinheiro Machado, Joaquim Nabuco, Carlos Gomes e voltar\u00e1 para o ponto de partida.<\/p>\n<p>O mesmo trajeto ser\u00e1 feito pelos blocos Murupi, no dia 26, Porto Maria e Bonde Ax\u00e9 Folia, no dia 28, e T\u00f4 de Folga e Ax\u00e9 Folia Mix no dia 4 de mar\u00e7o. Com exce\u00e7\u00e3o do Galo, a concentra\u00e7\u00e3o dos demais blocos ser\u00e1 a partir das 18h.<\/p>\n<p>Portanto, nesses dias, a partir dos hor\u00e1rios de concentra\u00e7\u00e3o dos blocos, os \u00f4nibus que trafegam pela Avenida Carlos Gomes ter\u00e3o o seguinte trajeto: Avenida Carlos Gomes, Ruas Bras\u00edlia, Benjamin Constant e Farquar. Os que transitam pela Gon\u00e7alves Dias, sentido bairro\/centro, trafegar\u00e3o pela mesma Gon\u00e7alves Dias, mas entrar\u00e3o na Rua Benjamin Constant, seguindo at\u00e9 a Farquar.<\/p>\n<p>J\u00e1 os \u00f4nibus que seguem pela Rua Marechal Deodoro, sentido centro\/bairro, ir\u00e3o entrar na Avenida Dom Pedro II e, posteriormente, seguir\u00e3o pela Rua Bras\u00edlia e Rua Benjamin Constant.<\/p>\n<p>Dia 25 de fevereiro<br \/>\nO percurso da Banda do Vai Quem Quer, que sair\u00e1 no s\u00e1bado de carnaval, no dia 25 de fevereiro, foi mantido o mesmo do ano passado, com concentra\u00e7\u00e3o em frente \u00e0 Pra\u00e7a das Caixas D&#8217;\u00e1gua, seguindo pelas Avenidas Carlos Gomes, Joaquim Nabuco, Sete de Setembro e Rog\u00e9rio Weber, at\u00e9 retornar ao ponto de partida.<\/p>\n<p>Nesse dia, o trajeto por onde a Banda vai passar estar\u00e1 interditado desde \u00e0s 7h da manh\u00e3, conforme a prefeitura. Os \u00f4nibus que trafegam pela Carlos Gomes e sobem a Avenida Sete de Setembro ter\u00e3o o seguinte trajeto: Avenida Carlos Gomes, Ruas Bras\u00edlia, Benjamin Constant e Farquar, Avenida Pinheiro Machado, Rua Get\u00falio Vargas e Sete de Setembro.<\/p>\n<p>Os carros que seguem pela Rua Gon\u00e7alves Dias tamb\u00e9m mudar\u00e3o a trajet\u00f3ria: Gon\u00e7alves Dias, Ruas Benjamim Constant e Farquar, Avenidas Pinheiro Machado e Marechal Deodoro.<\/p>\n<p>Os que rodam pela Rua Almirante Barroso e sobem pela Avenida Amazonas foram desviados para a Rua do Terminal Central, Rog\u00e9rio Weber, Alexandre Guimar\u00e3es, Salgado Filho e Avenida Amazonas.<\/p>\n<p>Os \u00f4nibus que sobem a Avenida Amazonas far\u00e3o a seguinte rota: Avenida Pinheiro Machado, Get\u00falio Vargas, Sete de Setembro, Jo\u00e3o Goulart e retornar\u00e3o para a Amazonas.<\/p>\n<p>E os que seguem pela Farquar e sobem a Sete de setembro entrar\u00e3o na Pinheiro Machado, passando pela Get\u00falio Vargas at\u00e9 a Sete de Setembro<\/p>\n<p>Carnaval no Bairro Areal<br \/>\nDias 17, 18 e 24 de fevereiro<br \/>\nNo Bairro Areal, de acordo com a Secretaria Municipal de Tr\u00e2nsito (Semtran), a concentra\u00e7\u00e3o dos blocos ser\u00e1 na esquina das Ruas 13 de Setembro e Alexandre Guimar\u00e3es. Depois seguir\u00e3o pela Avenida Rio de Janeiro, Rua Rog\u00e9rio Weber e retorn\u00e3o pela Alexandre Guimar\u00e3es at\u00e9 o ponto de partida.<\/p>\n<p>V\u00e3o desfilar os blocos Areal Folia, no dia 17 de fevereiro, a partir das 19h, Vai e Volta, no dia 18, \u00e0s 19h e no dia 24 de fevereiro, a partir das 20h.<\/p>\n<p>Nesses dias, a partir dos hor\u00e1rios previstos para o in\u00edcio dos desfiles, o percurso do transporte coletivo vai mudar da seguinte forma: os \u00f4nibus que v\u00eam da Avenida Rog\u00e9rio Weber entrar\u00e3o na Rua Raimundo Cantu\u00e1ria e Campos Sales. Os que trafegam pela Alexandre Guimar\u00e3es, far\u00e3o convers\u00e3o na Tenreiro Aranha, seguindo pela Raimundo Cantu\u00e1ria e Rog\u00e9rio Weber.<\/p>\n<p>Carnaval da Zona Sul<br \/>\nDias 26 e 27 de fevereiro e 3 de mar\u00e7o<br \/>\nO local definido pela Semtran \u00e9 a Avenida Jatuarana, entre as Ruas Monte Azul e Erva Cidreira. Ali v\u00e3o desfilar os blocos Furac\u00e3o Kids, no dia 26 de fevereiro a partir das 14h, Jatuarana Sul, no dia 27 a partir das 17h, e os blocos Furac\u00e3o da Zona Sul e Leva Eu, no dia 3 de mar\u00e7o a partir das 17h.<\/p>\n<p>O percurso dos \u00f4nibus nesses dias tamb\u00e9m foram modificados. Os carros que rodam pela Avenida Jatuarana entrar\u00e3o nas Ruas Sucupira e depois transitar\u00e3o pela Rua Daniel Neri e retornar\u00e3o para a Jatuarana.<\/p>\n<p>Os que trafegam pela Rua Geraldo Siqueira, sentido Campos Sales, tomar\u00e3o a Rua do Algodoeiro at\u00e9 a Avenida Campos Sales. Ve\u00edculos que usam a Avenida Campos Sales para acessar a Avenida Jatuarana, entrar\u00e3o na Ruas Angico, seguindo pela Cravo da \u00cdndia at\u00e9 a Avenida Jatuarana.<\/p>\n<p>Os \u00f4nibus que rodam pela Avenida Jatuarana sentido Rua Tancredo Neves, ser\u00e3o desviados para a Ruas Sucupira, seguindo pala Daniel Neri, Dom Joaquim, Angico e Tancredo Neves. J\u00e1 os coletivos que trafegam pela Rua Geraldo Siqueira, sentido Avenida Jatuarana, entrar\u00e3o na Angico, Cravo da \u00cdndia e retomar\u00e3o \u00e0 Jatuarana.<\/p>\n","protected":false},"excerpt":{"rendered":"<p>No Oobservador \u00d4nibus que fazem o transporte p\u00fablico urbano, em Porto Velho, ter\u00e3o os itiner\u00e1rios alterados nesse per\u00edodo de carnaval, de 17 de fevereiro a 4 de mar\u00e7o, segundo divulgou a prefeitura na \u00faltima quarta-feira (15).<\/p>\n","protected":false},"author":1,"featured_media":0,"comment_status":"closed","ping_status":"open","sticky":false,"template":"","format":"standard","meta":{"_exactmetrics_skip_tracking":false,"_exactmetrics_sitenote_active":false,"_exactmetrics_sitenote_note":"","_exactmetrics_sitenote_category":0,"jetpack_post_was_ever_published":false,"_jetpack_newsletter_access":"","_jetpack_dont_email_post_to_subs":false,"_jetpack_newsletter_tier_id":0,"_jetpack_memberships_contains_paywalled_content":false,"_jetpack_memberships_contains_paid_content":false,"footnotes":"","jetpack_publicize_message":"","jetpack_publicize_feature_enabled":true,"jetpack_social_post_already_shared":true,"jetpack_social_options":{"image_generator_settings":{"template":"highway","enabled":false},"version":2}},"categories":[1],"tags":[],"class_list":["post-8581","post","type-post","status-publish","format-standard","hentry","category-notas"],"jetpack_publicize_connections":[],"jetpack_sharing_enabled":true,"jetpack_featured_media_url":"","jetpack_shortlink":"https:\/\/wp.me\/p7wKYW-2ep","jetpack-related-posts":[],"_links":{"self":[{"href":"http:\/\/blogdalucianaoliveira.com.br\/blog\/wp-json\/wp\/v2\/posts\/8581","targetHints":{"allow":["GET"]}}],"collection":[{"href":"http:\/\/blogdalucianaoliveira.com.br\/blog\/wp-json\/wp\/v2\/posts"}],"about":[{"href":"http:\/\/blogdalucianaoliveira.com.br\/blog\/wp-json\/wp\/v2\/types\/post"}],"author":[{"embeddable":true,"href":"http:\/\/blogdalucianaoliveira.com.br\/blog\/wp-json\/wp\/v2\/users\/1"}],"replies":[{"embeddable":true,"href":"http:\/\/blogdalucianaoliveira.com.br\/blog\/wp-json\/wp\/v2\/comments?post=8581"}],"version-history":[{"count":1,"href":"http:\/\/blogdalucianaoliveira.com.br\/blog\/wp-json\/wp\/v2\/posts\/8581\/revisions"}],"predecessor-version":[{"id":8583,"href":"http:\/\/blogdalucianaoliveira.com.br\/blog\/wp-json\/wp\/v2\/posts\/8581\/revisions\/8583"}],"wp:attachment":[{"href":"http:\/\/blogdalucianaoliveira.com.br\/blog\/wp-json\/wp\/v2\/media?parent=8581"}],"wp:term":[{"taxonomy":"category","embeddable":true,"href":"http:\/\/blogdalucianaoliveira.com.br\/blog\/wp-json\/wp\/v2\/categories?post=8581"},{"taxonomy":"post_tag","embeddable":true,"href":"http:\/\/blogdalucianaoliveira.com.br\/blog\/wp-json\/wp\/v2\/tags?post=8581"}],"curies":[{"name":"wp","href":"https:\/\/api.w.org\/{rel}","templated":true}]}}