{"id":8587,"date":"2017-02-16T11:40:54","date_gmt":"2017-02-16T15:40:54","guid":{"rendered":"http:\/\/blogdalucianaoliveira.com.br\/blog\/?p=8587"},"modified":"2017-02-16T11:40:54","modified_gmt":"2017-02-16T15:40:54","slug":"pense-num-povo-ruim-governo-tucano-nao-presta","status":"publish","type":"post","link":"http:\/\/blogdalucianaoliveira.com.br\/blog\/2017\/02\/16\/pense-num-povo-ruim-governo-tucano-nao-presta\/","title":{"rendered":"Pense num povo ruim! Governo tucano n\u00e3o presta"},"content":{"rendered":"<p><img data-recalc-dims=\"1\" loading=\"lazy\" decoding=\"async\" data-attachment-id=\"8588\" data-permalink=\"http:\/\/blogdalucianaoliveira.com.br\/blog\/2017\/02\/16\/pense-num-povo-ruim-governo-tucano-nao-presta\/leite\/\" data-orig-file=\"https:\/\/i0.wp.com\/blogdalucianaoliveira.com.br\/blog\/wp-content\/uploads\/2017\/02\/leite.jpg?fit=1000%2C357\" data-orig-size=\"1000,357\" data-comments-opened=\"0\" data-image-meta=\"{&quot;aperture&quot;:&quot;0&quot;,&quot;credit&quot;:&quot;&quot;,&quot;camera&quot;:&quot;&quot;,&quot;caption&quot;:&quot;&quot;,&quot;created_timestamp&quot;:&quot;0&quot;,&quot;copyright&quot;:&quot;&quot;,&quot;focal_length&quot;:&quot;0&quot;,&quot;iso&quot;:&quot;0&quot;,&quot;shutter_speed&quot;:&quot;0&quot;,&quot;title&quot;:&quot;&quot;,&quot;orientation&quot;:&quot;0&quot;}\" data-image-title=\"leite\" data-image-description=\"\" data-image-caption=\"\" data-medium-file=\"https:\/\/i0.wp.com\/blogdalucianaoliveira.com.br\/blog\/wp-content\/uploads\/2017\/02\/leite.jpg?fit=300%2C107\" data-large-file=\"https:\/\/i0.wp.com\/blogdalucianaoliveira.com.br\/blog\/wp-content\/uploads\/2017\/02\/leite.jpg?fit=600%2C214\" src=\"https:\/\/i0.wp.com\/blogdalucianaoliveira.com.br\/blog\/wp-content\/uploads\/2017\/02\/leite.jpg?resize=600%2C214\" alt=\"leite\" width=\"600\" height=\"214\" class=\"alignnone size-full wp-image-8588\" srcset=\"https:\/\/i0.wp.com\/blogdalucianaoliveira.com.br\/blog\/wp-content\/uploads\/2017\/02\/leite.jpg?w=1000 1000w, https:\/\/i0.wp.com\/blogdalucianaoliveira.com.br\/blog\/wp-content\/uploads\/2017\/02\/leite.jpg?resize=300%2C107 300w, https:\/\/i0.wp.com\/blogdalucianaoliveira.com.br\/blog\/wp-content\/uploads\/2017\/02\/leite.jpg?resize=768%2C274 768w, https:\/\/i0.wp.com\/blogdalucianaoliveira.com.br\/blog\/wp-content\/uploads\/2017\/02\/leite.jpg?resize=800%2C286 800w\" sizes=\"auto, (max-width: 600px) 100vw, 600px\" \/><\/p>\n<p>DORIA IMITA COLLOR E CORTA O LEITE DAS CRIAN\u00c7AS<!--more--><\/p>\n<p>\u00c9 preciso retornar a um dos per\u00edodos mais dram\u00e1ticos da hist\u00f3ria brasileira recente para se avaliar a decis\u00e3o do prefeito Jo\u00e3o D\u00f3ria Jr de promover um corte gigantesco e nefasto no programa de leite da prefeitura de S\u00e3o Paulo.<\/p>\n<p>Pela decis\u00e3o, o programa ser\u00e1 reduzido em 53%. Perto de 700 000 crian\u00e7as que estudam na rede p\u00fablica, com de 7 anos de idade ou mais &#8212; pelo programa em vigor, o benef\u00edcio era assegurado at\u00e9 os 14 anos &#8212; ser\u00e3o exclu\u00eddas. Permanecem apenas  crian\u00e7as de 0 a 6 anos. At\u00e9 agora, a cota fornecida pela prefeitura era de 2 quilos de leite em p\u00f3 por m\u00eas para todas as crian\u00e7as. Agora, as crian\u00e7as que v\u00e3o \u00e0 escola &#8212; aquelas que tem menos de sete anos, estamos entendidos &#8212; passam a receber meia ra\u00e7\u00e3o, de 1 quilo. Crian\u00e7as que n\u00e3o tem vaga nas escolas, ser\u00e3o inclu\u00eddas, com a ra\u00e7\u00e3o de 2 quilos &#8212; numa estrat\u00e9gia t\u00edpica dos programas compensat\u00f3rios estruturados a partir dos primeiros ataques ao Estado de bem-estar social dos pa\u00edses europeus. <\/p>\n<p>O padr\u00e3o de irresponsabilidade social envolvido nesta decis\u00e3o \u00e9 coerente com o esfor\u00e7o federal do governo Michel Temer para desmontar os embri\u00f5es de estado de bem-estar social constru\u00eddos ao longo de nossa hist\u00f3ria. Mas Temer n\u00e3o foi t\u00e3o longe. No final de 2016, rec\u00e9m-empossado ap\u00f3s o golpe, mas j\u00e1 exibindo aquele  apetite incontrol\u00e1vel para agradar aos mercados e cortar gastos de qualquer maneira, numa tesoura que sempre mais afiada para lanhar o lombo dos mais pobres, o governo Temer-Meirelles ensaiou suspender as remessas de recursos que ajudavam a pagar o leite das crian\u00e7as paulistanas. O prefeito Fernando Haddad reagiu e Bras\u00edlia voltou atr\u00e1s. <\/p>\n<p>Na pr\u00e1tica, o corte de 53% do leite s\u00f3 tem uma medida compar\u00e1vel, em tempos recentes, a uma  iniciativa de Fernando CollorNa curta perman\u00eancia no Planalto, Collor aproveitou um conjunto de esc\u00e2ndalos que envolviam a Legi\u00e3o Brasileira de Assist\u00eancia, a velha LBA criada por Get\u00falio Vargas, para fechar as portas da institui\u00e7\u00e3o e cancelar programas sociais que, apesar dos desvios e den\u00fancias, representavam um benef\u00edcio real a popula\u00e7\u00e3o pobre e superexplorada. Uma delas envolvia, justamente, o Tiquete Leite. Iniciativa de Jos\u00e9 Sarney, que sempre foi julgada pelos crit\u00e9rios das pessoas que n\u00e3o enfrentam car\u00eancias materiais para sobreviver, o projeto estimulou um aumento do consumo de leite em 15% em escala nacional, ou 5 milh\u00f5es de litros por dia, gerando um efeito positivo sobre a dieta da popula\u00e7\u00e3o, como mostra o estudo \u201cFome: hist\u00f3ria de uma cicatriz social,\u201d de Claudio Cerri e Ana Claudia Santos. E aqui h\u00e1 outro dado preocupante, quando se compara a crise de 1990 e a de 2017.<\/p>\n<p>Naquele pa\u00eds que enfrentava uma recess\u00e3o produzida pelo choque econ\u00f4mico iniciado pelo confisco banc\u00e1rio, essa medida ajudou a aprofundar a mis\u00e9ria e o sofrimento da maioria dos brasileiros. A linha da pobreza se ampliou e as grandes cidades brasileiras foram inundadas por uma massa de cidad\u00e3os e suas fam\u00edlias sem ter o que comer nem onde morar, ocupando espa\u00e7os dispon\u00edveis para implorar por ajuda e comida, disputando lugar inclusive no Viaduto do Ch\u00e1, onde o prefeito despacha.  <\/p>\n<p>Neste ambiente de humilha\u00e7\u00e3o e falta de perspectiva, ocorreu uma primeira rea\u00e7\u00e3o a partir da mobiliza\u00e7\u00e3o que criou Comit\u00eas contra a Fome e a Mis\u00e9ria, j\u00e1 no governo Itamar Franco. Numa resposta a destrui\u00e7\u00e3o nos programas do Estado, a pr\u00f3pria sociedade arrega\u00e7ou as mangas para enfrentar a situa\u00e7\u00e3o. Uma primeira vers\u00e3o do programa de leite foi institu\u00edda em S\u00e3o Paulo, em 1995, na gest\u00e3o de Paulo Maluf &#8212; numa demonstra\u00e7\u00e3o de que mesmo um prefeito de impec\u00e1veis credenciais conservadoras era capaz de reconhecer a necessidade de dar uma resposta a car\u00eancia dos mais pobres se pretendia ter algum futuro pol\u00edtico.   <\/p>\n<p>Numa conjuntura em que o pa\u00eds enfrenta a pior crise econ\u00f4mica do s\u00e9culo, cuja recupera\u00e7\u00e3o n\u00e3o se enxerga para breve, a decis\u00e3o de D\u00f3ria \u00e9 um ato de crueldade social. Pode-se imaginar que outros vir\u00e3o, num percurso coerente com um projeto pol\u00edtico de Estado que s\u00f3 \u00e9 M\u00ednimo para atender aos mais pobres e superexplorados. Para os de cima, a perspectiva \u00e9 transformar a cidade num parque de divers\u00f5es a ser explorado. Vale at\u00e9 privatizar cemit\u00e9rios.<\/p>\n<p>Num esfor\u00e7o para encontrar uma justificativa para a medida,  D\u00f3ria chegou a dizer: &#8220;n\u00e3o faz sentido sentido um gasto p\u00fablico enorme para dar leite a adolescentes.&#8221; Trata-se de uma improvisa\u00e7\u00e3o complicada do ponto de vista da pediatria.  O conceito de inf\u00e2ncia varia de uma institui\u00e7\u00e3o para outra e mesmo de uma pessoa para outra. H\u00e1 mesmo quem diga que a adolesc\u00eancia s\u00f3 tem in\u00edcio aos 15 anos. Em qualquer caso, n\u00e3o h\u00e1 quem diga que ela comece antes dos dez, faixa et\u00e1ria onde se encontram 3\/5 dos prejudicados pela decis\u00e3o do prefeito de S\u00e3o Paulo.<\/p>\n<p>Na verdade, pesquisas de gest\u00f5es anteriores da pr\u00f3pria prefeitura mostram que o &#8220;gasto p\u00fablico enorme para dar leite&#8221; \u00e9 um meio eficaz para proteger toda fam\u00edlia que se encontra no lado desfavor\u00e1vel da distribui\u00e7\u00e3o de renda &#8212;  o programa atende resid\u00eancias com uma renda familiar m\u00e1xima de R$ 2800 por m\u00eas. Naquelas resid\u00eancias em que, por uma raz\u00e3o ou outra, o pr\u00e9-adolescente ou mesmo adolescente n\u00e3o consome leite, costuma-se fazer uma permuta por carne ou frutas junto a comerciantes locais, solu\u00e7\u00e3o que assegura o objetivo real: assegurar todos estejam alimentado quando comparecem \u00e0 escola. <\/p>\n<p>Por raz\u00f5es que todos podem imaginar, a medida jamais foi anunciada nos programas eleitorais mas constitui um retrato realista de sua gest\u00e3o. N\u00e3o deixa de ser simb\u00f3lico, por\u00e9m. Na hora de tomar uma medida para mostrar a que veio, D\u00f3ria cortou o leite das crian\u00e7as. Feio, n\u00e3o? <\/p>\n","protected":false},"excerpt":{"rendered":"<p>DORIA IMITA COLLOR E CORTA O LEITE DAS CRIAN\u00c7AS<\/p>\n","protected":false},"author":1,"featured_media":0,"comment_status":"closed","ping_status":"open","sticky":false,"template":"","format":"standard","meta":{"_exactmetrics_skip_tracking":false,"_exactmetrics_sitenote_active":false,"_exactmetrics_sitenote_note":"","_exactmetrics_sitenote_category":0,"jetpack_post_was_ever_published":false,"_jetpack_newsletter_access":"","_jetpack_dont_email_post_to_subs":false,"_jetpack_newsletter_tier_id":0,"_jetpack_memberships_contains_paywalled_content":false,"_jetpack_memberships_contains_paid_content":false,"footnotes":"","jetpack_publicize_message":"","jetpack_publicize_feature_enabled":true,"jetpack_social_post_already_shared":true,"jetpack_social_options":{"image_generator_settings":{"template":"highway","enabled":false},"version":2}},"categories":[1],"tags":[],"class_list":["post-8587","post","type-post","status-publish","format-standard","hentry","category-notas"],"jetpack_publicize_connections":[],"jetpack_sharing_enabled":true,"jetpack_featured_media_url":"","jetpack_shortlink":"https:\/\/wp.me\/p7wKYW-2ev","jetpack-related-posts":[],"_links":{"self":[{"href":"http:\/\/blogdalucianaoliveira.com.br\/blog\/wp-json\/wp\/v2\/posts\/8587","targetHints":{"allow":["GET"]}}],"collection":[{"href":"http:\/\/blogdalucianaoliveira.com.br\/blog\/wp-json\/wp\/v2\/posts"}],"about":[{"href":"http:\/\/blogdalucianaoliveira.com.br\/blog\/wp-json\/wp\/v2\/types\/post"}],"author":[{"embeddable":true,"href":"http:\/\/blogdalucianaoliveira.com.br\/blog\/wp-json\/wp\/v2\/users\/1"}],"replies":[{"embeddable":true,"href":"http:\/\/blogdalucianaoliveira.com.br\/blog\/wp-json\/wp\/v2\/comments?post=8587"}],"version-history":[{"count":1,"href":"http:\/\/blogdalucianaoliveira.com.br\/blog\/wp-json\/wp\/v2\/posts\/8587\/revisions"}],"predecessor-version":[{"id":8589,"href":"http:\/\/blogdalucianaoliveira.com.br\/blog\/wp-json\/wp\/v2\/posts\/8587\/revisions\/8589"}],"wp:attachment":[{"href":"http:\/\/blogdalucianaoliveira.com.br\/blog\/wp-json\/wp\/v2\/media?parent=8587"}],"wp:term":[{"taxonomy":"category","embeddable":true,"href":"http:\/\/blogdalucianaoliveira.com.br\/blog\/wp-json\/wp\/v2\/categories?post=8587"},{"taxonomy":"post_tag","embeddable":true,"href":"http:\/\/blogdalucianaoliveira.com.br\/blog\/wp-json\/wp\/v2\/tags?post=8587"}],"curies":[{"name":"wp","href":"https:\/\/api.w.org\/{rel}","templated":true}]}}