{"id":8593,"date":"2017-02-16T22:24:25","date_gmt":"2017-02-17T02:24:25","guid":{"rendered":"http:\/\/blogdalucianaoliveira.com.br\/blog\/?p=8593"},"modified":"2017-02-16T22:56:25","modified_gmt":"2017-02-17T02:56:25","slug":"confira-a-agenda-de-carnaval-na-capital","status":"publish","type":"post","link":"http:\/\/blogdalucianaoliveira.com.br\/blog\/2017\/02\/16\/confira-a-agenda-de-carnaval-na-capital\/","title":{"rendered":"CONFIRA A AGENDA DE CARNAVAL NA CAPITAL"},"content":{"rendered":"<p><img data-recalc-dims=\"1\" loading=\"lazy\" decoding=\"async\" data-attachment-id=\"8598\" data-permalink=\"http:\/\/blogdalucianaoliveira.com.br\/blog\/2017\/02\/16\/confira-a-agenda-de-carnaval-na-capital\/carnaval\/\" data-orig-file=\"https:\/\/i0.wp.com\/blogdalucianaoliveira.com.br\/blog\/wp-content\/uploads\/2017\/02\/carnaval.jpg?fit=520%2C245\" data-orig-size=\"520,245\" data-comments-opened=\"0\" data-image-meta=\"{&quot;aperture&quot;:&quot;0&quot;,&quot;credit&quot;:&quot;&quot;,&quot;camera&quot;:&quot;&quot;,&quot;caption&quot;:&quot;&quot;,&quot;created_timestamp&quot;:&quot;0&quot;,&quot;copyright&quot;:&quot;&quot;,&quot;focal_length&quot;:&quot;0&quot;,&quot;iso&quot;:&quot;0&quot;,&quot;shutter_speed&quot;:&quot;0&quot;,&quot;title&quot;:&quot;&quot;,&quot;orientation&quot;:&quot;0&quot;}\" data-image-title=\"carnaval\" data-image-description=\"\" data-image-caption=\"\" data-medium-file=\"https:\/\/i0.wp.com\/blogdalucianaoliveira.com.br\/blog\/wp-content\/uploads\/2017\/02\/carnaval.jpg?fit=300%2C141\" data-large-file=\"https:\/\/i0.wp.com\/blogdalucianaoliveira.com.br\/blog\/wp-content\/uploads\/2017\/02\/carnaval.jpg?fit=520%2C245\" src=\"https:\/\/i0.wp.com\/blogdalucianaoliveira.com.br\/blog\/wp-content\/uploads\/2017\/02\/carnaval.jpg?resize=520%2C245\" alt=\"carnaval\" width=\"520\" height=\"245\" class=\"alignnone size-full wp-image-8598\" srcset=\"https:\/\/i0.wp.com\/blogdalucianaoliveira.com.br\/blog\/wp-content\/uploads\/2017\/02\/carnaval.jpg?w=520 520w, https:\/\/i0.wp.com\/blogdalucianaoliveira.com.br\/blog\/wp-content\/uploads\/2017\/02\/carnaval.jpg?resize=300%2C141 300w\" sizes=\"auto, (max-width: 520px) 100vw, 520px\" \/><\/p>\n<p>Come\u00e7am os desfiles de blocos de rua em Porto Velho. Veja hor\u00e1rios e locais para a folia no fim de semana.<!--more--><\/p>\n<p>DIA 17<\/p>\n<p><img data-recalc-dims=\"1\" loading=\"lazy\" decoding=\"async\" data-attachment-id=\"8601\" data-permalink=\"http:\/\/blogdalucianaoliveira.com.br\/blog\/2017\/02\/16\/confira-a-agenda-de-carnaval-na-capital\/img_1988\/\" data-orig-file=\"https:\/\/i0.wp.com\/blogdalucianaoliveira.com.br\/blog\/wp-content\/uploads\/2017\/02\/IMG_1988.jpg?fit=540%2C540\" data-orig-size=\"540,540\" data-comments-opened=\"0\" data-image-meta=\"{&quot;aperture&quot;:&quot;0&quot;,&quot;credit&quot;:&quot;&quot;,&quot;camera&quot;:&quot;&quot;,&quot;caption&quot;:&quot;&quot;,&quot;created_timestamp&quot;:&quot;0&quot;,&quot;copyright&quot;:&quot;&quot;,&quot;focal_length&quot;:&quot;0&quot;,&quot;iso&quot;:&quot;0&quot;,&quot;shutter_speed&quot;:&quot;0&quot;,&quot;title&quot;:&quot;&quot;,&quot;orientation&quot;:&quot;1&quot;}\" data-image-title=\"IMG_1988\" data-image-description=\"\" data-image-caption=\"\" data-medium-file=\"https:\/\/i0.wp.com\/blogdalucianaoliveira.com.br\/blog\/wp-content\/uploads\/2017\/02\/IMG_1988.jpg?fit=300%2C300\" data-large-file=\"https:\/\/i0.wp.com\/blogdalucianaoliveira.com.br\/blog\/wp-content\/uploads\/2017\/02\/IMG_1988.jpg?fit=540%2C540\" src=\"https:\/\/i0.wp.com\/blogdalucianaoliveira.com.br\/blog\/wp-content\/uploads\/2017\/02\/IMG_1988.jpg?resize=540%2C540\" alt=\"IMG_1988\" width=\"540\" height=\"540\" class=\"alignnone size-full wp-image-8601\" srcset=\"https:\/\/i0.wp.com\/blogdalucianaoliveira.com.br\/blog\/wp-content\/uploads\/2017\/02\/IMG_1988.jpg?w=540 540w, https:\/\/i0.wp.com\/blogdalucianaoliveira.com.br\/blog\/wp-content\/uploads\/2017\/02\/IMG_1988.jpg?resize=150%2C150 150w, https:\/\/i0.wp.com\/blogdalucianaoliveira.com.br\/blog\/wp-content\/uploads\/2017\/02\/IMG_1988.jpg?resize=300%2C300 300w\" sizes=\"auto, (max-width: 540px) 100vw, 540px\" \/><\/p>\n<p>ANIVERS\u00c1RIO DA GRES ASLFAT\u00c3O<\/p>\n<p>Era 17 de fevereiro de 1971, dia do desfile dos Bloco Tradicionais e Escolas de Samba de Porto Velho &#8211; na \u00e9poca, detentora do melhor desfile de carnaval da Regi\u00e3o.<\/p>\n<p>Neste dia, trabalhadores e trabalhadoras da antiga usina de asfalto, do munic\u00edpio, munidos dos seus equipamentos de trabalho, labutavam nos preparos como: limpeza, retoques com cal e piche na passarela do samba&#8230;<\/p>\n<p>Ao final, ap\u00f3s a dedica\u00e7\u00e3o nesta miss\u00e3o, consumidos pelo cansa\u00e7o do trabalho, o corpo, alma e o cora\u00e7\u00e3o pediam algo que os tornassem ainda mais felizes&#8230;<\/p>\n<p>Foi quando, de posse de seus equipamentos, resolveram cair na folia de Momo e sa\u00edram cantando, dan\u00e7ando e pulando num desfile de intensa Alegria, Harmonia e Amor.<\/p>\n<p>Mal sabiam eles, que ali estava nascendo a Escola de Asfalt\u00e3o. Nascia a Fam\u00edlia Amarelo, Preto e Branco&#8230;<\/p>\n<p>A bi-campe\u00e3 do carnaval de Porto Velho!!!!<\/p>\n<p>Para celebrar o dia e a hist\u00f3ria, CONVIDAM toda a Fam\u00edlia Asfalt\u00e3o, a comunidade, simpatizantes,  amigos e amigas em geral para cantar parab\u00e9ns a partir das 19 hs, l\u00e1 no Bar do Calixto, junto com o Pagode dos Amigos, do parceiro *Nilson do Cavaco*.<\/p>\n<p>DESFILE DO BLOCO AREAL FOLIA, a partir das 22 horas.<\/p>\n<p><img data-recalc-dims=\"1\" loading=\"lazy\" decoding=\"async\" data-attachment-id=\"8603\" data-permalink=\"http:\/\/blogdalucianaoliveira.com.br\/blog\/2017\/02\/16\/confira-a-agenda-de-carnaval-na-capital\/areal\/\" data-orig-file=\"https:\/\/i0.wp.com\/blogdalucianaoliveira.com.br\/blog\/wp-content\/uploads\/2017\/02\/areal.jpg?fit=480%2C502\" data-orig-size=\"480,502\" data-comments-opened=\"0\" data-image-meta=\"{&quot;aperture&quot;:&quot;0&quot;,&quot;credit&quot;:&quot;&quot;,&quot;camera&quot;:&quot;&quot;,&quot;caption&quot;:&quot;&quot;,&quot;created_timestamp&quot;:&quot;0&quot;,&quot;copyright&quot;:&quot;&quot;,&quot;focal_length&quot;:&quot;0&quot;,&quot;iso&quot;:&quot;0&quot;,&quot;shutter_speed&quot;:&quot;0&quot;,&quot;title&quot;:&quot;&quot;,&quot;orientation&quot;:&quot;0&quot;}\" data-image-title=\"areal\" data-image-description=\"\" data-image-caption=\"\" data-medium-file=\"https:\/\/i0.wp.com\/blogdalucianaoliveira.com.br\/blog\/wp-content\/uploads\/2017\/02\/areal.jpg?fit=287%2C300\" data-large-file=\"https:\/\/i0.wp.com\/blogdalucianaoliveira.com.br\/blog\/wp-content\/uploads\/2017\/02\/areal.jpg?fit=480%2C502\" src=\"https:\/\/i0.wp.com\/blogdalucianaoliveira.com.br\/blog\/wp-content\/uploads\/2017\/02\/areal.jpg?resize=480%2C502\" alt=\"areal\" width=\"480\" height=\"502\" class=\"alignnone size-full wp-image-8603\" srcset=\"https:\/\/i0.wp.com\/blogdalucianaoliveira.com.br\/blog\/wp-content\/uploads\/2017\/02\/areal.jpg?w=480 480w, https:\/\/i0.wp.com\/blogdalucianaoliveira.com.br\/blog\/wp-content\/uploads\/2017\/02\/areal.jpg?resize=287%2C300 287w\" sizes=\"auto, (max-width: 480px) 100vw, 480px\" \/><\/p>\n<p>DIA 18<\/p>\n<p>Ser\u00e1 agitado o s\u00e1bado e pra quem tem f\u00f4lego!<br \/>\nAo meio dia, comece na FEIJOADA do Z\u00e9 Beer.<\/p>\n<p><img data-recalc-dims=\"1\" loading=\"lazy\" decoding=\"async\" data-attachment-id=\"8594\" data-permalink=\"http:\/\/blogdalucianaoliveira.com.br\/blog\/2017\/02\/16\/confira-a-agenda-de-carnaval-na-capital\/feijo\/\" data-orig-file=\"https:\/\/i0.wp.com\/blogdalucianaoliveira.com.br\/blog\/wp-content\/uploads\/2017\/02\/feijo.jpg?fit=526%2C715\" data-orig-size=\"526,715\" data-comments-opened=\"0\" data-image-meta=\"{&quot;aperture&quot;:&quot;0&quot;,&quot;credit&quot;:&quot;&quot;,&quot;camera&quot;:&quot;&quot;,&quot;caption&quot;:&quot;&quot;,&quot;created_timestamp&quot;:&quot;0&quot;,&quot;copyright&quot;:&quot;&quot;,&quot;focal_length&quot;:&quot;0&quot;,&quot;iso&quot;:&quot;0&quot;,&quot;shutter_speed&quot;:&quot;0&quot;,&quot;title&quot;:&quot;&quot;,&quot;orientation&quot;:&quot;0&quot;}\" data-image-title=\"feijo\" data-image-description=\"\" data-image-caption=\"\" data-medium-file=\"https:\/\/i0.wp.com\/blogdalucianaoliveira.com.br\/blog\/wp-content\/uploads\/2017\/02\/feijo.jpg?fit=221%2C300\" data-large-file=\"https:\/\/i0.wp.com\/blogdalucianaoliveira.com.br\/blog\/wp-content\/uploads\/2017\/02\/feijo.jpg?fit=526%2C715\" src=\"https:\/\/i0.wp.com\/blogdalucianaoliveira.com.br\/blog\/wp-content\/uploads\/2017\/02\/feijo.jpg?resize=526%2C715\" alt=\"feijo\" width=\"526\" height=\"715\" class=\"alignnone size-full wp-image-8594\" srcset=\"https:\/\/i0.wp.com\/blogdalucianaoliveira.com.br\/blog\/wp-content\/uploads\/2017\/02\/feijo.jpg?w=526 526w, https:\/\/i0.wp.com\/blogdalucianaoliveira.com.br\/blog\/wp-content\/uploads\/2017\/02\/feijo.jpg?resize=221%2C300 221w\" sizes=\"auto, (max-width: 526px) 100vw, 526px\" \/><\/p>\n<p>CONCENTRA MAIS N\u00c3O SAI<\/p>\n<p>FOLIA DO VEM QUE T\u00c1 MARA, evento fechado, open bar, com banda de m\u00fasica e carnaval tradicional com fantasias.<\/p>\n<p><img data-recalc-dims=\"1\" loading=\"lazy\" decoding=\"async\" data-attachment-id=\"8607\" data-permalink=\"http:\/\/blogdalucianaoliveira.com.br\/blog\/2017\/02\/16\/confira-a-agenda-de-carnaval-na-capital\/ta-mara-2\/\" data-orig-file=\"https:\/\/i0.wp.com\/blogdalucianaoliveira.com.br\/blog\/wp-content\/uploads\/2017\/02\/ta-mara-1.jpg?fit=498%2C480\" data-orig-size=\"498,480\" data-comments-opened=\"0\" data-image-meta=\"{&quot;aperture&quot;:&quot;0&quot;,&quot;credit&quot;:&quot;&quot;,&quot;camera&quot;:&quot;&quot;,&quot;caption&quot;:&quot;&quot;,&quot;created_timestamp&quot;:&quot;0&quot;,&quot;copyright&quot;:&quot;&quot;,&quot;focal_length&quot;:&quot;0&quot;,&quot;iso&quot;:&quot;0&quot;,&quot;shutter_speed&quot;:&quot;0&quot;,&quot;title&quot;:&quot;&quot;,&quot;orientation&quot;:&quot;0&quot;}\" data-image-title=\"ta mara\" data-image-description=\"\" data-image-caption=\"\" data-medium-file=\"https:\/\/i0.wp.com\/blogdalucianaoliveira.com.br\/blog\/wp-content\/uploads\/2017\/02\/ta-mara-1.jpg?fit=300%2C289\" data-large-file=\"https:\/\/i0.wp.com\/blogdalucianaoliveira.com.br\/blog\/wp-content\/uploads\/2017\/02\/ta-mara-1.jpg?fit=498%2C480\" src=\"https:\/\/i0.wp.com\/blogdalucianaoliveira.com.br\/blog\/wp-content\/uploads\/2017\/02\/ta-mara-1.jpg?resize=498%2C480\" alt=\"ta mara\" width=\"498\" height=\"480\" class=\"alignnone size-full wp-image-8607\" srcset=\"https:\/\/i0.wp.com\/blogdalucianaoliveira.com.br\/blog\/wp-content\/uploads\/2017\/02\/ta-mara-1.jpg?w=498 498w, https:\/\/i0.wp.com\/blogdalucianaoliveira.com.br\/blog\/wp-content\/uploads\/2017\/02\/ta-mara-1.jpg?resize=300%2C289 300w, https:\/\/i0.wp.com\/blogdalucianaoliveira.com.br\/blog\/wp-content\/uploads\/2017\/02\/ta-mara-1.jpg?resize=311%2C300 311w\" sizes=\"auto, (max-width: 498px) 100vw, 498px\" \/><\/p>\n<p>DESFILE DO BLOCO PIRARUCU DO MADEIRA, a partir das 15 horas, na Pinheiro Machado, ao lado do gin\u00e1sio Cl\u00e1udio Coutinho.<\/p>\n<p><img data-recalc-dims=\"1\" loading=\"lazy\" decoding=\"async\" data-attachment-id=\"8595\" data-permalink=\"http:\/\/blogdalucianaoliveira.com.br\/blog\/2017\/02\/16\/confira-a-agenda-de-carnaval-na-capital\/pirarucu-3\/\" data-orig-file=\"https:\/\/i0.wp.com\/blogdalucianaoliveira.com.br\/blog\/wp-content\/uploads\/2017\/02\/pirarucu-2.jpg?fit=828%2C316\" data-orig-size=\"828,316\" data-comments-opened=\"0\" data-image-meta=\"{&quot;aperture&quot;:&quot;0&quot;,&quot;credit&quot;:&quot;&quot;,&quot;camera&quot;:&quot;&quot;,&quot;caption&quot;:&quot;&quot;,&quot;created_timestamp&quot;:&quot;0&quot;,&quot;copyright&quot;:&quot;&quot;,&quot;focal_length&quot;:&quot;0&quot;,&quot;iso&quot;:&quot;0&quot;,&quot;shutter_speed&quot;:&quot;0&quot;,&quot;title&quot;:&quot;&quot;,&quot;orientation&quot;:&quot;1&quot;}\" data-image-title=\"pirarucu\" data-image-description=\"\" data-image-caption=\"\" data-medium-file=\"https:\/\/i0.wp.com\/blogdalucianaoliveira.com.br\/blog\/wp-content\/uploads\/2017\/02\/pirarucu-2.jpg?fit=300%2C114\" data-large-file=\"https:\/\/i0.wp.com\/blogdalucianaoliveira.com.br\/blog\/wp-content\/uploads\/2017\/02\/pirarucu-2.jpg?fit=600%2C229\" src=\"https:\/\/i0.wp.com\/blogdalucianaoliveira.com.br\/blog\/wp-content\/uploads\/2017\/02\/pirarucu-2.jpg?resize=600%2C229\" alt=\"pirarucu\" width=\"600\" height=\"229\" class=\"alignnone size-full wp-image-8595\" srcset=\"https:\/\/i0.wp.com\/blogdalucianaoliveira.com.br\/blog\/wp-content\/uploads\/2017\/02\/pirarucu-2.jpg?w=828 828w, https:\/\/i0.wp.com\/blogdalucianaoliveira.com.br\/blog\/wp-content\/uploads\/2017\/02\/pirarucu-2.jpg?resize=300%2C114 300w, https:\/\/i0.wp.com\/blogdalucianaoliveira.com.br\/blog\/wp-content\/uploads\/2017\/02\/pirarucu-2.jpg?resize=768%2C293 768w, https:\/\/i0.wp.com\/blogdalucianaoliveira.com.br\/blog\/wp-content\/uploads\/2017\/02\/pirarucu-2.jpg?resize=786%2C300 786w\" sizes=\"auto, (max-width: 600px) 100vw, 600px\" \/><\/p>\n<p>\u00daLTIMO ENSAIO DO GALO DA MEIA NOITE, no Mercado Cultural onde acontece tamb\u00e9m a chegada do bloco Pirarucu do Madeira.<\/p>\n<p><img data-recalc-dims=\"1\" loading=\"lazy\" decoding=\"async\" data-attachment-id=\"8596\" data-permalink=\"http:\/\/blogdalucianaoliveira.com.br\/blog\/2017\/02\/16\/confira-a-agenda-de-carnaval-na-capital\/galo3\/\" data-orig-file=\"https:\/\/i0.wp.com\/blogdalucianaoliveira.com.br\/blog\/wp-content\/uploads\/2017\/02\/galo3.jpg?fit=457%2C640\" data-orig-size=\"457,640\" data-comments-opened=\"0\" data-image-meta=\"{&quot;aperture&quot;:&quot;0&quot;,&quot;credit&quot;:&quot;&quot;,&quot;camera&quot;:&quot;&quot;,&quot;caption&quot;:&quot;&quot;,&quot;created_timestamp&quot;:&quot;0&quot;,&quot;copyright&quot;:&quot;&quot;,&quot;focal_length&quot;:&quot;0&quot;,&quot;iso&quot;:&quot;0&quot;,&quot;shutter_speed&quot;:&quot;0&quot;,&quot;title&quot;:&quot;&quot;,&quot;orientation&quot;:&quot;0&quot;}\" data-image-title=\"galo3\" data-image-description=\"\" data-image-caption=\"\" data-medium-file=\"https:\/\/i0.wp.com\/blogdalucianaoliveira.com.br\/blog\/wp-content\/uploads\/2017\/02\/galo3.jpg?fit=214%2C300\" data-large-file=\"https:\/\/i0.wp.com\/blogdalucianaoliveira.com.br\/blog\/wp-content\/uploads\/2017\/02\/galo3.jpg?fit=457%2C640\" src=\"https:\/\/i0.wp.com\/blogdalucianaoliveira.com.br\/blog\/wp-content\/uploads\/2017\/02\/galo3.jpg?resize=457%2C640\" alt=\"galo3\" width=\"457\" height=\"640\" class=\"alignnone size-full wp-image-8596\" srcset=\"https:\/\/i0.wp.com\/blogdalucianaoliveira.com.br\/blog\/wp-content\/uploads\/2017\/02\/galo3.jpg?w=457 457w, https:\/\/i0.wp.com\/blogdalucianaoliveira.com.br\/blog\/wp-content\/uploads\/2017\/02\/galo3.jpg?resize=214%2C300 214w\" sizes=\"auto, (max-width: 457px) 100vw, 457px\" \/><\/p>\n<p>DESFILE DO BLOCO AT\u00c9 QUE A NOITE VIRE DIA, no Mocambo, a partir das 21, com sa\u00edda meia noite.<\/p>\n<p><img data-recalc-dims=\"1\" loading=\"lazy\" decoding=\"async\" data-attachment-id=\"8597\" data-permalink=\"http:\/\/blogdalucianaoliveira.com.br\/blog\/2017\/02\/16\/confira-a-agenda-de-carnaval-na-capital\/ateque\/\" data-orig-file=\"https:\/\/i0.wp.com\/blogdalucianaoliveira.com.br\/blog\/wp-content\/uploads\/2017\/02\/ateque.jpg?fit=526%2C476\" data-orig-size=\"526,476\" data-comments-opened=\"0\" data-image-meta=\"{&quot;aperture&quot;:&quot;0&quot;,&quot;credit&quot;:&quot;&quot;,&quot;camera&quot;:&quot;&quot;,&quot;caption&quot;:&quot;&quot;,&quot;created_timestamp&quot;:&quot;0&quot;,&quot;copyright&quot;:&quot;&quot;,&quot;focal_length&quot;:&quot;0&quot;,&quot;iso&quot;:&quot;0&quot;,&quot;shutter_speed&quot;:&quot;0&quot;,&quot;title&quot;:&quot;&quot;,&quot;orientation&quot;:&quot;0&quot;}\" data-image-title=\"ateque\" data-image-description=\"\" data-image-caption=\"\" data-medium-file=\"https:\/\/i0.wp.com\/blogdalucianaoliveira.com.br\/blog\/wp-content\/uploads\/2017\/02\/ateque.jpg?fit=300%2C271\" data-large-file=\"https:\/\/i0.wp.com\/blogdalucianaoliveira.com.br\/blog\/wp-content\/uploads\/2017\/02\/ateque.jpg?fit=526%2C476\" src=\"https:\/\/i0.wp.com\/blogdalucianaoliveira.com.br\/blog\/wp-content\/uploads\/2017\/02\/ateque.jpg?resize=526%2C476\" alt=\"ateque\" width=\"526\" height=\"476\" class=\"alignnone size-full wp-image-8597\" srcset=\"https:\/\/i0.wp.com\/blogdalucianaoliveira.com.br\/blog\/wp-content\/uploads\/2017\/02\/ateque.jpg?w=526 526w, https:\/\/i0.wp.com\/blogdalucianaoliveira.com.br\/blog\/wp-content\/uploads\/2017\/02\/ateque.jpg?resize=300%2C271 300w, https:\/\/i0.wp.com\/blogdalucianaoliveira.com.br\/blog\/wp-content\/uploads\/2017\/02\/ateque.jpg?resize=332%2C300 332w\" sizes=\"auto, (max-width: 526px) 100vw, 526px\" \/><\/p>\n","protected":false},"excerpt":{"rendered":"<p>Come\u00e7am os desfiles de blocos de rua em Porto Velho. Veja hor\u00e1rios e locais para a folia no fim de semana.<\/p>\n","protected":false},"author":1,"featured_media":0,"comment_status":"closed","ping_status":"open","sticky":false,"template":"","format":"standard","meta":{"_exactmetrics_skip_tracking":false,"_exactmetrics_sitenote_active":false,"_exactmetrics_sitenote_note":"","_exactmetrics_sitenote_category":0,"jetpack_post_was_ever_published":false,"_jetpack_newsletter_access":"","_jetpack_dont_email_post_to_subs":false,"_jetpack_newsletter_tier_id":0,"_jetpack_memberships_contains_paywalled_content":false,"_jetpack_memberships_contains_paid_content":false,"footnotes":"","jetpack_publicize_message":"","jetpack_publicize_feature_enabled":true,"jetpack_social_post_already_shared":true,"jetpack_social_options":{"image_generator_settings":{"template":"highway","enabled":false},"version":2}},"categories":[1],"tags":[],"class_list":["post-8593","post","type-post","status-publish","format-standard","hentry","category-notas"],"jetpack_publicize_connections":[],"jetpack_sharing_enabled":true,"jetpack_featured_media_url":"","jetpack_shortlink":"https:\/\/wp.me\/p7wKYW-2eB","jetpack-related-posts":[],"_links":{"self":[{"href":"http:\/\/blogdalucianaoliveira.com.br\/blog\/wp-json\/wp\/v2\/posts\/8593","targetHints":{"allow":["GET"]}}],"collection":[{"href":"http:\/\/blogdalucianaoliveira.com.br\/blog\/wp-json\/wp\/v2\/posts"}],"about":[{"href":"http:\/\/blogdalucianaoliveira.com.br\/blog\/wp-json\/wp\/v2\/types\/post"}],"author":[{"embeddable":true,"href":"http:\/\/blogdalucianaoliveira.com.br\/blog\/wp-json\/wp\/v2\/users\/1"}],"replies":[{"embeddable":true,"href":"http:\/\/blogdalucianaoliveira.com.br\/blog\/wp-json\/wp\/v2\/comments?post=8593"}],"version-history":[{"count":7,"href":"http:\/\/blogdalucianaoliveira.com.br\/blog\/wp-json\/wp\/v2\/posts\/8593\/revisions"}],"predecessor-version":[{"id":8609,"href":"http:\/\/blogdalucianaoliveira.com.br\/blog\/wp-json\/wp\/v2\/posts\/8593\/revisions\/8609"}],"wp:attachment":[{"href":"http:\/\/blogdalucianaoliveira.com.br\/blog\/wp-json\/wp\/v2\/media?parent=8593"}],"wp:term":[{"taxonomy":"category","embeddable":true,"href":"http:\/\/blogdalucianaoliveira.com.br\/blog\/wp-json\/wp\/v2\/categories?post=8593"},{"taxonomy":"post_tag","embeddable":true,"href":"http:\/\/blogdalucianaoliveira.com.br\/blog\/wp-json\/wp\/v2\/tags?post=8593"}],"curies":[{"name":"wp","href":"https:\/\/api.w.org\/{rel}","templated":true}]}}