{"id":8613,"date":"2017-02-17T11:18:06","date_gmt":"2017-02-17T15:18:06","guid":{"rendered":"http:\/\/blogdalucianaoliveira.com.br\/blog\/?p=8613"},"modified":"2017-02-17T11:18:06","modified_gmt":"2017-02-17T15:18:06","slug":"a-rejeicao-a-temer-e-a-ficha-que-cai","status":"publish","type":"post","link":"http:\/\/blogdalucianaoliveira.com.br\/blog\/2017\/02\/17\/a-rejeicao-a-temer-e-a-ficha-que-cai\/","title":{"rendered":"A REJEI\u00c7\u00c3O A TEMER E A FICHA QUE CAI"},"content":{"rendered":"<p><img data-recalc-dims=\"1\" loading=\"lazy\" decoding=\"async\" data-attachment-id=\"8614\" data-permalink=\"http:\/\/blogdalucianaoliveira.com.br\/blog\/2017\/02\/17\/a-rejeicao-a-temer-e-a-ficha-que-cai\/img_2002\/\" data-orig-file=\"https:\/\/i0.wp.com\/blogdalucianaoliveira.com.br\/blog\/wp-content\/uploads\/2017\/02\/IMG_2002.jpg?fit=490%2C280\" data-orig-size=\"490,280\" data-comments-opened=\"0\" data-image-meta=\"{&quot;aperture&quot;:&quot;0&quot;,&quot;credit&quot;:&quot;&quot;,&quot;camera&quot;:&quot;&quot;,&quot;caption&quot;:&quot;&quot;,&quot;created_timestamp&quot;:&quot;0&quot;,&quot;copyright&quot;:&quot;&quot;,&quot;focal_length&quot;:&quot;0&quot;,&quot;iso&quot;:&quot;0&quot;,&quot;shutter_speed&quot;:&quot;0&quot;,&quot;title&quot;:&quot;&quot;,&quot;orientation&quot;:&quot;0&quot;}\" data-image-title=\"IMG_2002\" data-image-description=\"\" data-image-caption=\"\" data-medium-file=\"https:\/\/i0.wp.com\/blogdalucianaoliveira.com.br\/blog\/wp-content\/uploads\/2017\/02\/IMG_2002.jpg?fit=300%2C171\" data-large-file=\"https:\/\/i0.wp.com\/blogdalucianaoliveira.com.br\/blog\/wp-content\/uploads\/2017\/02\/IMG_2002.jpg?fit=490%2C280\" src=\"https:\/\/i0.wp.com\/blogdalucianaoliveira.com.br\/blog\/wp-content\/uploads\/2017\/02\/IMG_2002.jpg?resize=490%2C280\" alt=\"IMG_2002\" width=\"490\" height=\"280\" class=\"alignnone size-full wp-image-8614\" srcset=\"https:\/\/i0.wp.com\/blogdalucianaoliveira.com.br\/blog\/wp-content\/uploads\/2017\/02\/IMG_2002.jpg?w=490 490w, https:\/\/i0.wp.com\/blogdalucianaoliveira.com.br\/blog\/wp-content\/uploads\/2017\/02\/IMG_2002.jpg?resize=300%2C171 300w\" sizes=\"auto, (max-width: 490px) 100vw, 490px\" \/><br \/>\nNo 247<br \/>\nPor Tereza Cruvinel<\/p>\n<p>         N\u00e3o \u00e9 preciso ter bola de cristal para concluir que a queda na aprova\u00e7\u00e3o ao governo Temer para meros 10,3%, segundo a pesquisa MDA-CNT, carrega uma tend\u00eancia de continuidade que vai se acentuar na medida em que o governo avan\u00e7ar com sua agenda e os brasileiros conhecerem mais o presidente que os governa por obra de um golpe.  Nesta 133\u00aa. <!--more--><\/p>\n<p>Pesquisa CNT-MDA, 26,5% consideraram o governo p\u00e9ssimo e 17,6% apenas ruim,  o que soma 44,1% de desaprova\u00e7\u00e3o.  J\u00e1 atua\u00e7\u00e3o do pr\u00f3prio Temer foi reprovada por 62,4%.  <\/p>\n<p>A reprova\u00e7\u00e3o ao presidente e a seu governo \u00e9 mais um indicador, embora n\u00e3o o \u00fanico, de que o projeto do golpe est\u00e1 naufragando a olhos vistos, e de que a ficha est\u00e1 caindo para os que se iludiram com o impeachment de Dilma Rousseff.  A contrapartida \u00e9 o crescimento de Lula, na mesma pesquisa, entre os candidatos a presidente em 2018.   Ele cresceu seis pontos ap\u00f3s a pen\u00faltima rodada da s\u00e9rie, em outubro, passando de 24,8 para 30,5% pontos percentuais. J\u00e1 A\u00e9cio, Marina, Ciro Gomes e o pr\u00f3prio Temer encolheram.  Al\u00e9m de Lula, s\u00f3 Bolsonaro cresceu, capitalizando a frustra\u00e7\u00e3o da direita extremada com os outros que se dispuseram a represent\u00e1-la. Subiu de 6,5% para 11,3%.<\/p>\n<p>A agenda do governo, quanto mais conhecida e implementada, mais desgaste trar\u00e1 a Temer e aos partidos e candidatos que se uniram na coaliz\u00e3o golpista.  O melhor resultado obtido por Temer nesta s\u00e9rie de pesquisas foi logo depois de sua posse como interino, quando ainda era um enigma para a maioria da popula\u00e7\u00e3o.  Naquele momento, substituindo a presidente afastada,   que o Congresso e a oposi\u00e7\u00e3o haviam impedido de governar no segundo mandato para gestar a crise e minar-lhe a popularidade, ele  foi visto por com alguma esperan\u00e7a por uma parcela da popula\u00e7\u00e3o que se iludiu com as promessas de moraliza\u00e7\u00e3o e restaura\u00e7\u00e3o das condi\u00e7\u00f5es econ\u00f4micas.   Em junho, um m\u00eas depois da posse provis\u00f3ria, ele alcan\u00e7ou  33,8% de aprova\u00e7\u00e3o,  \u00edndice que caiu em outubro para 31,7%, e agora para 24,4%. J\u00e1 a rejei\u00e7\u00e3o, que era de 51,5% em outubro, agora subiu 62,4%. A mesma evolu\u00e7\u00e3o pode ser observada na avalia\u00e7\u00e3o do governo.<\/p>\n<p> A decep\u00e7\u00e3o tende a ser continuada por raz\u00f5es elementares. Por mais que a m\u00eddia e setores do empresariado e do mercado financeiro se esforcem para enxergar sinais positivos na economia, para o povo a situa\u00e7\u00e3o s\u00f3 piorou sob Temer.  At\u00e9 o final do ano, o pa\u00eds ter\u00e1 cerca de 3,8 milh\u00f5es de novos pobres, filhos da recess\u00e3o.  Os pobres j\u00e1 n\u00e3o andam de avi\u00e3o e j\u00e1 cortam at\u00e9 o celular, informam as companhias do setor. Cerca de 200 mil pessoas sa\u00edram dos planos de sa\u00fade s\u00f3 em janeiro, diz a ANS. Ou perderam o plano corporativo ao perderem o emprego, ou n\u00e3o puderam mais pagar o plano individual. A press\u00e3o sobre a rede p\u00fablica de sa\u00fade aumenta, assim como o \u00eaxodo das escolas privadas pressiona o sistema p\u00fablico de ensino. Os programas sociais sofreram cortes. Nos estados, calamidade financeira, crise de seguran\u00e7a e penitenci\u00e1ria.  Neste quadro, como enxergar dias melhores? Como celebrar o recuo da infla\u00e7\u00e3o, obra da recess\u00e3o? Os juros ca\u00edram duas vezes recentemente mas a taxa real (Selic menos infla\u00e7\u00e3o) continua mais alta que no \u00faltimo m\u00eas do governo Dilma, e isso impacta negativamente o cr\u00e9dito.  O governo anuncia, como um feito,  que o FGTS financiar\u00e1 im\u00f3veis de at\u00e9 R$ 1,5 milh\u00e3o. O que isso significa \u00e9 a drenagem de recursos para as classes de maior renda, em detrimento dos que precisam \u00e9 da faixa 1 do Minha Casa, Minha Vida. Temer libera res\u00edduos de contas inativas do FGTS, que nem far\u00e3o c\u00f3cegas na recess\u00e3o, mas o povo agora est\u00e1 descobrindo \u00e9 que ele garfou o abono do PIS\/Pasep, que n\u00e3o ser\u00e1 pago este ano.  <\/p>\n<p>         Temer n\u00e3o foi eleito, n\u00e3o h\u00e1 como falar em estelionato eleitoral. Mas o que vem sendo percebido pela popula\u00e7\u00e3o \u00e9 o estelionato pol\u00edtico do impeachment: n\u00e3o houve moraliza\u00e7\u00e3o nem o pa\u00eds entrou nos trilhos, como prometido. Pelo contr\u00e1rio, a Lava Jato agora esbarra nos esquema de corrup\u00e7\u00e3o do PMDB e PSDB e Temer n\u00e3o dissimula os esfor\u00e7os para proteger sua turma. O pa\u00eds segue descarrilhando e a vida ficou pior.<\/p>\n<p>         O presente \u00e9 p\u00e9ssimo mas a percep\u00e7\u00e3o de que o futuro ser\u00e1 tr\u00e1gico vir\u00e1 quando a popula\u00e7\u00e3o come\u00e7ar a entender o completo sentido das reformas previdenci\u00e1ria e trabalhista que o governo quer aprovar a galope.    O pior da reforma previdenci\u00e1ria nem \u00e9 a eleva\u00e7\u00e3o da idade m\u00ednima de aposentadoria para 65 anos, para homens e mulheres. A maior maldade est\u00e1 na eleva\u00e7\u00e3o do tempo m\u00ednimo de contribui\u00e7\u00e3o, de 15 para 25 anos. Num pa\u00eds onde milh\u00f5es s\u00f3 conseguiram um emprego de carteira assinada bem mais tarde, at\u00e9 mesmo na meia idade, e onde os aut\u00f4nomos e os trabalhadores informais s\u00f3 come\u00e7aram a ingressar no sistema a partir da implanta\u00e7\u00e3o, por Lula, do regime simplificado com contribui\u00e7\u00e3o de 11%, milhares de pessoas jamais se aposentar\u00e3o se tiverem que provar pelo menos 25 anos de recolhimento ao INSS.  Na medida em que estas e outras maldades forem conhecidas, a percep\u00e7\u00e3o do estelionato vai se consolidar e a rejei\u00e7\u00e3o a Temer e a seus associados vai aumentar.<\/p>\n<p>         Lula ser\u00e1 o benefici\u00e1rio natural do cair da ficha. Secundariamente, Bolsonaro. <\/p>\n","protected":false},"excerpt":{"rendered":"<p>No 247 Por Tereza Cruvinel N\u00e3o \u00e9 preciso ter bola de cristal para concluir que a queda na aprova\u00e7\u00e3o ao governo Temer para meros 10,3%, segundo a pesquisa MDA-CNT, carrega uma tend\u00eancia de continuidade que vai se acentuar na medida em que o governo avan\u00e7ar com sua agenda e os brasileiros conhecerem mais o presidente&#8230;<a class=\"more-link\" href=\"http:\/\/blogdalucianaoliveira.com.br\/blog\/2017\/02\/17\/a-rejeicao-a-temer-e-a-ficha-que-cai\/\">Continue a leitura <span class=\"meta-nav\">&raquo;<\/span><\/a><\/p>\n","protected":false},"author":1,"featured_media":0,"comment_status":"closed","ping_status":"open","sticky":false,"template":"","format":"standard","meta":{"_exactmetrics_skip_tracking":false,"_exactmetrics_sitenote_active":false,"_exactmetrics_sitenote_note":"","_exactmetrics_sitenote_category":0,"jetpack_post_was_ever_published":false,"_jetpack_newsletter_access":"","_jetpack_dont_email_post_to_subs":false,"_jetpack_newsletter_tier_id":0,"_jetpack_memberships_contains_paywalled_content":false,"_jetpack_memberships_contains_paid_content":false,"footnotes":"","jetpack_publicize_message":"","jetpack_publicize_feature_enabled":true,"jetpack_social_post_already_shared":true,"jetpack_social_options":{"image_generator_settings":{"template":"highway","enabled":false},"version":2}},"categories":[1],"tags":[],"class_list":["post-8613","post","type-post","status-publish","format-standard","hentry","category-notas"],"jetpack_publicize_connections":[],"jetpack_sharing_enabled":true,"jetpack_featured_media_url":"","jetpack_shortlink":"https:\/\/wp.me\/p7wKYW-2eV","jetpack-related-posts":[],"_links":{"self":[{"href":"http:\/\/blogdalucianaoliveira.com.br\/blog\/wp-json\/wp\/v2\/posts\/8613","targetHints":{"allow":["GET"]}}],"collection":[{"href":"http:\/\/blogdalucianaoliveira.com.br\/blog\/wp-json\/wp\/v2\/posts"}],"about":[{"href":"http:\/\/blogdalucianaoliveira.com.br\/blog\/wp-json\/wp\/v2\/types\/post"}],"author":[{"embeddable":true,"href":"http:\/\/blogdalucianaoliveira.com.br\/blog\/wp-json\/wp\/v2\/users\/1"}],"replies":[{"embeddable":true,"href":"http:\/\/blogdalucianaoliveira.com.br\/blog\/wp-json\/wp\/v2\/comments?post=8613"}],"version-history":[{"count":1,"href":"http:\/\/blogdalucianaoliveira.com.br\/blog\/wp-json\/wp\/v2\/posts\/8613\/revisions"}],"predecessor-version":[{"id":8615,"href":"http:\/\/blogdalucianaoliveira.com.br\/blog\/wp-json\/wp\/v2\/posts\/8613\/revisions\/8615"}],"wp:attachment":[{"href":"http:\/\/blogdalucianaoliveira.com.br\/blog\/wp-json\/wp\/v2\/media?parent=8613"}],"wp:term":[{"taxonomy":"category","embeddable":true,"href":"http:\/\/blogdalucianaoliveira.com.br\/blog\/wp-json\/wp\/v2\/categories?post=8613"},{"taxonomy":"post_tag","embeddable":true,"href":"http:\/\/blogdalucianaoliveira.com.br\/blog\/wp-json\/wp\/v2\/tags?post=8613"}],"curies":[{"name":"wp","href":"https:\/\/api.w.org\/{rel}","templated":true}]}}