{"id":8623,"date":"2017-02-17T16:22:23","date_gmt":"2017-02-17T20:22:23","guid":{"rendered":"http:\/\/blogdalucianaoliveira.com.br\/blog\/?p=8623"},"modified":"2017-02-17T16:22:23","modified_gmt":"2017-02-17T20:22:23","slug":"ao-denunciar-o-golpe-raduan-lava-alma-do-brasil","status":"publish","type":"post","link":"http:\/\/blogdalucianaoliveira.com.br\/blog\/2017\/02\/17\/ao-denunciar-o-golpe-raduan-lava-alma-do-brasil\/","title":{"rendered":"AO DENUNCIAR O GOLPE, RADUAN LAVA ALMA DO BRASIL"},"content":{"rendered":"<div class=\"fb-video\" data-allowfullscreen=\"true\" data-href=\"https:\/\/www.facebook.com\/sigajandira2\/videos\/1476346732399984\/\"><\/div>\n<p>Do Opera Mundi &#8211; O escritor Raduan Nassar, autor de Lavoura Arcaica, recebeu nesta sexta-feira (17\/02) o Pr\u00eamio Cam\u00f5es, concedida pelos governos de Brasil e Portugal e um dos principais reconhecimentos da literatura em l\u00edngua portuguesa.<!--more--><\/p>\n<p>Ap\u00f3s o discurso do escritor, o ministro da Cultura do governo Michel Temer, Roberto Freire, se irritou e criticou Nassar, chamando-o de &#8220;histri\u00f4nico&#8221; e dizendo que &#8220;quem d\u00e1 pr\u00eamio a advers\u00e1rio pol\u00edtico n\u00e3o \u00e9 a ditadura&#8221;.<\/p>\n<p>Freire chegou a sugerir que o escritor deveria ter recusado o pr\u00eamio. Durante sua fala, o ministro foi vaiado e ouviu gritos de &#8220;Fora, Temer!&#8221; (leia mais aqui).<\/p>\n<p>Leia, abaixo, a \u00edntegra do discurso de Raduan Nassar:<\/p>\n<p>&#8220;Excelent\u00edssimo Senhor Embaixador de Portugal, Dr. Jorge Cabral.<\/p>\n<p>Senhor Dr. Roberto Freire, Ministro da Cultura do governo em exerc\u00edcio.<\/p>\n<p>Senhora Helena Severo, Presidente da Funda\u00e7\u00e3o Biblioteca Nacional.<\/p>\n<p>Professor Jorge Schwartz, Diretor do Museu Lasar Segall.<\/p>\n<p>Sauda\u00e7\u00f5es a todos os convidados.<\/p>\n<p>Tive dificuldade para entender o Pr\u00eamio Cam\u00f5es, ainda que concedido pelo voto un\u00e2nime do j\u00fari. De todo modo, uma honraria a um brasileiro ter sido contemplado no ber\u00e7o de nossa l\u00edngua. <\/p>\n<p>Estive em Portugal em 1976, fascinado pelo pa\u00eds, resplandecente desde a Revolu\u00e7\u00e3o dos Cravos no ano anterior. Al\u00e9m de amigos portugueses, fui sempre carinhosamente acolhido pela imprensa, escritores e meios acad\u00eamicos lusitanos.<\/p>\n<p>Portanto, Sr. Embaixador, muito obrigado a Portugal.<\/p>\n<p>Infelizmente, nada \u00e9 t\u00e3o azul no nosso Brasil.<\/p>\n<p>Vivemos tempos sombrios, muito sombrios: invas\u00e3o na sede do Partido dos Trabalhadores em S\u00e3o Paulo; invas\u00e3o na Escola Nacional Florestan Fernandes; invas\u00e3o nas escolas de ensino m\u00e9dio em muitos estados; a pris\u00e3o de Guilherme Boulos, membro da Coordena\u00e7\u00e3o do Movimento dos Trabalhadores Sem Teto; viol\u00eancia contra a oposi\u00e7\u00e3o democr\u00e1tica ao manifestar-se na rua. Epis\u00f3dios todos perpetrados por Alexandre de Moraes.<\/p>\n<p>Com curriculum mais amplo de trucul\u00eancia, Moraes propiciou tamb\u00e9m, por omiss\u00e3o, as trag\u00e9dias nos pres\u00eddios de Manaus e Roraima. Prima inclusive por uma incontin\u00eancia verbal assustadora, de um partidarismo exacerbado, h\u00e1 v\u00eddeo, atestando a virul\u00eancia da sua fala. E \u00e9 esta figura ex\u00f3tica a indicada agora para o Supremo Tribunal Federal<\/p>\n<p>Os fatos mencionados configuram por extens\u00e3o todo um governo repressor: contra o trabalhador, contra aposentadorias criteriosas, contra universidades federais de ensino gratuito, contra a diplomacia ativa e altiva de Celso Amorim. Governo atrelado por sinal ao neoliberalismo com sua escandalosa concentra\u00e7\u00e3o da riqueza, o que vem desgra\u00e7ando os pobres do mundo inteiro.<\/p>\n<p>Mesmo de exce\u00e7\u00e3o, o governo que est\u00e1 a\u00ed foi posto, e continua amparado pelo Minist\u00e9rio P\u00fablico e, de resto, pelo Supremo Tribunal Federal.<\/p>\n<p>Prova da sustenta\u00e7\u00e3o do governo em exerc\u00edcio aconteceu h\u00e1 tr\u00eas dias, quando o ministro Celso de Mello, com suas interven\u00e7\u00f5es enfadonhas, acolheu o pleito de Moreira Franco. Citado 34 vezes numa \u00fanica dela\u00e7\u00e3o, o ministro Celso de Mello garantiu, com foro privilegiado, a blindagem ao alcunhado \u201cAngor\u00e1\u201d. E acrescentou um elogio superlativo a um de seus pares, o ministro Gilmar Mendes, por ter barrado Lula para a Casa Civil, no governo Dilma. Dois pesos e duas medidas<\/p>\n<p>\u00c9 esse o Supremo que temos, ressalvadas poucas exce\u00e7\u00f5es. Coerente com seu passado \u00e0 \u00e9poca do regime militar, o mesmo Supremo propiciou a revers\u00e3o da nossa democracia: n\u00e3o impediu que Eduardo Cunha, ent\u00e3o presidente da C\u00e2mara dos Deputados e r\u00e9u na Corte, instaurasse o processo de impeachment de Dilma Rousseff. \u00cdntegra, eleita pelo voto popular, Dilma foi afastada definitivamente no Senado.<\/p>\n<p>O golpe estava consumado!<\/p>\n<p>N\u00e3o h\u00e1 como ficar calado.<\/p>\n<p>Obrigado&#8221;.<\/p>\n","protected":false},"excerpt":{"rendered":"<p>Do Opera Mundi &#8211; O escritor Raduan Nassar, autor de Lavoura Arcaica, recebeu nesta sexta-feira (17\/02) o Pr\u00eamio Cam\u00f5es, concedida pelos governos de Brasil e Portugal e um dos principais reconhecimentos da literatura em l\u00edngua portuguesa.<\/p>\n","protected":false},"author":1,"featured_media":0,"comment_status":"closed","ping_status":"open","sticky":false,"template":"","format":"standard","meta":{"_exactmetrics_skip_tracking":false,"_exactmetrics_sitenote_active":false,"_exactmetrics_sitenote_note":"","_exactmetrics_sitenote_category":0,"jetpack_post_was_ever_published":false,"_jetpack_newsletter_access":"","_jetpack_dont_email_post_to_subs":false,"_jetpack_newsletter_tier_id":0,"_jetpack_memberships_contains_paywalled_content":false,"_jetpack_memberships_contains_paid_content":false,"footnotes":"","jetpack_publicize_message":"","jetpack_publicize_feature_enabled":true,"jetpack_social_post_already_shared":true,"jetpack_social_options":{"image_generator_settings":{"template":"highway","enabled":false},"version":2}},"categories":[1],"tags":[],"class_list":["post-8623","post","type-post","status-publish","format-standard","hentry","category-notas"],"jetpack_publicize_connections":[],"jetpack_sharing_enabled":true,"jetpack_featured_media_url":"","jetpack_shortlink":"https:\/\/wp.me\/p7wKYW-2f5","jetpack-related-posts":[],"_links":{"self":[{"href":"http:\/\/blogdalucianaoliveira.com.br\/blog\/wp-json\/wp\/v2\/posts\/8623","targetHints":{"allow":["GET"]}}],"collection":[{"href":"http:\/\/blogdalucianaoliveira.com.br\/blog\/wp-json\/wp\/v2\/posts"}],"about":[{"href":"http:\/\/blogdalucianaoliveira.com.br\/blog\/wp-json\/wp\/v2\/types\/post"}],"author":[{"embeddable":true,"href":"http:\/\/blogdalucianaoliveira.com.br\/blog\/wp-json\/wp\/v2\/users\/1"}],"replies":[{"embeddable":true,"href":"http:\/\/blogdalucianaoliveira.com.br\/blog\/wp-json\/wp\/v2\/comments?post=8623"}],"version-history":[{"count":2,"href":"http:\/\/blogdalucianaoliveira.com.br\/blog\/wp-json\/wp\/v2\/posts\/8623\/revisions"}],"predecessor-version":[{"id":8625,"href":"http:\/\/blogdalucianaoliveira.com.br\/blog\/wp-json\/wp\/v2\/posts\/8623\/revisions\/8625"}],"wp:attachment":[{"href":"http:\/\/blogdalucianaoliveira.com.br\/blog\/wp-json\/wp\/v2\/media?parent=8623"}],"wp:term":[{"taxonomy":"category","embeddable":true,"href":"http:\/\/blogdalucianaoliveira.com.br\/blog\/wp-json\/wp\/v2\/categories?post=8623"},{"taxonomy":"post_tag","embeddable":true,"href":"http:\/\/blogdalucianaoliveira.com.br\/blog\/wp-json\/wp\/v2\/tags?post=8623"}],"curies":[{"name":"wp","href":"https:\/\/api.w.org\/{rel}","templated":true}]}}