{"id":864,"date":"2016-05-15T08:52:23","date_gmt":"2016-05-15T12:52:23","guid":{"rendered":"http:\/\/blogdalucianaoliveira.com.br\/blog\/?p=864"},"modified":"2016-05-15T08:54:36","modified_gmt":"2016-05-15T12:54:36","slug":"o-governo-temer-nao-existira","status":"publish","type":"post","link":"http:\/\/blogdalucianaoliveira.com.br\/blog\/2016\/05\/15\/o-governo-temer-nao-existira\/","title":{"rendered":"O governo Temer n\u00e3o existir\u00e1"},"content":{"rendered":"<p><img data-recalc-dims=\"1\" loading=\"lazy\" decoding=\"async\" data-attachment-id=\"865\" data-permalink=\"http:\/\/blogdalucianaoliveira.com.br\/blog\/2016\/05\/15\/o-governo-temer-nao-existira\/image-184\/\" data-orig-file=\"https:\/\/i0.wp.com\/blogdalucianaoliveira.com.br\/blog\/wp-content\/uploads\/2016\/05\/image-159.jpeg?fit=720%2C479\" data-orig-size=\"720,479\" data-comments-opened=\"0\" data-image-meta=\"{&quot;aperture&quot;:&quot;0&quot;,&quot;credit&quot;:&quot;&quot;,&quot;camera&quot;:&quot;&quot;,&quot;caption&quot;:&quot;&quot;,&quot;created_timestamp&quot;:&quot;0&quot;,&quot;copyright&quot;:&quot;&quot;,&quot;focal_length&quot;:&quot;0&quot;,&quot;iso&quot;:&quot;0&quot;,&quot;shutter_speed&quot;:&quot;0&quot;,&quot;title&quot;:&quot;&quot;,&quot;orientation&quot;:&quot;1&quot;}\" data-image-title=\"image\" data-image-description=\"\" data-image-caption=\"\" data-medium-file=\"https:\/\/i0.wp.com\/blogdalucianaoliveira.com.br\/blog\/wp-content\/uploads\/2016\/05\/image-159.jpeg?fit=300%2C200\" data-large-file=\"https:\/\/i0.wp.com\/blogdalucianaoliveira.com.br\/blog\/wp-content\/uploads\/2016\/05\/image-159.jpeg?fit=600%2C399\" src=\"https:\/\/i0.wp.com\/blogdalucianaoliveira.com.br\/blog\/wp-content\/uploads\/2016\/05\/image-159.jpeg?resize=600%2C399\" alt=\"image\" width=\"600\" height=\"399\" class=\"alignnone size-full wp-image-865\" srcset=\"https:\/\/i0.wp.com\/blogdalucianaoliveira.com.br\/blog\/wp-content\/uploads\/2016\/05\/image-159.jpeg?w=720 720w, https:\/\/i0.wp.com\/blogdalucianaoliveira.com.br\/blog\/wp-content\/uploads\/2016\/05\/image-159.jpeg?resize=300%2C200 300w, https:\/\/i0.wp.com\/blogdalucianaoliveira.com.br\/blog\/wp-content\/uploads\/2016\/05\/image-159.jpeg?resize=451%2C300 451w\" sizes=\"auto, (max-width: 600px) 100vw, 600px\" \/><\/p>\n<p>Por Vladimir Safatle<br \/>\nNa Folha<\/p>\n<p>A partir de segunda-feira (18), o Brasil n\u00e3o ter\u00e1 mais governo. Na democracia, o que diferencia um governo do mero exerc\u00edcio da for\u00e7a \u00e9 o respeito a uma esp\u00e9cie de pacto t\u00e1cito no qual setores antag\u00f4nicos da popula\u00e7\u00e3o aceitam encaminhar seus antagonismos e dissensos para uma esfera pol\u00edtica.<!--more--><\/p>\n<p>Esta esfera pol\u00edtica compromete todos, entre outras coisas, a aceitar o fato m\u00ednimo de que governos eleitos em elei\u00e7\u00f5es livres n\u00e3o ser\u00e3o derrubados por nada parecido a golpes de Estado.<\/p>\n<p>\u00c9 claro que h\u00e1 v\u00e1rios que dir\u00e3o que o impeachment atual n\u00e3o \u00e9 golpe, j\u00e1 que \u00e9 sa\u00edda constitucional. Nada mais previs\u00edvel que golpe n\u00e3o ser chamado de golpe em um pa\u00eds no qual ditadura n\u00e3o \u00e9 chamada de ditadura e viol\u00eancia n\u00e3o \u00e9 chamada de viol\u00eancia. No entanto, um impeachment sem crime, at\u00e9 segunda ordem, n\u00e3o est\u00e1 na Constitui\u00e7\u00e3o. Um impeachment no qual o &#8220;crime&#8221; imputado \u00e0 presidenta \u00e9 uma pr\u00e1tica corrente de manobra fiscal feita por todos os governantes sem maiores consequ\u00eancias, sejam presidentes ou governadores, \u00e9 golpe. Um impeachment cujo processo \u00e9 comandado por um r\u00e9u que toda a popula\u00e7\u00e3o entende ser um &#8220;delinquente&#8221; (como disse o procurador-geral da Rep\u00fablica) lutando para sobreviver \u00e0 sua pr\u00f3pria cassa\u00e7\u00e3o \u00e9 golpe. Um impeachment tramado por um vice-presidente que cometeu as mesmas pr\u00e1ticas que levaram ao afastamento da presidenta n\u00e3o \u00e9 apenas golpe, mas golpe tosco e prim\u00e1rio.<\/p>\n<p>Temer agora quer se apresentar como l\u00edder de um governo de &#8220;salva\u00e7\u00e3o nacional&#8221;. Ele deveria come\u00e7ar por responder quem ir\u00e1 salvar o povo brasileiro dos seus &#8220;salvadores&#8221;. Seu partido, uma verdadeira associa\u00e7\u00e3o de oligarquias locais corruptas, \u00e9 o maior respons\u00e1vel pela mis\u00e9ria pol\u00edtica da Nova Rep\u00fablica, envolvendo-se at\u00e9 o pesco\u00e7o nos piores casos de corrup\u00e7\u00e3o destes \u00faltimos anos, obrigando o pa\u00eds a paralisar todo avan\u00e7o institucional que pudesse representar riscos aos seus interesses locais. Partido formado por &#8220;salvadores&#8221; do porte de Eduardo Cunha, Renan Calheiros, Jos\u00e9 Sarney, S\u00e9rgio Cabral e, principalmente, o pr\u00f3prio Temer. Pois nunca na hist\u00f3ria da Rep\u00fablica brasileira houve um vice-presidente que conspirasse de maneira t\u00e3o aberta e c\u00ednica para derrubar o pr\u00f3prio presidente que o elegeu. Em qualquer pa\u00eds do mundo, um pol\u00edtico que tivesse &#8220;vazado&#8221; o discurso no qual evidencia seu papel de chefe de conspira\u00e7\u00e3o seria execrado publicamente como uma figura acostumada \u00e0 l\u00f3gica das sombras. No Brasil de canais de televis\u00e3o de longo hist\u00f3rico golpista, ele \u00e9 elevado \u00e0 condi\u00e7\u00e3o de grande enxadrista do poder.<\/p>\n<p>Mas n\u00e3o havia outra chance para tal associa\u00e7\u00e3o de oligarcas conspiradores. Afinal, eles sabem muito bem que nunca chegariam ao poder pela via das elei\u00e7\u00f5es. Esta Folha publicou pesquisas no \u00faltimo domingo que demonstravam como, se a elei\u00e7\u00e3o fosse hoje, Lula, apesar de tudo o que ocorreu nos \u00faltimos meses, estaria \u00e0 frente em v\u00e1rios cen\u00e1rios, Marina em outros. O eixo central da oposi\u00e7\u00e3o golpista, a saber, o PSDB, n\u00e3o estaria sequer no segundo turno. Temer, que deveria tamb\u00e9m ser objeto de impeachment para 58% da popula\u00e7\u00e3o, oscilaria entre fant\u00e1sticos 1% e 2%. Estes senhores, que ser\u00e3o encaminhados ao poder a partir de segunda-feira, t\u00eam medo de elei\u00e7\u00f5es pois perderam todas desde o in\u00edcio do s\u00e9culo. H\u00e1 de se perguntar, caso fiquem no poder, o que far\u00e3o quando perceberem que poder\u00e3o perder tamb\u00e9m as elei\u00e7\u00f5es de 2018.<\/p>\n<p>Os que querem comandar o pa\u00eds a partir de segunda-feira aproveitam-se do fato de o pa\u00eds estar em uma divis\u00e3o sem volta. Eles governar\u00e3o jogando uma parte da popula\u00e7\u00e3o contra a outra para que todos esque\u00e7amos que, na verdade, s\u00e3o eles a pr\u00f3pria casta pol\u00edtica corrompida contra a qual todos lutamos. Diante da crise de um governo Dilma moribundo, outras sa\u00eddas, como elei\u00e7\u00f5es gerais, eram poss\u00edveis. Elas poderiam reconstituir um pacto m\u00ednimo de encaminhamento de antagonismos. Mas apelar ao poder instituinte n\u00e3o passa pela cabe\u00e7a de quem sempre sonhou em alcan\u00e7ar o poder por usurpa\u00e7\u00e3o.<\/p>\n<p><img data-recalc-dims=\"1\" loading=\"lazy\" decoding=\"async\" data-attachment-id=\"866\" data-permalink=\"http:\/\/blogdalucianaoliveira.com.br\/blog\/2016\/05\/15\/o-governo-temer-nao-existira\/image-185\/\" data-orig-file=\"https:\/\/i0.wp.com\/blogdalucianaoliveira.com.br\/blog\/wp-content\/uploads\/2016\/05\/image-160.jpeg?fit=1280%2C853\" data-orig-size=\"1280,853\" data-comments-opened=\"0\" data-image-meta=\"{&quot;aperture&quot;:&quot;0&quot;,&quot;credit&quot;:&quot;&quot;,&quot;camera&quot;:&quot;&quot;,&quot;caption&quot;:&quot;&quot;,&quot;created_timestamp&quot;:&quot;0&quot;,&quot;copyright&quot;:&quot;&quot;,&quot;focal_length&quot;:&quot;0&quot;,&quot;iso&quot;:&quot;0&quot;,&quot;shutter_speed&quot;:&quot;0&quot;,&quot;title&quot;:&quot;&quot;,&quot;orientation&quot;:&quot;1&quot;}\" data-image-title=\"image\" data-image-description=\"\" data-image-caption=\"\" data-medium-file=\"https:\/\/i0.wp.com\/blogdalucianaoliveira.com.br\/blog\/wp-content\/uploads\/2016\/05\/image-160.jpeg?fit=300%2C200\" data-large-file=\"https:\/\/i0.wp.com\/blogdalucianaoliveira.com.br\/blog\/wp-content\/uploads\/2016\/05\/image-160.jpeg?fit=600%2C400\" src=\"https:\/\/i0.wp.com\/blogdalucianaoliveira.com.br\/blog\/wp-content\/uploads\/2016\/05\/image-160.jpeg?resize=600%2C400\" alt=\"image\" width=\"600\" height=\"400\" class=\"alignnone size-full wp-image-866\" srcset=\"https:\/\/i0.wp.com\/blogdalucianaoliveira.com.br\/blog\/wp-content\/uploads\/2016\/05\/image-160.jpeg?w=1280 1280w, https:\/\/i0.wp.com\/blogdalucianaoliveira.com.br\/blog\/wp-content\/uploads\/2016\/05\/image-160.jpeg?resize=300%2C200 300w, https:\/\/i0.wp.com\/blogdalucianaoliveira.com.br\/blog\/wp-content\/uploads\/2016\/05\/image-160.jpeg?resize=768%2C512 768w, https:\/\/i0.wp.com\/blogdalucianaoliveira.com.br\/blog\/wp-content\/uploads\/2016\/05\/image-160.jpeg?resize=1024%2C682 1024w, https:\/\/i0.wp.com\/blogdalucianaoliveira.com.br\/blog\/wp-content\/uploads\/2016\/05\/image-160.jpeg?resize=450%2C300 450w, https:\/\/i0.wp.com\/blogdalucianaoliveira.com.br\/blog\/wp-content\/uploads\/2016\/05\/image-160.jpeg?w=1200 1200w\" sizes=\"auto, (max-width: 600px) 100vw, 600px\" \/><\/p>\n<p>Diante da nova realidade que se anuncia, s\u00f3 resta insistir que simplesmente n\u00e3o h\u00e1 mais pacto no interior da sociedade brasileira e que nada nos obriga \u00e0 submiss\u00e3o a um governo ileg\u00edtimo. Nosso caminho \u00e9 a insubmiss\u00e3o a esse falso governo, at\u00e9 que ele caia. Esse governo deve cair e todos os que realmente se indignam com a corrup\u00e7\u00e3o e o desmando devem lutar sem tr\u00e9gua, a partir de segunda-feira, para que o governo caia e para que o poder volte \u00e0s m\u00e3os da popula\u00e7\u00e3o brasileira. \u00c0queles que estranham que um professor de universidade p\u00fablica pregue a insubmiss\u00e3o, que fiquem com as palavras de Condorcet: &#8220;A verdadeira educa\u00e7\u00e3o faz cidad\u00e3os ind\u00f3ceis e dif\u00edceis de governar&#8221;. Chega de farsa.<\/p>\n","protected":false},"excerpt":{"rendered":"<p>Por Vladimir Safatle Na Folha A partir de segunda-feira (18), o Brasil n\u00e3o ter\u00e1 mais governo. Na democracia, o que diferencia um governo do mero exerc\u00edcio da for\u00e7a \u00e9 o respeito a uma esp\u00e9cie de pacto t\u00e1cito no qual setores antag\u00f4nicos da popula\u00e7\u00e3o aceitam encaminhar seus antagonismos e dissensos para uma esfera pol\u00edtica.<\/p>\n","protected":false},"author":1,"featured_media":0,"comment_status":"closed","ping_status":"open","sticky":false,"template":"","format":"standard","meta":{"_exactmetrics_skip_tracking":false,"_exactmetrics_sitenote_active":false,"_exactmetrics_sitenote_note":"","_exactmetrics_sitenote_category":0,"jetpack_post_was_ever_published":false,"_jetpack_newsletter_access":"","_jetpack_dont_email_post_to_subs":false,"_jetpack_newsletter_tier_id":0,"_jetpack_memberships_contains_paywalled_content":false,"_jetpack_memberships_contains_paid_content":false,"footnotes":"","jetpack_publicize_message":"","jetpack_publicize_feature_enabled":true,"jetpack_social_post_already_shared":true,"jetpack_social_options":{"image_generator_settings":{"template":"highway","enabled":false},"version":2}},"categories":[1],"tags":[39,47,45],"class_list":["post-864","post","type-post","status-publish","format-standard","hentry","category-notas","tag-golpe","tag-safatle","tag-temer"],"jetpack_publicize_connections":[],"jetpack_sharing_enabled":true,"jetpack_featured_media_url":"","jetpack_shortlink":"https:\/\/wp.me\/p7wKYW-dW","jetpack-related-posts":[],"_links":{"self":[{"href":"http:\/\/blogdalucianaoliveira.com.br\/blog\/wp-json\/wp\/v2\/posts\/864","targetHints":{"allow":["GET"]}}],"collection":[{"href":"http:\/\/blogdalucianaoliveira.com.br\/blog\/wp-json\/wp\/v2\/posts"}],"about":[{"href":"http:\/\/blogdalucianaoliveira.com.br\/blog\/wp-json\/wp\/v2\/types\/post"}],"author":[{"embeddable":true,"href":"http:\/\/blogdalucianaoliveira.com.br\/blog\/wp-json\/wp\/v2\/users\/1"}],"replies":[{"embeddable":true,"href":"http:\/\/blogdalucianaoliveira.com.br\/blog\/wp-json\/wp\/v2\/comments?post=864"}],"version-history":[{"count":1,"href":"http:\/\/blogdalucianaoliveira.com.br\/blog\/wp-json\/wp\/v2\/posts\/864\/revisions"}],"predecessor-version":[{"id":867,"href":"http:\/\/blogdalucianaoliveira.com.br\/blog\/wp-json\/wp\/v2\/posts\/864\/revisions\/867"}],"wp:attachment":[{"href":"http:\/\/blogdalucianaoliveira.com.br\/blog\/wp-json\/wp\/v2\/media?parent=864"}],"wp:term":[{"taxonomy":"category","embeddable":true,"href":"http:\/\/blogdalucianaoliveira.com.br\/blog\/wp-json\/wp\/v2\/categories?post=864"},{"taxonomy":"post_tag","embeddable":true,"href":"http:\/\/blogdalucianaoliveira.com.br\/blog\/wp-json\/wp\/v2\/tags?post=864"}],"curies":[{"name":"wp","href":"https:\/\/api.w.org\/{rel}","templated":true}]}}