{"id":8668,"date":"2017-02-19T15:34:05","date_gmt":"2017-02-19T19:34:05","guid":{"rendered":"http:\/\/blogdalucianaoliveira.com.br\/blog\/?p=8668"},"modified":"2017-02-19T15:39:27","modified_gmt":"2017-02-19T19:39:27","slug":"pirarucu-o-anarquismo-caboclo","status":"publish","type":"post","link":"http:\/\/blogdalucianaoliveira.com.br\/blog\/2017\/02\/19\/pirarucu-o-anarquismo-caboclo\/","title":{"rendered":"Pirarucu, o anarquismo caboclo"},"content":{"rendered":"<p><img data-recalc-dims=\"1\" loading=\"lazy\" decoding=\"async\" data-attachment-id=\"8669\" data-permalink=\"http:\/\/blogdalucianaoliveira.com.br\/blog\/2017\/02\/19\/pirarucu-o-anarquismo-caboclo\/img_2401\/\" data-orig-file=\"https:\/\/i0.wp.com\/blogdalucianaoliveira.com.br\/blog\/wp-content\/uploads\/2017\/02\/IMG_2401.jpg?fit=1080%2C843\" data-orig-size=\"1080,843\" data-comments-opened=\"0\" data-image-meta=\"{&quot;aperture&quot;:&quot;0&quot;,&quot;credit&quot;:&quot;&quot;,&quot;camera&quot;:&quot;&quot;,&quot;caption&quot;:&quot;&quot;,&quot;created_timestamp&quot;:&quot;0&quot;,&quot;copyright&quot;:&quot;&quot;,&quot;focal_length&quot;:&quot;0&quot;,&quot;iso&quot;:&quot;0&quot;,&quot;shutter_speed&quot;:&quot;0&quot;,&quot;title&quot;:&quot;&quot;,&quot;orientation&quot;:&quot;1&quot;}\" data-image-title=\"IMG_2401\" data-image-description=\"\" data-image-caption=\"\" data-medium-file=\"https:\/\/i0.wp.com\/blogdalucianaoliveira.com.br\/blog\/wp-content\/uploads\/2017\/02\/IMG_2401.jpg?fit=300%2C234\" data-large-file=\"https:\/\/i0.wp.com\/blogdalucianaoliveira.com.br\/blog\/wp-content\/uploads\/2017\/02\/IMG_2401.jpg?fit=600%2C468\" src=\"https:\/\/i0.wp.com\/blogdalucianaoliveira.com.br\/blog\/wp-content\/uploads\/2017\/02\/IMG_2401.jpg?resize=600%2C468\" alt=\"IMG_2401\" width=\"600\" height=\"468\" class=\"alignnone size-full wp-image-8669\" srcset=\"https:\/\/i0.wp.com\/blogdalucianaoliveira.com.br\/blog\/wp-content\/uploads\/2017\/02\/IMG_2401.jpg?w=1080 1080w, https:\/\/i0.wp.com\/blogdalucianaoliveira.com.br\/blog\/wp-content\/uploads\/2017\/02\/IMG_2401.jpg?resize=300%2C234 300w, https:\/\/i0.wp.com\/blogdalucianaoliveira.com.br\/blog\/wp-content\/uploads\/2017\/02\/IMG_2401.jpg?resize=768%2C599 768w, https:\/\/i0.wp.com\/blogdalucianaoliveira.com.br\/blog\/wp-content\/uploads\/2017\/02\/IMG_2401.jpg?resize=1024%2C799 1024w, https:\/\/i0.wp.com\/blogdalucianaoliveira.com.br\/blog\/wp-content\/uploads\/2017\/02\/IMG_2401.jpg?resize=384%2C300 384w\" sizes=\"auto, (max-width: 600px) 100vw, 600px\" \/><\/p>\n<p>Por Ant\u00f4nio Serpa, Basinho<\/p>\n<p>&#8220;Foi bonita a festa, PA! Fiquei contente e ainda guardo renitente um velho cravo para mim!&#8221;<!--more--><\/p>\n<p>Por um momento ent\u00e3o a Paz se fantasiou de Alegria do Povo e caiu na folia!<\/p>\n<p>L\u00e1 estavam as lindas crian\u00e7as para garantir e testemunhar que a guerra era s\u00f3 uma Batalha de Confete e serpentinas! <\/p>\n<p>Sem cord\u00e3o de isolamento, sem Pol\u00edcia nem mil\u00edcia, por\u00e9m com muita bagunca e mal\u00edcia e aut\u00eantica alegria correndo nas veias, o Anarquismo Caboclo reinou soberano por entre as ruas, vielas e alamedas da cidade do Porto, como um metaforico cessar-fogo sarc\u00e1stico imposto sorridente \u00e0 Rep\u00fablica em grave ensaio de convuls\u00e3o social face aos desmandos do  d\u00e9spota de plant\u00e3o!<\/p>\n<p><img data-recalc-dims=\"1\" loading=\"lazy\" decoding=\"async\" data-attachment-id=\"8671\" data-permalink=\"http:\/\/blogdalucianaoliveira.com.br\/blog\/2017\/02\/19\/pirarucu-o-anarquismo-caboclo\/img_2399-2\/\" data-orig-file=\"https:\/\/i0.wp.com\/blogdalucianaoliveira.com.br\/blog\/wp-content\/uploads\/2017\/02\/IMG_2399-1.jpg?fit=480%2C720\" data-orig-size=\"480,720\" data-comments-opened=\"0\" data-image-meta=\"{&quot;aperture&quot;:&quot;0&quot;,&quot;credit&quot;:&quot;&quot;,&quot;camera&quot;:&quot;&quot;,&quot;caption&quot;:&quot;&quot;,&quot;created_timestamp&quot;:&quot;0&quot;,&quot;copyright&quot;:&quot;&quot;,&quot;focal_length&quot;:&quot;0&quot;,&quot;iso&quot;:&quot;0&quot;,&quot;shutter_speed&quot;:&quot;0&quot;,&quot;title&quot;:&quot;&quot;,&quot;orientation&quot;:&quot;1&quot;}\" data-image-title=\"IMG_2399\" data-image-description=\"\" data-image-caption=\"\" data-medium-file=\"https:\/\/i0.wp.com\/blogdalucianaoliveira.com.br\/blog\/wp-content\/uploads\/2017\/02\/IMG_2399-1.jpg?fit=200%2C300\" data-large-file=\"https:\/\/i0.wp.com\/blogdalucianaoliveira.com.br\/blog\/wp-content\/uploads\/2017\/02\/IMG_2399-1.jpg?fit=480%2C720\" src=\"https:\/\/i0.wp.com\/blogdalucianaoliveira.com.br\/blog\/wp-content\/uploads\/2017\/02\/IMG_2399-1.jpg?resize=480%2C720\" alt=\"IMG_2399\" width=\"480\" height=\"720\" class=\"alignnone size-full wp-image-8671\" srcset=\"https:\/\/i0.wp.com\/blogdalucianaoliveira.com.br\/blog\/wp-content\/uploads\/2017\/02\/IMG_2399-1.jpg?w=480 480w, https:\/\/i0.wp.com\/blogdalucianaoliveira.com.br\/blog\/wp-content\/uploads\/2017\/02\/IMG_2399-1.jpg?resize=200%2C300 200w\" sizes=\"auto, (max-width: 480px) 100vw, 480px\" \/><\/p>\n<p>Olinda \u00e9 aqui! A Bahia de Bola Sete somos todos n\u00f3s! Idem o Par\u00e1 de Marise Castiel! Porque somos tamb\u00e9m Maranh\u00e3o, Pernambuco, Cear\u00e1 de Iracema, Silvio Santos e Bainha, a Banda de Ipanema e do Vai Quem Quer a um s\u00f3 tempo! A esta\u00e7\u00e3o beradeira desbunde desvairado!<\/p>\n<p>No Pirarucu do Madeira, Antropofagia Cultural n\u00e3o apenas uma tese acad\u00e9mica, \u00e9 afirma\u00e7\u00e3o da identidade na amarra\u00e7\u00e3o da diversidade, \u00e9 tes\u00e3o end\u00eamico liquidificando todos os amores e dores, falares, pusares e magias desse imenso pa\u00eds, como um Cord\u00e3o Inventado por Baco, senhor do vinho e carne!<\/p>\n<p>Sob a batuta dos puraqu\u00e9s, seus clarins, tambores e cantores dando altas voltagens de choque sonoro nos cora\u00e7\u00f5es dos brincantes, as m\u00faltiplas facetas da inquietude populavam em meio \u00e0 aquarela de cetins e paet\u00eas, tipos e personagens, fantasias e barbarismos, verbalizando em linguagem de pand\u00eaga as interjei\u00e7\u00f5es e exclama\u00e7\u00f5es hol\u00edsticas dos beradeiros, brancos, pardos, \u00edndios, arig\u00f3s e amarelos de toda sorte, cuja s\u00edntese \u00e9 uma Mistura Fina sem eira nem beira, uma homenagem aos Pobres do Caiari, porque o Pirarucu \u00e9 um Bloco do Sol e da Chuva na mesma levada, sua batucada \u00e9 Pura Ra\u00e7a; serpenteia  como o Bloco da Cobra, os esp\u00edritos de Valdemar Cachorro e Piriquito nele brincam radiantes, e, toda a cambada junta, s\u00e3o mesmo verdadeiros Diplomatas do Samba e das marchinhas dos grandes carnavais! <\/p>\n<p><img data-recalc-dims=\"1\" loading=\"lazy\" decoding=\"async\" data-attachment-id=\"8673\" data-permalink=\"http:\/\/blogdalucianaoliveira.com.br\/blog\/2017\/02\/19\/pirarucu-o-anarquismo-caboclo\/img_2393-2\/\" data-orig-file=\"https:\/\/i0.wp.com\/blogdalucianaoliveira.com.br\/blog\/wp-content\/uploads\/2017\/02\/IMG_2393-1.jpg?fit=1280%2C720\" data-orig-size=\"1280,720\" data-comments-opened=\"0\" data-image-meta=\"{&quot;aperture&quot;:&quot;0&quot;,&quot;credit&quot;:&quot;&quot;,&quot;camera&quot;:&quot;&quot;,&quot;caption&quot;:&quot;&quot;,&quot;created_timestamp&quot;:&quot;0&quot;,&quot;copyright&quot;:&quot;&quot;,&quot;focal_length&quot;:&quot;0&quot;,&quot;iso&quot;:&quot;0&quot;,&quot;shutter_speed&quot;:&quot;0&quot;,&quot;title&quot;:&quot;&quot;,&quot;orientation&quot;:&quot;1&quot;}\" data-image-title=\"IMG_2393\" data-image-description=\"\" data-image-caption=\"\" data-medium-file=\"https:\/\/i0.wp.com\/blogdalucianaoliveira.com.br\/blog\/wp-content\/uploads\/2017\/02\/IMG_2393-1.jpg?fit=300%2C169\" data-large-file=\"https:\/\/i0.wp.com\/blogdalucianaoliveira.com.br\/blog\/wp-content\/uploads\/2017\/02\/IMG_2393-1.jpg?fit=600%2C338\" src=\"https:\/\/i0.wp.com\/blogdalucianaoliveira.com.br\/blog\/wp-content\/uploads\/2017\/02\/IMG_2393-1.jpg?resize=600%2C338\" alt=\"IMG_2393\" width=\"600\" height=\"338\" class=\"alignnone size-full wp-image-8673\" srcset=\"https:\/\/i0.wp.com\/blogdalucianaoliveira.com.br\/blog\/wp-content\/uploads\/2017\/02\/IMG_2393-1.jpg?w=1280 1280w, https:\/\/i0.wp.com\/blogdalucianaoliveira.com.br\/blog\/wp-content\/uploads\/2017\/02\/IMG_2393-1.jpg?resize=300%2C169 300w, https:\/\/i0.wp.com\/blogdalucianaoliveira.com.br\/blog\/wp-content\/uploads\/2017\/02\/IMG_2393-1.jpg?resize=768%2C432 768w, https:\/\/i0.wp.com\/blogdalucianaoliveira.com.br\/blog\/wp-content\/uploads\/2017\/02\/IMG_2393-1.jpg?resize=1024%2C576 1024w, https:\/\/i0.wp.com\/blogdalucianaoliveira.com.br\/blog\/wp-content\/uploads\/2017\/02\/IMG_2393-1.jpg?resize=533%2C300 533w, https:\/\/i0.wp.com\/blogdalucianaoliveira.com.br\/blog\/wp-content\/uploads\/2017\/02\/IMG_2393-1.jpg?w=1200 1200w\" sizes=\"auto, (max-width: 600px) 100vw, 600px\" \/><\/p>\n<p>Carnaval \u00e9 brincadeira mas \u00e9 coisa s\u00e9ria!!<br \/>\nFalo, n\u00e3o da seriedade da burocracia e da fal\u00e1cia pol\u00edtica, mas da seriedade que vem da cristalina e soberana vontade do povo de se fazer senhor do dom de ser capaz de ser feliz nos lares, nos bares, no trabalho, nas ruas, pra\u00e7as e avenidas deste Grande Samb\u00f3dromo chamado Brasil! <\/p>\n<p>Que a autencidade, a paz, a alegria, a irrever\u00eancia, a luta pela democracia, o gosto insofism\u00e1vel pela folia e as b\u00ean\u00e7\u00e3os do Rei Momo estejam convosco!!<\/p>\n","protected":false},"excerpt":{"rendered":"<p>Por Ant\u00f4nio Serpa, Basinho &#8220;Foi bonita a festa, PA! Fiquei contente e ainda guardo renitente um velho cravo para mim!&#8221;<\/p>\n","protected":false},"author":1,"featured_media":0,"comment_status":"closed","ping_status":"open","sticky":false,"template":"","format":"standard","meta":{"_exactmetrics_skip_tracking":false,"_exactmetrics_sitenote_active":false,"_exactmetrics_sitenote_note":"","_exactmetrics_sitenote_category":0,"jetpack_post_was_ever_published":false,"_jetpack_newsletter_access":"","_jetpack_dont_email_post_to_subs":false,"_jetpack_newsletter_tier_id":0,"_jetpack_memberships_contains_paywalled_content":false,"_jetpack_memberships_contains_paid_content":false,"footnotes":"","jetpack_publicize_message":"","jetpack_publicize_feature_enabled":true,"jetpack_social_post_already_shared":true,"jetpack_social_options":{"image_generator_settings":{"template":"highway","enabled":false},"version":2}},"categories":[1],"tags":[],"class_list":["post-8668","post","type-post","status-publish","format-standard","hentry","category-notas"],"jetpack_publicize_connections":[],"jetpack_sharing_enabled":true,"jetpack_featured_media_url":"","jetpack_shortlink":"https:\/\/wp.me\/p7wKYW-2fO","jetpack-related-posts":[],"_links":{"self":[{"href":"http:\/\/blogdalucianaoliveira.com.br\/blog\/wp-json\/wp\/v2\/posts\/8668","targetHints":{"allow":["GET"]}}],"collection":[{"href":"http:\/\/blogdalucianaoliveira.com.br\/blog\/wp-json\/wp\/v2\/posts"}],"about":[{"href":"http:\/\/blogdalucianaoliveira.com.br\/blog\/wp-json\/wp\/v2\/types\/post"}],"author":[{"embeddable":true,"href":"http:\/\/blogdalucianaoliveira.com.br\/blog\/wp-json\/wp\/v2\/users\/1"}],"replies":[{"embeddable":true,"href":"http:\/\/blogdalucianaoliveira.com.br\/blog\/wp-json\/wp\/v2\/comments?post=8668"}],"version-history":[{"count":3,"href":"http:\/\/blogdalucianaoliveira.com.br\/blog\/wp-json\/wp\/v2\/posts\/8668\/revisions"}],"predecessor-version":[{"id":8674,"href":"http:\/\/blogdalucianaoliveira.com.br\/blog\/wp-json\/wp\/v2\/posts\/8668\/revisions\/8674"}],"wp:attachment":[{"href":"http:\/\/blogdalucianaoliveira.com.br\/blog\/wp-json\/wp\/v2\/media?parent=8668"}],"wp:term":[{"taxonomy":"category","embeddable":true,"href":"http:\/\/blogdalucianaoliveira.com.br\/blog\/wp-json\/wp\/v2\/categories?post=8668"},{"taxonomy":"post_tag","embeddable":true,"href":"http:\/\/blogdalucianaoliveira.com.br\/blog\/wp-json\/wp\/v2\/tags?post=8668"}],"curies":[{"name":"wp","href":"https:\/\/api.w.org\/{rel}","templated":true}]}}