{"id":8678,"date":"2017-02-20T09:01:10","date_gmt":"2017-02-20T13:01:10","guid":{"rendered":"http:\/\/blogdalucianaoliveira.com.br\/blog\/?p=8678"},"modified":"2017-02-20T09:03:47","modified_gmt":"2017-02-20T13:03:47","slug":"procura-se-um-ingenuo-no-senado","status":"publish","type":"post","link":"http:\/\/blogdalucianaoliveira.com.br\/blog\/2017\/02\/20\/procura-se-um-ingenuo-no-senado\/","title":{"rendered":"PROCURA-SE UM ING\u00caNUO NO SENADO"},"content":{"rendered":"<p><img data-recalc-dims=\"1\" loading=\"lazy\" decoding=\"async\" data-attachment-id=\"8680\" data-permalink=\"http:\/\/blogdalucianaoliveira.com.br\/blog\/2017\/02\/20\/procura-se-um-ingenuo-no-senado\/img_2416\/\" data-orig-file=\"https:\/\/i0.wp.com\/blogdalucianaoliveira.com.br\/blog\/wp-content\/uploads\/2017\/02\/IMG_2416.jpg?fit=1440%2C760\" data-orig-size=\"1440,760\" data-comments-opened=\"0\" data-image-meta=\"{&quot;aperture&quot;:&quot;0&quot;,&quot;credit&quot;:&quot;&quot;,&quot;camera&quot;:&quot;&quot;,&quot;caption&quot;:&quot;&quot;,&quot;created_timestamp&quot;:&quot;0&quot;,&quot;copyright&quot;:&quot;&quot;,&quot;focal_length&quot;:&quot;0&quot;,&quot;iso&quot;:&quot;0&quot;,&quot;shutter_speed&quot;:&quot;0&quot;,&quot;title&quot;:&quot;&quot;,&quot;orientation&quot;:&quot;0&quot;}\" data-image-title=\"IMG_2416\" data-image-description=\"\" data-image-caption=\"\" data-medium-file=\"https:\/\/i0.wp.com\/blogdalucianaoliveira.com.br\/blog\/wp-content\/uploads\/2017\/02\/IMG_2416.jpg?fit=300%2C158\" data-large-file=\"https:\/\/i0.wp.com\/blogdalucianaoliveira.com.br\/blog\/wp-content\/uploads\/2017\/02\/IMG_2416.jpg?fit=600%2C316\" src=\"https:\/\/i0.wp.com\/blogdalucianaoliveira.com.br\/blog\/wp-content\/uploads\/2017\/02\/IMG_2416.jpg?resize=600%2C317\" alt=\"IMG_2416\" width=\"600\" height=\"317\" class=\"alignnone size-full wp-image-8680\" srcset=\"https:\/\/i0.wp.com\/blogdalucianaoliveira.com.br\/blog\/wp-content\/uploads\/2017\/02\/IMG_2416.jpg?w=1440 1440w, https:\/\/i0.wp.com\/blogdalucianaoliveira.com.br\/blog\/wp-content\/uploads\/2017\/02\/IMG_2416.jpg?resize=300%2C158 300w, https:\/\/i0.wp.com\/blogdalucianaoliveira.com.br\/blog\/wp-content\/uploads\/2017\/02\/IMG_2416.jpg?resize=768%2C405 768w, https:\/\/i0.wp.com\/blogdalucianaoliveira.com.br\/blog\/wp-content\/uploads\/2017\/02\/IMG_2416.jpg?resize=1024%2C540 1024w, https:\/\/i0.wp.com\/blogdalucianaoliveira.com.br\/blog\/wp-content\/uploads\/2017\/02\/IMG_2416.jpg?resize=568%2C300 568w, https:\/\/i0.wp.com\/blogdalucianaoliveira.com.br\/blog\/wp-content\/uploads\/2017\/02\/IMG_2416.jpg?w=1200 1200w\" sizes=\"auto, (max-width: 600px) 100vw, 600px\" \/><\/p>\n<p>Posi\u00e7\u00e3o conservadora do advogado n\u00e3o \u00e9 problema, diz<\/p>\n<p>\u00c9 fundamental n\u00e3o haver d\u00favida sobre a aptid\u00e3o moral<!--more--\n\nJornalista Luis Costa Pinto \n\nN\u00e3o h\u00e1 ing\u00eanuos no Senado. Itamar Franco, por exemplo, tinha fama de s\u00ea-lo. Dono de temperamento mercurial, acreditava que a CPI da Corrup\u00e7\u00e3o, presidida por ele, derrubaria o governo Jos\u00e9 Sarney. Ningu\u00e9m o levava a s\u00e9rio nos gabinetes senatoriais, nem mesmo depois de Fernando Collor convid\u00e1-lo para ser vice na vitoriosa chapa presidencial de 1989. O mineiro terminou presidente da Rep\u00fablica e elegeu o sucessor. Conforme se queria demonstrar, n\u00e3o h\u00e1 ing\u00eanuos no Senado.\n\nNesta 3\u00aa feira (21.fev.2017) a Comiss\u00e3o de Constitui\u00e7\u00e3o e Justi\u00e7a far\u00e1 a sabatina de Alexandre de Moraes, ministro licenciado da Justi\u00e7a e indicado para a 11\u00aa cadeira do Supremo Tribunal Federal, vaga desde a morte de Teori Zavascki. Se houvesse um m\u00edsero e escasso ing\u00eanuo no Senado Federal, as quest\u00f5es que seguem certamente seriam feitas a Moraes:\n\nCerta vez, em debate acad\u00eamico e por escrito, o senhor defendeu com afinco a tese de veda\u00e7\u00e3o de integrantes de equipes de governo serem indicados pelos presidentes aos quais serviram para vagas em tribunais superiores. Mudou a convic\u00e7\u00e3o? Por que?\n\nHouve ou n\u00e3o houve pl\u00e1gio de obra publicada na Espanha em um dos livros de sua autoria? A vi\u00fava do autor supostamente plagiado, Francisco Rubio Llorente, ex-presidente do Conselho de Estado espanhol, afirma ter ocorrido a c\u00f3pia indevida.\n\nO senhor pretende se manifestar, nos autos, de alguma forma, favor\u00e1vel ou contr\u00e1rio \u00e0 pris\u00e3o ap\u00f3s condena\u00e7\u00e3o em 2\u00aa inst\u00e2ncia e assim for\u00e7ar uma revis\u00e3o dessa mudan\u00e7a de jurisprud\u00eancia consagrada em outubro de 2016 pelo apertado placar de 6 a 5?\n\nDeclarar-se-\u00e1 impedido de julgar quaisquer de seus ex-clientes ou ex-chefes que tenham foro privilegiado e se tornem r\u00e9us perante o Supremo Tribunal Federal? Mirando a bancada de inquisidores da CCJ do Senado, e tamb\u00e9m a Mesa Diretora da Comiss\u00e3o, enxerga algu\u00e9m que possa vir a estar nessa situa\u00e7\u00e3o? Quem? Nomearia perante o Senado, durante a sabatina, um ou mais senadores em rela\u00e7\u00e3o aos quais v\u00ea conflito \u00e9tico em ser deles julgador?\n\nPor que a Pol\u00edcia Militar do Estado de S\u00e3o Paulo, em sua passagem como Secret\u00e1rio de Justi\u00e7a, consagrou-se como a que mais matava em todo o pa\u00eds? \u00c9 poss\u00edvel estabelecer uma correla\u00e7\u00e3o entre esse fato incontest\u00e1vel e a explos\u00e3o de incompet\u00eancia no sistema prisional brasileiro durante sua passagem pelo Minist\u00e9rio da Justi\u00e7a?\n\nComo j\u00e1 foi perguntado ao senhor na \u201csabatina informal\u201d da chalana Champagne, tamb\u00e9m conhecida em Bras\u00edlia como Love Boat, detentores de foro privilegiado ser\u00e3o recebidos no aconchego de seu gabinete para um t\u00eate-a-t\u00eate ou ficar\u00e3o relegados a recep\u00e7\u00f5es frias e rituais no Sal\u00e3o Branco do STF?\n\nCaso sejam proferidas na sess\u00e3o da CCJ, se a ingenuidade fortuita tomar de assalto algum senador ou senadora nesta 3\u00aa feira (21.fev) durante a sabatina de Moraes, essa meia d\u00fazia de perguntas converter-se-\u00e1 numa verdadeira mega-sena para a institui\u00e7\u00e3o.\n\nO Senado precisa olhar de frente os cidad\u00e3os brasileiros e dizer-lhes, com gestos largos e irretrat\u00e1veis, que sob ou sobre seus tapetes azuis n\u00e3o se alcovita ardis destinados a reduzir a altivez da Rep\u00fablica. A orienta\u00e7\u00e3o ideol\u00f3gica de Alexandre de Moraes, claramente conservadora, vai compor o mosaico salutar de teses que se digladiam nos julgamentos do Supremo e acerca delas n\u00e3o se deve fazer exig\u00eancias comezinhas. A vida \u00e9 assim, a democracia funciona dessa forma. Mas \u00e9 fundamental que acima de sua precoce e reluzente careca n\u00e3o pairem d\u00favidas quanto a higidez moral.\n\nCaso saia vitorioso da inquisi\u00e7\u00e3o senatorial e depois dela se acomode no STF, decidindo encerrar ali sua biografia p\u00fablica, em tese Moraes ficar\u00e1 27 anos na mais alta Corte do pa\u00eds. \u00c9 o tempo de uma gera\u00e7\u00e3o. Se tiver de fato esp\u00edrito p\u00fablico falar\u00e1 nos autos na dire\u00e7\u00e3o da conforma\u00e7\u00e3o do conjunto da sociedade. A sabatina da CCJ do Senado \u00e9 a antev\u00e9spera da transforma\u00e7\u00e3o do advogado num dos 11 pesco\u00e7os da hydra de Bras\u00edlia \u2013que fala muito e se faz compreender pouco. Espera-se, portanto, perguntas de acur\u00e1cia in\u00e9dita e respostas de sinceridade c\u00e2ndida. Afinal, sempre se poder\u00e1 dizer que se n\u00e3o h\u00e1 ing\u00eanuos no Senado, ainda haver\u00e1 quem siga escrevendo por acreditar que Bras\u00edlia \u00e9 a cidade virtuosa onde vive Pollyanna.\n<\/p>\n","protected":false},"excerpt":{"rendered":"<p>Posi\u00e7\u00e3o conservadora do advogado n\u00e3o \u00e9 problema, diz \u00c9 fundamental n\u00e3o haver d\u00favida sobre a aptid\u00e3o moral<\/p>\n","protected":false},"author":1,"featured_media":0,"comment_status":"closed","ping_status":"open","sticky":false,"template":"","format":"standard","meta":{"_exactmetrics_skip_tracking":false,"_exactmetrics_sitenote_active":false,"_exactmetrics_sitenote_note":"","_exactmetrics_sitenote_category":0,"jetpack_post_was_ever_published":false,"_jetpack_newsletter_access":"","_jetpack_dont_email_post_to_subs":false,"_jetpack_newsletter_tier_id":0,"_jetpack_memberships_contains_paywalled_content":false,"_jetpack_memberships_contains_paid_content":false,"footnotes":"","jetpack_publicize_message":"","jetpack_publicize_feature_enabled":true,"jetpack_social_post_already_shared":true,"jetpack_social_options":{"image_generator_settings":{"template":"highway","enabled":false},"version":2}},"categories":[1],"tags":[],"class_list":["post-8678","post","type-post","status-publish","format-standard","hentry","category-notas"],"jetpack_publicize_connections":[],"jetpack_sharing_enabled":true,"jetpack_featured_media_url":"","jetpack_shortlink":"https:\/\/wp.me\/p7wKYW-2fY","jetpack-related-posts":[],"_links":{"self":[{"href":"http:\/\/blogdalucianaoliveira.com.br\/blog\/wp-json\/wp\/v2\/posts\/8678","targetHints":{"allow":["GET"]}}],"collection":[{"href":"http:\/\/blogdalucianaoliveira.com.br\/blog\/wp-json\/wp\/v2\/posts"}],"about":[{"href":"http:\/\/blogdalucianaoliveira.com.br\/blog\/wp-json\/wp\/v2\/types\/post"}],"author":[{"embeddable":true,"href":"http:\/\/blogdalucianaoliveira.com.br\/blog\/wp-json\/wp\/v2\/users\/1"}],"replies":[{"embeddable":true,"href":"http:\/\/blogdalucianaoliveira.com.br\/blog\/wp-json\/wp\/v2\/comments?post=8678"}],"version-history":[{"count":2,"href":"http:\/\/blogdalucianaoliveira.com.br\/blog\/wp-json\/wp\/v2\/posts\/8678\/revisions"}],"predecessor-version":[{"id":8681,"href":"http:\/\/blogdalucianaoliveira.com.br\/blog\/wp-json\/wp\/v2\/posts\/8678\/revisions\/8681"}],"wp:attachment":[{"href":"http:\/\/blogdalucianaoliveira.com.br\/blog\/wp-json\/wp\/v2\/media?parent=8678"}],"wp:term":[{"taxonomy":"category","embeddable":true,"href":"http:\/\/blogdalucianaoliveira.com.br\/blog\/wp-json\/wp\/v2\/categories?post=8678"},{"taxonomy":"post_tag","embeddable":true,"href":"http:\/\/blogdalucianaoliveira.com.br\/blog\/wp-json\/wp\/v2\/tags?post=8678"}],"curies":[{"name":"wp","href":"https:\/\/api.w.org\/{rel}","templated":true}]}}