{"id":8682,"date":"2017-02-20T09:52:53","date_gmt":"2017-02-20T13:52:53","guid":{"rendered":"http:\/\/blogdalucianaoliveira.com.br\/blog\/?p=8682"},"modified":"2017-02-20T09:52:53","modified_gmt":"2017-02-20T13:52:53","slug":"brasil-tera-com-temer-a-pior-aposentadoria-do-mundo","status":"publish","type":"post","link":"http:\/\/blogdalucianaoliveira.com.br\/blog\/2017\/02\/20\/brasil-tera-com-temer-a-pior-aposentadoria-do-mundo\/","title":{"rendered":"BRASIL TER\u00c1, COM TEMER, A PIOR APOSENTADORIA DO MUNDO"},"content":{"rendered":"<p><img data-recalc-dims=\"1\" loading=\"lazy\" decoding=\"async\" data-attachment-id=\"8683\" data-permalink=\"http:\/\/blogdalucianaoliveira.com.br\/blog\/2017\/02\/20\/brasil-tera-com-temer-a-pior-aposentadoria-do-mundo\/fufu\/\" data-orig-file=\"https:\/\/i0.wp.com\/blogdalucianaoliveira.com.br\/blog\/wp-content\/uploads\/2017\/02\/fufu.png?fit=1000%2C357\" data-orig-size=\"1000,357\" data-comments-opened=\"0\" data-image-meta=\"{&quot;aperture&quot;:&quot;0&quot;,&quot;credit&quot;:&quot;&quot;,&quot;camera&quot;:&quot;&quot;,&quot;caption&quot;:&quot;&quot;,&quot;created_timestamp&quot;:&quot;0&quot;,&quot;copyright&quot;:&quot;&quot;,&quot;focal_length&quot;:&quot;0&quot;,&quot;iso&quot;:&quot;0&quot;,&quot;shutter_speed&quot;:&quot;0&quot;,&quot;title&quot;:&quot;&quot;,&quot;orientation&quot;:&quot;0&quot;}\" data-image-title=\"fufu\" data-image-description=\"\" data-image-caption=\"\" data-medium-file=\"https:\/\/i0.wp.com\/blogdalucianaoliveira.com.br\/blog\/wp-content\/uploads\/2017\/02\/fufu.png?fit=300%2C107\" data-large-file=\"https:\/\/i0.wp.com\/blogdalucianaoliveira.com.br\/blog\/wp-content\/uploads\/2017\/02\/fufu.png?fit=600%2C214\" src=\"https:\/\/i0.wp.com\/blogdalucianaoliveira.com.br\/blog\/wp-content\/uploads\/2017\/02\/fufu.png?resize=600%2C214\" alt=\"fufu\" width=\"600\" height=\"214\" class=\"alignnone size-full wp-image-8683\" srcset=\"https:\/\/i0.wp.com\/blogdalucianaoliveira.com.br\/blog\/wp-content\/uploads\/2017\/02\/fufu.png?w=1000 1000w, https:\/\/i0.wp.com\/blogdalucianaoliveira.com.br\/blog\/wp-content\/uploads\/2017\/02\/fufu.png?resize=300%2C107 300w, https:\/\/i0.wp.com\/blogdalucianaoliveira.com.br\/blog\/wp-content\/uploads\/2017\/02\/fufu.png?resize=768%2C274 768w, https:\/\/i0.wp.com\/blogdalucianaoliveira.com.br\/blog\/wp-content\/uploads\/2017\/02\/fufu.png?resize=800%2C286 800w\" sizes=\"auto, (max-width: 600px) 100vw, 600px\" \/><\/p>\n<p>247 &#8211; Se Michel Temer conseguir aprovar sua reforma da Previd\u00eancia nos termos atuais, o Brasil entre os pa\u00edses com regras mais r\u00edgidas para aposentadoria. <!--more--><\/p>\n<p>Pela proposta do governo, quem contribuir por menos de 25 anos n\u00e3o ter\u00e1 direito a se aposentar mesmo que alcance a idade de 65 anos. A justificativa do governo para a reforma \u00e9 o aumento da propor\u00e7\u00e3o de idosos em rela\u00e7\u00e3o \u00e0 de jovens. No entanto, mesmo pa\u00edses que j\u00e1 passaram por essa transi\u00e7\u00e3o demogr\u00e1fica t\u00eam regras mais flex\u00edveis. Na OCDE, grupo dos pa\u00edses mais desenvolvidos do mundo, um trabalhador consegue o benef\u00edcio integral ap\u00f3s contribuir em m\u00e9dia por 44 anos. O que, no Brasil, s\u00f3 passaria a ser poss\u00edvel ap\u00f3s 49 anos. O tempo m\u00ednimo para ter acesso a algum percentual da aposentadoria tamb\u00e9m \u00e9 menor. Na Alemanha, por exemplo, s\u00e3o exigidos cinco anos e nos Estados Unidos, dez.<\/p>\n<p>As informa\u00e7\u00f5es s\u00e3o de reportagem de Fernanda Perrin na Folha de S.Paulo. <\/p>\n<p>&#8220;Hoje, brasileiros se aposentam ap\u00f3s contribuir por 30 anos (mulheres) ou 35 anos (homens). Quem n\u00e3o consegue atingir essa regra pode se aposentar por idade (mulheres de 60 anos e homens de 65 anos), desde que tenha contribu\u00eddo por 15 anos.<\/p>\n<p>&#8216;Exigir um m\u00ednimo de 25 anos de contribui\u00e7\u00e3o \u00e9 muito r\u00edgido. Se voc\u00ea contribuir por 20 anos e n\u00e3o ganhar nada, isso quer dizer que todas as suas contribui\u00e7\u00f5es foram puramente impostos&#8217;, diz Herv\u00e9 Boulhol, respons\u00e1vel pela \u00e1rea de aposentadoria da OCDE.<\/p>\n<p>&#8216;Voc\u00ea deveria poder receber algo proporcional ao seu tempo de contribui\u00e7\u00e3o.&#8217;<\/p>\n<p>&#8216;O risco que corremos em diminuir esse tempo m\u00ednimo \u00e9 n\u00e3o ter uma redu\u00e7\u00e3o da taxa de reposi\u00e7\u00e3o&#8217;, diz Luis Eduardo Afonso, professor da USP especialista em Previd\u00eancia Social.&#8221;<\/p>\n","protected":false},"excerpt":{"rendered":"<p>247 &#8211; Se Michel Temer conseguir aprovar sua reforma da Previd\u00eancia nos termos atuais, o Brasil entre os pa\u00edses com regras mais r\u00edgidas para aposentadoria.<\/p>\n","protected":false},"author":1,"featured_media":0,"comment_status":"closed","ping_status":"open","sticky":false,"template":"","format":"standard","meta":{"_exactmetrics_skip_tracking":false,"_exactmetrics_sitenote_active":false,"_exactmetrics_sitenote_note":"","_exactmetrics_sitenote_category":0,"jetpack_post_was_ever_published":false,"_jetpack_newsletter_access":"","_jetpack_dont_email_post_to_subs":false,"_jetpack_newsletter_tier_id":0,"_jetpack_memberships_contains_paywalled_content":false,"_jetpack_memberships_contains_paid_content":false,"footnotes":"","jetpack_publicize_message":"","jetpack_publicize_feature_enabled":true,"jetpack_social_post_already_shared":true,"jetpack_social_options":{"image_generator_settings":{"template":"highway","enabled":false},"version":2}},"categories":[1],"tags":[],"class_list":["post-8682","post","type-post","status-publish","format-standard","hentry","category-notas"],"jetpack_publicize_connections":[],"jetpack_sharing_enabled":true,"jetpack_featured_media_url":"","jetpack_shortlink":"https:\/\/wp.me\/p7wKYW-2g2","jetpack-related-posts":[],"_links":{"self":[{"href":"http:\/\/blogdalucianaoliveira.com.br\/blog\/wp-json\/wp\/v2\/posts\/8682","targetHints":{"allow":["GET"]}}],"collection":[{"href":"http:\/\/blogdalucianaoliveira.com.br\/blog\/wp-json\/wp\/v2\/posts"}],"about":[{"href":"http:\/\/blogdalucianaoliveira.com.br\/blog\/wp-json\/wp\/v2\/types\/post"}],"author":[{"embeddable":true,"href":"http:\/\/blogdalucianaoliveira.com.br\/blog\/wp-json\/wp\/v2\/users\/1"}],"replies":[{"embeddable":true,"href":"http:\/\/blogdalucianaoliveira.com.br\/blog\/wp-json\/wp\/v2\/comments?post=8682"}],"version-history":[{"count":1,"href":"http:\/\/blogdalucianaoliveira.com.br\/blog\/wp-json\/wp\/v2\/posts\/8682\/revisions"}],"predecessor-version":[{"id":8684,"href":"http:\/\/blogdalucianaoliveira.com.br\/blog\/wp-json\/wp\/v2\/posts\/8682\/revisions\/8684"}],"wp:attachment":[{"href":"http:\/\/blogdalucianaoliveira.com.br\/blog\/wp-json\/wp\/v2\/media?parent=8682"}],"wp:term":[{"taxonomy":"category","embeddable":true,"href":"http:\/\/blogdalucianaoliveira.com.br\/blog\/wp-json\/wp\/v2\/categories?post=8682"},{"taxonomy":"post_tag","embeddable":true,"href":"http:\/\/blogdalucianaoliveira.com.br\/blog\/wp-json\/wp\/v2\/tags?post=8682"}],"curies":[{"name":"wp","href":"https:\/\/api.w.org\/{rel}","templated":true}]}}