{"id":8695,"date":"2017-02-20T10:14:38","date_gmt":"2017-02-20T14:14:38","guid":{"rendered":"http:\/\/blogdalucianaoliveira.com.br\/blog\/?p=8695"},"modified":"2017-02-20T10:14:38","modified_gmt":"2017-02-20T14:14:38","slug":"a-praia-do-huck-nao-pode-ser-pra-qualquer-um","status":"publish","type":"post","link":"http:\/\/blogdalucianaoliveira.com.br\/blog\/2017\/02\/20\/a-praia-do-huck-nao-pode-ser-pra-qualquer-um\/","title":{"rendered":"A praia &#8216;do Huck&#8217; n\u00e3o pode ser pra qualquer um"},"content":{"rendered":"<p><img data-recalc-dims=\"1\" loading=\"lazy\" decoding=\"async\" data-attachment-id=\"8696\" data-permalink=\"http:\/\/blogdalucianaoliveira.com.br\/blog\/2017\/02\/20\/a-praia-do-huck-nao-pode-ser-pra-qualquer-um\/hukc\/\" data-orig-file=\"https:\/\/i0.wp.com\/blogdalucianaoliveira.com.br\/blog\/wp-content\/uploads\/2017\/02\/hukc.jpg?fit=291%2C173\" data-orig-size=\"291,173\" data-comments-opened=\"0\" data-image-meta=\"{&quot;aperture&quot;:&quot;0&quot;,&quot;credit&quot;:&quot;&quot;,&quot;camera&quot;:&quot;&quot;,&quot;caption&quot;:&quot;&quot;,&quot;created_timestamp&quot;:&quot;0&quot;,&quot;copyright&quot;:&quot;&quot;,&quot;focal_length&quot;:&quot;0&quot;,&quot;iso&quot;:&quot;0&quot;,&quot;shutter_speed&quot;:&quot;0&quot;,&quot;title&quot;:&quot;&quot;,&quot;orientation&quot;:&quot;0&quot;}\" data-image-title=\"hukc\" data-image-description=\"\" data-image-caption=\"\" data-medium-file=\"https:\/\/i0.wp.com\/blogdalucianaoliveira.com.br\/blog\/wp-content\/uploads\/2017\/02\/hukc.jpg?fit=291%2C173\" data-large-file=\"https:\/\/i0.wp.com\/blogdalucianaoliveira.com.br\/blog\/wp-content\/uploads\/2017\/02\/hukc.jpg?fit=291%2C173\" src=\"https:\/\/i0.wp.com\/blogdalucianaoliveira.com.br\/blog\/wp-content\/uploads\/2017\/02\/hukc.jpg?resize=291%2C173\" alt=\"hukc\" width=\"291\" height=\"173\" class=\"alignnone size-full wp-image-8696\" \/><\/p>\n<p>Luciano Huck perde briga para proibir acesso p\u00fablico a praia \u2018particular\u2019 em Angra<!--more--><\/p>\n<p>Da Rede Brasil Atual:<\/p>\n<p>Em 2011, a ju\u00edza da 1\u00aa Vara Federal de Angra dos Reis, Maria de Lourdes Coutinho Tavares, condenou o apresentador Luciano Huck a pagar R$ 40 mil por cercar com boias e redes a faixa costeira ao longo de sua mans\u00e3o na Ilha das Palmeiras, em Angra dos Reis, litoral sul do Rio de Janeiro, sem autoriza\u00e7\u00e3o ambiental. O global alegou apenas que o fizera \u201csob o prop\u00f3sito de exerc\u00edcio futuro de atividade de maricultura\u201d.<\/p>\n<p>Na senten\u00e7a, a ju\u00edza alegou que \u201ca motiva\u00e7\u00e3o da coloca\u00e7\u00e3o do cerco \u00e9 outra que n\u00e3o a atividade de criar mariscos, ou seja, a maricultura seria um pretexto para legitimar a pretens\u00e3o n\u00e3o acolhida pela lei, de apoderamento de bem de uso comum do povo\u201d. Ou seja, o chamado bom mocismo t\u00edpico da classe m\u00e9dia n\u00e3o queria que ningu\u00e9m tivesse acesso a \u201csua\u201d praia particular.<\/p>\n<p>A ju\u00edza determinou ainda que Huck retirasse as boias e pagasse indeniza\u00e7\u00e3o por danos materiais e imateriais, al\u00e9m de multa di\u00e1ria caso descumprisse a decis\u00e3o. Inconformado com a senten\u00e7a, Luciano Huck recorreu e, em segunda inst\u00e2ncia, foi novamente condenado.<\/p>\n<p>O apresentador recorreu ent\u00e3o ao Superior Tribunal de Justi\u00e7a (STJ), por achar, segundo declarou, muito alto o valor da multa aplicada.  Brigou durante sete anos na Justi\u00e7a para tentar escapar da multa ambiental.<\/p>\n<p>Sem sucesso. Na quinta-feira (16), o Minist\u00e9rio P\u00fablico Federal (MPF) exigiu que o apresentador da TV Globo pague multa de R$ 40 mil.<\/p>\n<p>Em manifesta\u00e7\u00e3o ao STJ, a Procuradoria Regional da Rep\u00fablica da 2\u00aa Regi\u00e3o defende a rejei\u00e7\u00e3o do recurso de Huck por tratar-se apenas de \u201cmedida de inconformismo, caracterizando mera insatisfa\u00e7\u00e3o do r\u00e9u com a senten\u00e7a\u201d.<\/p>\n<p>Essa n\u00e3o foi a primeira vez que Huck j\u00e1 foi acionado na Justi\u00e7a por chamar de seu o que \u00e9 patrim\u00f4nio p\u00fablico e ambiental. Em 2006, ele foi denunciado pelo MPF porque sua mans\u00e3o na Ilha das Palmeiras foi constru\u00edda sobre um espelho-d\u2019\u00e1gua cercado por rochas e por ter erguido um muro com cerca de dez metros de altura. Ele tamb\u00e9m mandou fazer diques para a forma\u00e7\u00e3o de uma praia artificial. No entanto, conseguiu escapar da Justi\u00e7a, alegando que a constru\u00e7\u00e3o original, de 1971, foi conclu\u00edda antes da entrada em vigor da legisla\u00e7\u00e3o atual, e que ele apenas reformara a casa que l\u00e1 j\u00e1 estava.<\/p>\n<p>Em junho de 2009, o ex-governador do Rio S\u00e9rgio Cabral (PMDB\/RJ) liberou as regras para constru\u00e7\u00f5es em \u00e1reas de preserva\u00e7\u00e3o ambiental em Angra e outras regi\u00f5es do estado. O decreto, de n\u00famero 41.921, ficou conhecido como \u201cLei Luciano Huck\u201d, porque teria sido feito para beneficiar o apresentador da Globo.<\/p>\n","protected":false},"excerpt":{"rendered":"<p>Luciano Huck perde briga para proibir acesso p\u00fablico a praia \u2018particular\u2019 em Angra<\/p>\n","protected":false},"author":1,"featured_media":0,"comment_status":"closed","ping_status":"open","sticky":false,"template":"","format":"standard","meta":{"_exactmetrics_skip_tracking":false,"_exactmetrics_sitenote_active":false,"_exactmetrics_sitenote_note":"","_exactmetrics_sitenote_category":0,"jetpack_post_was_ever_published":false,"_jetpack_newsletter_access":"","_jetpack_dont_email_post_to_subs":false,"_jetpack_newsletter_tier_id":0,"_jetpack_memberships_contains_paywalled_content":false,"_jetpack_memberships_contains_paid_content":false,"footnotes":"","jetpack_publicize_message":"","jetpack_publicize_feature_enabled":true,"jetpack_social_post_already_shared":true,"jetpack_social_options":{"image_generator_settings":{"template":"highway","enabled":false},"version":2}},"categories":[1],"tags":[],"class_list":["post-8695","post","type-post","status-publish","format-standard","hentry","category-notas"],"jetpack_publicize_connections":[],"jetpack_sharing_enabled":true,"jetpack_featured_media_url":"","jetpack_shortlink":"https:\/\/wp.me\/p7wKYW-2gf","jetpack-related-posts":[],"_links":{"self":[{"href":"http:\/\/blogdalucianaoliveira.com.br\/blog\/wp-json\/wp\/v2\/posts\/8695","targetHints":{"allow":["GET"]}}],"collection":[{"href":"http:\/\/blogdalucianaoliveira.com.br\/blog\/wp-json\/wp\/v2\/posts"}],"about":[{"href":"http:\/\/blogdalucianaoliveira.com.br\/blog\/wp-json\/wp\/v2\/types\/post"}],"author":[{"embeddable":true,"href":"http:\/\/blogdalucianaoliveira.com.br\/blog\/wp-json\/wp\/v2\/users\/1"}],"replies":[{"embeddable":true,"href":"http:\/\/blogdalucianaoliveira.com.br\/blog\/wp-json\/wp\/v2\/comments?post=8695"}],"version-history":[{"count":1,"href":"http:\/\/blogdalucianaoliveira.com.br\/blog\/wp-json\/wp\/v2\/posts\/8695\/revisions"}],"predecessor-version":[{"id":8697,"href":"http:\/\/blogdalucianaoliveira.com.br\/blog\/wp-json\/wp\/v2\/posts\/8695\/revisions\/8697"}],"wp:attachment":[{"href":"http:\/\/blogdalucianaoliveira.com.br\/blog\/wp-json\/wp\/v2\/media?parent=8695"}],"wp:term":[{"taxonomy":"category","embeddable":true,"href":"http:\/\/blogdalucianaoliveira.com.br\/blog\/wp-json\/wp\/v2\/categories?post=8695"},{"taxonomy":"post_tag","embeddable":true,"href":"http:\/\/blogdalucianaoliveira.com.br\/blog\/wp-json\/wp\/v2\/tags?post=8695"}],"curies":[{"name":"wp","href":"https:\/\/api.w.org\/{rel}","templated":true}]}}