{"id":8705,"date":"2017-02-20T18:48:34","date_gmt":"2017-02-20T22:48:34","guid":{"rendered":"http:\/\/blogdalucianaoliveira.com.br\/blog\/?p=8705"},"modified":"2017-02-20T18:48:34","modified_gmt":"2017-02-20T22:48:34","slug":"senado-recebe-270-mil-assinaturas-contra-indicacao-de-moraes-ao-stf","status":"publish","type":"post","link":"http:\/\/blogdalucianaoliveira.com.br\/blog\/2017\/02\/20\/senado-recebe-270-mil-assinaturas-contra-indicacao-de-moraes-ao-stf\/","title":{"rendered":"SENADO RECEBE 270 MIL ASSINATURAS CONTRA INDICA\u00c7\u00c3O DE MORAES AO STF"},"content":{"rendered":"<p><img data-recalc-dims=\"1\" loading=\"lazy\" decoding=\"async\" data-attachment-id=\"8706\" data-permalink=\"http:\/\/blogdalucianaoliveira.com.br\/blog\/2017\/02\/20\/senado-recebe-270-mil-assinaturas-contra-indicacao-de-moraes-ao-stf\/img_2422\/\" data-orig-file=\"https:\/\/i0.wp.com\/blogdalucianaoliveira.com.br\/blog\/wp-content\/uploads\/2017\/02\/IMG_2422.jpg?fit=457%2C322\" data-orig-size=\"457,322\" data-comments-opened=\"0\" data-image-meta=\"{&quot;aperture&quot;:&quot;0&quot;,&quot;credit&quot;:&quot;&quot;,&quot;camera&quot;:&quot;&quot;,&quot;caption&quot;:&quot;&quot;,&quot;created_timestamp&quot;:&quot;0&quot;,&quot;copyright&quot;:&quot;&quot;,&quot;focal_length&quot;:&quot;0&quot;,&quot;iso&quot;:&quot;0&quot;,&quot;shutter_speed&quot;:&quot;0&quot;,&quot;title&quot;:&quot;&quot;,&quot;orientation&quot;:&quot;0&quot;}\" data-image-title=\"IMG_2422\" data-image-description=\"\" data-image-caption=\"\" data-medium-file=\"https:\/\/i0.wp.com\/blogdalucianaoliveira.com.br\/blog\/wp-content\/uploads\/2017\/02\/IMG_2422.jpg?fit=300%2C211\" data-large-file=\"https:\/\/i0.wp.com\/blogdalucianaoliveira.com.br\/blog\/wp-content\/uploads\/2017\/02\/IMG_2422.jpg?fit=457%2C322\" src=\"https:\/\/i0.wp.com\/blogdalucianaoliveira.com.br\/blog\/wp-content\/uploads\/2017\/02\/IMG_2422.jpg?resize=457%2C322\" alt=\"IMG_2422\" width=\"457\" height=\"322\" class=\"alignnone size-full wp-image-8706\" srcset=\"https:\/\/i0.wp.com\/blogdalucianaoliveira.com.br\/blog\/wp-content\/uploads\/2017\/02\/IMG_2422.jpg?w=457 457w, https:\/\/i0.wp.com\/blogdalucianaoliveira.com.br\/blog\/wp-content\/uploads\/2017\/02\/IMG_2422.jpg?resize=300%2C211 300w, https:\/\/i0.wp.com\/blogdalucianaoliveira.com.br\/blog\/wp-content\/uploads\/2017\/02\/IMG_2422.jpg?resize=426%2C300 426w\" sizes=\"auto, (max-width: 457px) 100vw, 457px\" \/><\/p>\n<p>247 &#8211; Um documento com cerca de 270 mil assinaturas contra a indica\u00e7\u00e3o de Alexandre de Moraes ao Supremo Tribunal Federal foi entregue na tarde desta segunda-feira 20 aos senadores da Comiss\u00e3o de Constitui\u00e7\u00e3o e Justi\u00e7a. A peti\u00e7\u00e3o online est\u00e1 hospedada no site change.org.<!--more--><\/p>\n<p><iframe loading=\"lazy\" src=\"http:\/\/content.jwplatform.com\/players\/hXVQak98-WLGkjbVJ.html\" width=\"480\" height=\"270\" frameborder=\"0\" scrolling=\"auto\"><\/iframe><\/p>\n<p>Jovens do Centro Acad\u00eamico XI de Agosto, da Faculdade de Direito da Universidade de S\u00e3o Paulo, no Largo S\u00e3o Francisco, foram os respons\u00e1veis pela entrega. Para os estudantes, Moraes n\u00e3o tem a exigida &#8220;reputa\u00e7\u00e3o ilibada&#8221; para o cargo, al\u00e9m de carreira p\u00fablica marcada pela trucul\u00eancia e pela viol\u00eancia da pol\u00edcia e contra os movimentos sociais em S\u00e3o Paulo.<\/p>\n<p>&#8220;Alexandre de Moraes no STF n\u00e3o! Senadores, n\u00e3o permitam que Moraes torne-se ministro do Supremo&#8221;, dizia um cartaz. Entre os senadores que estiveram no ato e apoiaram o gesto est\u00e3o Randolfe Rodrigues (Rede-AP), Gleisi Hoffmann (PT-PR) e Lindbergh Farias (PT-RJ).<\/p>\n<p>Ministro da Justi\u00e7a licenciado do governo Temer, Moraes ser\u00e1 sabatinado no Senado nesta ter\u00e7a-feira 21 para ter o nome aprovado para a vaga deixada por Teori Zavascki no Supremo. Ele j\u00e1 se encontrou com senadores para refor\u00e7ar sua indica\u00e7\u00e3o e seu curr\u00edculo, chegando a ter at\u00e9 um jantar com senadores num barco em Bras\u00edlia.<\/p>\n","protected":false},"excerpt":{"rendered":"<p>247 &#8211; Um documento com cerca de 270 mil assinaturas contra a indica\u00e7\u00e3o de Alexandre de Moraes ao Supremo Tribunal Federal foi entregue na tarde desta segunda-feira 20 aos senadores da Comiss\u00e3o de Constitui\u00e7\u00e3o e Justi\u00e7a. A peti\u00e7\u00e3o online est\u00e1 hospedada no site change.org.<\/p>\n","protected":false},"author":1,"featured_media":0,"comment_status":"closed","ping_status":"open","sticky":false,"template":"","format":"standard","meta":{"_exactmetrics_skip_tracking":false,"_exactmetrics_sitenote_active":false,"_exactmetrics_sitenote_note":"","_exactmetrics_sitenote_category":0,"jetpack_post_was_ever_published":false,"_jetpack_newsletter_access":"","_jetpack_dont_email_post_to_subs":false,"_jetpack_newsletter_tier_id":0,"_jetpack_memberships_contains_paywalled_content":false,"_jetpack_memberships_contains_paid_content":false,"footnotes":"","jetpack_publicize_message":"","jetpack_publicize_feature_enabled":true,"jetpack_social_post_already_shared":true,"jetpack_social_options":{"image_generator_settings":{"template":"highway","enabled":false},"version":2}},"categories":[1],"tags":[],"class_list":["post-8705","post","type-post","status-publish","format-standard","hentry","category-notas"],"jetpack_publicize_connections":[],"jetpack_sharing_enabled":true,"jetpack_featured_media_url":"","jetpack_shortlink":"https:\/\/wp.me\/p7wKYW-2gp","jetpack-related-posts":[],"_links":{"self":[{"href":"http:\/\/blogdalucianaoliveira.com.br\/blog\/wp-json\/wp\/v2\/posts\/8705","targetHints":{"allow":["GET"]}}],"collection":[{"href":"http:\/\/blogdalucianaoliveira.com.br\/blog\/wp-json\/wp\/v2\/posts"}],"about":[{"href":"http:\/\/blogdalucianaoliveira.com.br\/blog\/wp-json\/wp\/v2\/types\/post"}],"author":[{"embeddable":true,"href":"http:\/\/blogdalucianaoliveira.com.br\/blog\/wp-json\/wp\/v2\/users\/1"}],"replies":[{"embeddable":true,"href":"http:\/\/blogdalucianaoliveira.com.br\/blog\/wp-json\/wp\/v2\/comments?post=8705"}],"version-history":[{"count":1,"href":"http:\/\/blogdalucianaoliveira.com.br\/blog\/wp-json\/wp\/v2\/posts\/8705\/revisions"}],"predecessor-version":[{"id":8707,"href":"http:\/\/blogdalucianaoliveira.com.br\/blog\/wp-json\/wp\/v2\/posts\/8705\/revisions\/8707"}],"wp:attachment":[{"href":"http:\/\/blogdalucianaoliveira.com.br\/blog\/wp-json\/wp\/v2\/media?parent=8705"}],"wp:term":[{"taxonomy":"category","embeddable":true,"href":"http:\/\/blogdalucianaoliveira.com.br\/blog\/wp-json\/wp\/v2\/categories?post=8705"},{"taxonomy":"post_tag","embeddable":true,"href":"http:\/\/blogdalucianaoliveira.com.br\/blog\/wp-json\/wp\/v2\/tags?post=8705"}],"curies":[{"name":"wp","href":"https:\/\/api.w.org\/{rel}","templated":true}]}}