{"id":8711,"date":"2017-02-20T19:00:55","date_gmt":"2017-02-20T23:00:55","guid":{"rendered":"http:\/\/blogdalucianaoliveira.com.br\/blog\/?p=8711"},"modified":"2017-02-20T19:01:55","modified_gmt":"2017-02-20T23:01:55","slug":"se-lula-vai-bem-nas-pesquisas-moram-nos-nordestinos","status":"publish","type":"post","link":"http:\/\/blogdalucianaoliveira.com.br\/blog\/2017\/02\/20\/se-lula-vai-bem-nas-pesquisas-moram-nos-nordestinos\/","title":{"rendered":"Se Lula vai bem nas pesquisas, miram nos nordestinos"},"content":{"rendered":"<p><img data-recalc-dims=\"1\" loading=\"lazy\" decoding=\"async\" data-attachment-id=\"8712\" data-permalink=\"http:\/\/blogdalucianaoliveira.com.br\/blog\/2017\/02\/20\/se-lula-vai-bem-nas-pesquisas-moram-nos-nordestinos\/img_2424\/\" data-orig-file=\"https:\/\/i0.wp.com\/blogdalucianaoliveira.com.br\/blog\/wp-content\/uploads\/2017\/02\/IMG_2424.jpg?fit=600%2C471\" data-orig-size=\"600,471\" data-comments-opened=\"0\" data-image-meta=\"{&quot;aperture&quot;:&quot;0&quot;,&quot;credit&quot;:&quot;&quot;,&quot;camera&quot;:&quot;&quot;,&quot;caption&quot;:&quot;&quot;,&quot;created_timestamp&quot;:&quot;0&quot;,&quot;copyright&quot;:&quot;&quot;,&quot;focal_length&quot;:&quot;0&quot;,&quot;iso&quot;:&quot;0&quot;,&quot;shutter_speed&quot;:&quot;0&quot;,&quot;title&quot;:&quot;&quot;,&quot;orientation&quot;:&quot;1&quot;}\" data-image-title=\"IMG_2424\" data-image-description=\"\" data-image-caption=\"\" data-medium-file=\"https:\/\/i0.wp.com\/blogdalucianaoliveira.com.br\/blog\/wp-content\/uploads\/2017\/02\/IMG_2424.jpg?fit=300%2C236\" data-large-file=\"https:\/\/i0.wp.com\/blogdalucianaoliveira.com.br\/blog\/wp-content\/uploads\/2017\/02\/IMG_2424.jpg?fit=600%2C471\" src=\"https:\/\/i0.wp.com\/blogdalucianaoliveira.com.br\/blog\/wp-content\/uploads\/2017\/02\/IMG_2424.jpg?resize=600%2C471\" alt=\"IMG_2424\" width=\"600\" height=\"471\" class=\"alignnone size-full wp-image-8712\" srcset=\"https:\/\/i0.wp.com\/blogdalucianaoliveira.com.br\/blog\/wp-content\/uploads\/2017\/02\/IMG_2424.jpg?w=600 600w, https:\/\/i0.wp.com\/blogdalucianaoliveira.com.br\/blog\/wp-content\/uploads\/2017\/02\/IMG_2424.jpg?resize=300%2C236 300w, https:\/\/i0.wp.com\/blogdalucianaoliveira.com.br\/blog\/wp-content\/uploads\/2017\/02\/IMG_2424.jpg?resize=382%2C300 382w\" sizes=\"auto, (max-width: 600px) 100vw, 600px\" \/><\/p>\n<p>Gado s\u00e3o os outros <!--more--><\/p>\n<p>Celso Rocha de Barros<br \/>\nNo Almanaqueiras <\/p>\n<p>Das outras vezes, pelo menos, esperaram o sujeito ganhar a elei\u00e7\u00e3o. Agora Lula s\u00f3 precisou aparecer bem nas pesquisas para come\u00e7arem os coment\u00e1rios est\u00fapidos sobre os eleitores nordestinos. Dessa vez foi o site &#8220;O Antagonista&#8221;, que noticiou o bom resultado de Lula entre os pesquisados do Nordeste com a manchete &#8220;Os bois voltaram para o curral&#8221;.<\/p>\n<p>Em resposta aos cr\u00edticos da manchete, os antagonistas lembraram que &#8220;curral eleitoral&#8221; \u00e9 uma express\u00e3o comum na discuss\u00e3o pol\u00edtica brasileira. E, \u00e9 claro, reclamaram do politicamente correto.<\/p>\n<p>Isso est\u00e1 errado.<\/p>\n<p>&#8220;Curral eleitoral&#8221; \u00e9 uma express\u00e3o criada para descrever a situa\u00e7\u00e3o de eleitores brasileiros em \u00e9pocas em que, de fato, era muito dif\u00edcil exercer a cidadania livremente,como na Velha Rep\u00fablica. O voto n\u00e3o era secreto: votar contra o candidato dos poderosos locais era desafi\u00e1-los abertamente, o que era muito arriscado.<\/p>\n<p>Dizer &#8220;curral eleitoral&#8221; para falar da Rep\u00fablica Velha \u00e9 descrever um fato hist\u00f3rico. Usar &#8220;curral eleitoral&#8221; para o Brasil atual \u00e9 dizer que, mesmo em uma sociedade democr\u00e1tica como a nossa (em que o voto \u00e9 secreto), os eleitores nordestinos de Lula t\u00eam a mesma capacidade de delibera\u00e7\u00e3o de gente que votava com medo do coronel. Na opini\u00e3o dos antagonistas, os eleitores nordestinos de Lula s\u00e3o incapazes de deliberar como homens e mulheres livres mesmo se lhes dermos as institui\u00e7\u00f5es da liberdade.<\/p>\n<p>Essa ideia circulou bastante durante o lulismo entre o pessoal da segunda divis\u00e3o da direita brasileira. Em sua edi\u00e7\u00e3o 2.329, de Julho de 2013, fl. 56, a revista &#8220;Veja&#8221; prop\u00f4s um plebiscito para decidir se os benefici\u00e1rios do Bolsa Fam\u00edlia deveriam ter o direito de se declararem impedidos de votar (era confuso assim mesmo). Ap\u00f3s a elei\u00e7\u00e3o de 2014, muita gente boa divulgou a ideia de que o &#8220;Brasil que trabalha&#8221; votou em A\u00e9cio, enquanto o &#8220;Brasil que depende do Estado&#8221; votou em Dilma. A ideia era sempre a mesma: os pobres est\u00e3o perto demais da subsist\u00eancia para prestar aten\u00e7\u00e3o em problemas morais como a corrup\u00e7\u00e3o. Subjacente ao racioc\u00ednio estava a ideia de que Lula sempre disputou o segundo turno contra &#8220;A \u00c9tica&#8221;, e n\u00e3o contra esses tucanos que agora aparecem nas dela\u00e7\u00f5es.<\/p>\n<p>Diga o que quiser de 2016, ele pelo menos matou essa tese, entre outras celebridades.<\/p>\n<p>O experimento que matou a hip\u00f3tese \u00e9 o governo Temer. Os ricos brasileiros, que, podemos supor, n\u00e3o est\u00e3o perto demais da subsist\u00eancia, apoiam o governo a despeito das den\u00fancias de corrup\u00e7\u00e3o contra ele.<\/p>\n<p>Os ricos n\u00e3o silenciam porque aprovam a corrup\u00e7\u00e3o do PMDB; os pobres n\u00e3o aprovavam as roubalheiras petistas; nos dois casos, ricos e pobres votam porque o governo corrupto em quest\u00e3o implementa pol\u00edticas que correspondem \u00e0s suas prefer\u00eancias. E porque os outros candidatos n\u00e3o lhes parecem muito mais honestos.<\/p>\n<p>Isso n\u00e3o quer dizer, repito, que ricos e pobres n\u00e3o se preocupem com a corrup\u00e7\u00e3o. S\u00f3 que todos tentam equilibrar essa preocupa\u00e7\u00e3o moral com a defesa de seus interesses. Isso \u00e9 uma vida humana. Nem ricos nem pobres s\u00e3o, em geral, m\u00e1rtires.<\/p>\n<p>Refutada a tese dos antagonistas, nos resta esperar que a direita brasileira passe a tratar os eleitores pobres como pessoas racionais cujos votos podem ser conquistados com melhorias em suas perspectivas de vida. Ser\u00e1 uma revolu\u00e7\u00e3o.<\/p>\n","protected":false},"excerpt":{"rendered":"<p>Gado s\u00e3o os outros<\/p>\n","protected":false},"author":1,"featured_media":0,"comment_status":"closed","ping_status":"open","sticky":false,"template":"","format":"standard","meta":{"_exactmetrics_skip_tracking":false,"_exactmetrics_sitenote_active":false,"_exactmetrics_sitenote_note":"","_exactmetrics_sitenote_category":0,"jetpack_post_was_ever_published":false,"_jetpack_newsletter_access":"","_jetpack_dont_email_post_to_subs":false,"_jetpack_newsletter_tier_id":0,"_jetpack_memberships_contains_paywalled_content":false,"_jetpack_memberships_contains_paid_content":false,"footnotes":"","jetpack_publicize_message":"","jetpack_publicize_feature_enabled":true,"jetpack_social_post_already_shared":true,"jetpack_social_options":{"image_generator_settings":{"template":"highway","enabled":false},"version":2}},"categories":[1],"tags":[],"class_list":["post-8711","post","type-post","status-publish","format-standard","hentry","category-notas"],"jetpack_publicize_connections":[],"jetpack_sharing_enabled":true,"jetpack_featured_media_url":"","jetpack_shortlink":"https:\/\/wp.me\/p7wKYW-2gv","jetpack-related-posts":[],"_links":{"self":[{"href":"http:\/\/blogdalucianaoliveira.com.br\/blog\/wp-json\/wp\/v2\/posts\/8711","targetHints":{"allow":["GET"]}}],"collection":[{"href":"http:\/\/blogdalucianaoliveira.com.br\/blog\/wp-json\/wp\/v2\/posts"}],"about":[{"href":"http:\/\/blogdalucianaoliveira.com.br\/blog\/wp-json\/wp\/v2\/types\/post"}],"author":[{"embeddable":true,"href":"http:\/\/blogdalucianaoliveira.com.br\/blog\/wp-json\/wp\/v2\/users\/1"}],"replies":[{"embeddable":true,"href":"http:\/\/blogdalucianaoliveira.com.br\/blog\/wp-json\/wp\/v2\/comments?post=8711"}],"version-history":[{"count":2,"href":"http:\/\/blogdalucianaoliveira.com.br\/blog\/wp-json\/wp\/v2\/posts\/8711\/revisions"}],"predecessor-version":[{"id":8714,"href":"http:\/\/blogdalucianaoliveira.com.br\/blog\/wp-json\/wp\/v2\/posts\/8711\/revisions\/8714"}],"wp:attachment":[{"href":"http:\/\/blogdalucianaoliveira.com.br\/blog\/wp-json\/wp\/v2\/media?parent=8711"}],"wp:term":[{"taxonomy":"category","embeddable":true,"href":"http:\/\/blogdalucianaoliveira.com.br\/blog\/wp-json\/wp\/v2\/categories?post=8711"},{"taxonomy":"post_tag","embeddable":true,"href":"http:\/\/blogdalucianaoliveira.com.br\/blog\/wp-json\/wp\/v2\/tags?post=8711"}],"curies":[{"name":"wp","href":"https:\/\/api.w.org\/{rel}","templated":true}]}}