{"id":8721,"date":"2017-02-21T17:09:42","date_gmt":"2017-02-21T21:09:42","guid":{"rendered":"http:\/\/blogdalucianaoliveira.com.br\/blog\/?p=8721"},"modified":"2017-02-21T17:09:42","modified_gmt":"2017-02-21T21:09:42","slug":"gleisi-sobre-sabatina-de-moraes-os-que-foram-leoes-com-fachin-hoje-estao-gatinhos","status":"publish","type":"post","link":"http:\/\/blogdalucianaoliveira.com.br\/blog\/2017\/02\/21\/gleisi-sobre-sabatina-de-moraes-os-que-foram-leoes-com-fachin-hoje-estao-gatinhos\/","title":{"rendered":"GLEISI SOBRE SABATINA DE MORAES: OS QUE FORAM LE\u00d5ES COM FACHIN HOJE EST\u00c3O GATINHOS"},"content":{"rendered":"<p><img data-recalc-dims=\"1\" loading=\"lazy\" decoding=\"async\" data-attachment-id=\"8722\" data-permalink=\"http:\/\/blogdalucianaoliveira.com.br\/blog\/2017\/02\/21\/gleisi-sobre-sabatina-de-moraes-os-que-foram-leoes-com-fachin-hoje-estao-gatinhos\/gleis\/\" data-orig-file=\"https:\/\/i0.wp.com\/blogdalucianaoliveira.com.br\/blog\/wp-content\/uploads\/2017\/02\/gleis.jpg?fit=1000%2C357\" data-orig-size=\"1000,357\" data-comments-opened=\"0\" data-image-meta=\"{&quot;aperture&quot;:&quot;0&quot;,&quot;credit&quot;:&quot;&quot;,&quot;camera&quot;:&quot;&quot;,&quot;caption&quot;:&quot;&quot;,&quot;created_timestamp&quot;:&quot;0&quot;,&quot;copyright&quot;:&quot;&quot;,&quot;focal_length&quot;:&quot;0&quot;,&quot;iso&quot;:&quot;0&quot;,&quot;shutter_speed&quot;:&quot;0&quot;,&quot;title&quot;:&quot;&quot;,&quot;orientation&quot;:&quot;0&quot;}\" data-image-title=\"gleis\" data-image-description=\"\" data-image-caption=\"\" data-medium-file=\"https:\/\/i0.wp.com\/blogdalucianaoliveira.com.br\/blog\/wp-content\/uploads\/2017\/02\/gleis.jpg?fit=300%2C107\" data-large-file=\"https:\/\/i0.wp.com\/blogdalucianaoliveira.com.br\/blog\/wp-content\/uploads\/2017\/02\/gleis.jpg?fit=600%2C214\" src=\"https:\/\/i0.wp.com\/blogdalucianaoliveira.com.br\/blog\/wp-content\/uploads\/2017\/02\/gleis.jpg?resize=600%2C214\" alt=\"gleis\" width=\"600\" height=\"214\" class=\"alignnone size-full wp-image-8722\" srcset=\"https:\/\/i0.wp.com\/blogdalucianaoliveira.com.br\/blog\/wp-content\/uploads\/2017\/02\/gleis.jpg?w=1000 1000w, https:\/\/i0.wp.com\/blogdalucianaoliveira.com.br\/blog\/wp-content\/uploads\/2017\/02\/gleis.jpg?resize=300%2C107 300w, https:\/\/i0.wp.com\/blogdalucianaoliveira.com.br\/blog\/wp-content\/uploads\/2017\/02\/gleis.jpg?resize=768%2C274 768w, https:\/\/i0.wp.com\/blogdalucianaoliveira.com.br\/blog\/wp-content\/uploads\/2017\/02\/gleis.jpg?resize=800%2C286 800w\" sizes=\"auto, (max-width: 600px) 100vw, 600px\" \/><\/p>\n<p>247 \u2013 A senadora Gleisi Hoffmann (PT-PR) chamou o indicado ao STF Alexandre de Moraes, que era filiado ao PSDB at\u00e9 pouco tempo, de &#8220;militante partid\u00e1rio convicto&#8221; e lembrou da sabatina do \u00faltimo ministro indicado \u00e0 corte suprema, Edson Fachin, acusado \u00e0 \u00e9poca pela oposi\u00e7\u00e3o de militar para Dilma Rousseff e para o MST.<!--more--><\/p>\n<p>As declara\u00e7\u00f5es de Gleisi foram feitas nesta tarde durante a sabatina de Moraes no Senado. &#8220;Os que foram le\u00f5es de outrora, como no caso do ministro Fachin, hoje est\u00e3o aqui gatinhos, muito mansos com essa sabatina em que o nosso indicado \u00e9 um militante partid\u00e1rio convicto&#8221;, afirmou.<\/p>\n<p>&#8220;Vivemos tempos sombrios&#8221;, acrescentou, lembrando da declara\u00e7\u00e3o do escritor Raduan Nassar, em discurso contra o golpe e contra o governo Temer, e a quem a senadora fez um pequeno desagravo. Gleisi disse ainda que a &#8220;indica\u00e7\u00e3o de Alexandre de Moraes \u00e9 prejudicial \u00e0 democracia, ele \u00e9 parcial e devia ser declarar suspeito sobre o impeachment e Michel Temer&#8221;.<\/p>\n<p>Ela destacou tamb\u00e9m que diversas entidades da \u00e1rea jur\u00eddica se manifestaram contr\u00e1rias a Moraes. Nesta segunda, o Centro Acad\u00eamico XI de Agosto, da Faculdade de Direito da USP, entregou um abaixo-assinado no Senado com 270 mil assinaturas contra Moraes no STF. Ele rebateu na sabatina que entidades nacionais o apoiaram e que o Centro Acad\u00eamico XI de agosto \u00e9 partidarizado e s\u00f3 reuniu 50 pessoas contra ele.<\/p>\n","protected":false},"excerpt":{"rendered":"<p>247 \u2013 A senadora Gleisi Hoffmann (PT-PR) chamou o indicado ao STF Alexandre de Moraes, que era filiado ao PSDB at\u00e9 pouco tempo, de &#8220;militante partid\u00e1rio convicto&#8221; e lembrou da sabatina do \u00faltimo ministro indicado \u00e0 corte suprema, Edson Fachin, acusado \u00e0 \u00e9poca pela oposi\u00e7\u00e3o de militar para Dilma Rousseff e para o MST.<\/p>\n","protected":false},"author":1,"featured_media":0,"comment_status":"closed","ping_status":"open","sticky":false,"template":"","format":"standard","meta":{"_exactmetrics_skip_tracking":false,"_exactmetrics_sitenote_active":false,"_exactmetrics_sitenote_note":"","_exactmetrics_sitenote_category":0,"jetpack_post_was_ever_published":false,"_jetpack_newsletter_access":"","_jetpack_dont_email_post_to_subs":false,"_jetpack_newsletter_tier_id":0,"_jetpack_memberships_contains_paywalled_content":false,"_jetpack_memberships_contains_paid_content":false,"footnotes":"","jetpack_publicize_message":"","jetpack_publicize_feature_enabled":true,"jetpack_social_post_already_shared":true,"jetpack_social_options":{"image_generator_settings":{"template":"highway","enabled":false},"version":2}},"categories":[1],"tags":[],"class_list":["post-8721","post","type-post","status-publish","format-standard","hentry","category-notas"],"jetpack_publicize_connections":[],"jetpack_sharing_enabled":true,"jetpack_featured_media_url":"","jetpack_shortlink":"https:\/\/wp.me\/p7wKYW-2gF","jetpack-related-posts":[],"_links":{"self":[{"href":"http:\/\/blogdalucianaoliveira.com.br\/blog\/wp-json\/wp\/v2\/posts\/8721","targetHints":{"allow":["GET"]}}],"collection":[{"href":"http:\/\/blogdalucianaoliveira.com.br\/blog\/wp-json\/wp\/v2\/posts"}],"about":[{"href":"http:\/\/blogdalucianaoliveira.com.br\/blog\/wp-json\/wp\/v2\/types\/post"}],"author":[{"embeddable":true,"href":"http:\/\/blogdalucianaoliveira.com.br\/blog\/wp-json\/wp\/v2\/users\/1"}],"replies":[{"embeddable":true,"href":"http:\/\/blogdalucianaoliveira.com.br\/blog\/wp-json\/wp\/v2\/comments?post=8721"}],"version-history":[{"count":1,"href":"http:\/\/blogdalucianaoliveira.com.br\/blog\/wp-json\/wp\/v2\/posts\/8721\/revisions"}],"predecessor-version":[{"id":8723,"href":"http:\/\/blogdalucianaoliveira.com.br\/blog\/wp-json\/wp\/v2\/posts\/8721\/revisions\/8723"}],"wp:attachment":[{"href":"http:\/\/blogdalucianaoliveira.com.br\/blog\/wp-json\/wp\/v2\/media?parent=8721"}],"wp:term":[{"taxonomy":"category","embeddable":true,"href":"http:\/\/blogdalucianaoliveira.com.br\/blog\/wp-json\/wp\/v2\/categories?post=8721"},{"taxonomy":"post_tag","embeddable":true,"href":"http:\/\/blogdalucianaoliveira.com.br\/blog\/wp-json\/wp\/v2\/tags?post=8721"}],"curies":[{"name":"wp","href":"https:\/\/api.w.org\/{rel}","templated":true}]}}