{"id":8724,"date":"2017-02-21T20:21:19","date_gmt":"2017-02-22T00:21:19","guid":{"rendered":"http:\/\/blogdalucianaoliveira.com.br\/blog\/?p=8724"},"modified":"2017-02-21T20:21:19","modified_gmt":"2017-02-22T00:21:19","slug":"a-contradicao-etica-e-moral-na-imprensa-no-senado-e-na-sociedade-brasileira","status":"publish","type":"post","link":"http:\/\/blogdalucianaoliveira.com.br\/blog\/2017\/02\/21\/a-contradicao-etica-e-moral-na-imprensa-no-senado-e-na-sociedade-brasileira\/","title":{"rendered":"A CONTRADI\u00c7\u00c3O \u00c9TICA E MORAL NA IMPRENSA, NO SENADO E NA SOCIEDADE BRASILEIRA"},"content":{"rendered":"<p><img data-recalc-dims=\"1\" loading=\"lazy\" decoding=\"async\" data-attachment-id=\"8725\" data-permalink=\"http:\/\/blogdalucianaoliveira.com.br\/blog\/2017\/02\/21\/a-contradicao-etica-e-moral-na-imprensa-no-senado-e-na-sociedade-brasileira\/mora-2\/\" data-orig-file=\"https:\/\/i0.wp.com\/blogdalucianaoliveira.com.br\/blog\/wp-content\/uploads\/2017\/02\/mora-2.jpg?fit=1280%2C853\" data-orig-size=\"1280,853\" data-comments-opened=\"0\" data-image-meta=\"{&quot;aperture&quot;:&quot;0&quot;,&quot;credit&quot;:&quot;&quot;,&quot;camera&quot;:&quot;&quot;,&quot;caption&quot;:&quot;&quot;,&quot;created_timestamp&quot;:&quot;0&quot;,&quot;copyright&quot;:&quot;&quot;,&quot;focal_length&quot;:&quot;0&quot;,&quot;iso&quot;:&quot;0&quot;,&quot;shutter_speed&quot;:&quot;0&quot;,&quot;title&quot;:&quot;&quot;,&quot;orientation&quot;:&quot;1&quot;}\" data-image-title=\"mora (2)\" data-image-description=\"\" data-image-caption=\"\" data-medium-file=\"https:\/\/i0.wp.com\/blogdalucianaoliveira.com.br\/blog\/wp-content\/uploads\/2017\/02\/mora-2.jpg?fit=300%2C200\" data-large-file=\"https:\/\/i0.wp.com\/blogdalucianaoliveira.com.br\/blog\/wp-content\/uploads\/2017\/02\/mora-2.jpg?fit=600%2C400\" src=\"https:\/\/i0.wp.com\/blogdalucianaoliveira.com.br\/blog\/wp-content\/uploads\/2017\/02\/mora-2.jpg?resize=600%2C400\" alt=\"mora (2)\" width=\"600\" height=\"400\" class=\"alignnone size-full wp-image-8725\" srcset=\"https:\/\/i0.wp.com\/blogdalucianaoliveira.com.br\/blog\/wp-content\/uploads\/2017\/02\/mora-2.jpg?w=1280 1280w, https:\/\/i0.wp.com\/blogdalucianaoliveira.com.br\/blog\/wp-content\/uploads\/2017\/02\/mora-2.jpg?resize=300%2C200 300w, https:\/\/i0.wp.com\/blogdalucianaoliveira.com.br\/blog\/wp-content\/uploads\/2017\/02\/mora-2.jpg?resize=768%2C512 768w, https:\/\/i0.wp.com\/blogdalucianaoliveira.com.br\/blog\/wp-content\/uploads\/2017\/02\/mora-2.jpg?resize=1024%2C682 1024w, https:\/\/i0.wp.com\/blogdalucianaoliveira.com.br\/blog\/wp-content\/uploads\/2017\/02\/mora-2.jpg?resize=450%2C300 450w, https:\/\/i0.wp.com\/blogdalucianaoliveira.com.br\/blog\/wp-content\/uploads\/2017\/02\/mora-2.jpg?w=1200 1200w\" sizes=\"auto, (max-width: 600px) 100vw, 600px\" \/><\/p>\n<p>Quando Michel Temer indicou para o Supremo Tribunal Federal o seu ministro da Justi\u00e7a, Alexandre de Moraes, avisei: \u00e9 dele e boi n\u00e3o lambe.<!--more--><\/p>\n<p>Tive certeza que n\u00e3o importaria o que acontecesse, a vaga do ministro Teori Zavascki era dele, porque vivemos tempos de assustadora hipocrisia e banaliza\u00e7\u00e3o do mal.<\/p>\n<p>N\u00e3o tem dois anos a convuls\u00e3o na imprensa, redes sociais e no Senado Federal, quando a presidenta eleita, Dilma Rousseff, indicou Luiz Edson Fachin ao Supremo.<\/p>\n<p>A cruzada moralista contra a indica\u00e7\u00e3o dele reuniu gentinha e gentalha. <\/p>\n<p>Alegando colocar Os Pingos nos Is o porta-voz da direita raivosa, Reinaldo Azevedo, elencou como \u2018motivos\u2019 pra ficar com um p\u00e9 atr\u00e1s para a nomea\u00e7\u00e3o de Fachin, \u201ca Milit\u00e2ncia pol\u00edtica, contexto e circunst\u00e2ncias\u201d.<\/p>\n<p>O careca de quem nunca vou gostar dizia que Fachin era o candidato de Jo\u00e3o Pedro Stedile, do MST.  Seria um perigo colocar no Supremo algu\u00e9m com uma vis\u00e3o sens\u00edvel aos movimentos sociais.<\/p>\n<p>E muitos, como ele, entorpecidos por \u00f3dio \u00e0 esquerda, ignoraram o quanto \u00e9 saud\u00e1vel o equil\u00edbrio ideol\u00f3gico num colegiado t\u00e3o restrito e t\u00e3o poderoso.<\/p>\n<p>Agora, Azevedo acha mais que leg\u00edtima, necess\u00e1ria a nomea\u00e7\u00e3o de um ministro como Alexandre, conhecido por posi\u00e7\u00f5es \u2018conservadoras\u2019 no que diz respeito a padr\u00f5es de condutas morais para os outros.<br \/>\n\u201cO que os ditos \u201cprogressistas\u201d temem \u00e9 um, vamos dizer, reequil\u00edbrio na tend\u00eancia claramente esquerdizante do STF\u201d, disse.<\/p>\n<p>Como o colunista da Veja, mudaram radicalmente de opini\u00e3o Renan Calheiros, A\u00e9cio Neves, Aloysio Munes, Ronaldo Caiado e tantos outros senadores que relativizam a \u00e9tica em tudo que possa lhes favorecer.<\/p>\n<p>Dos 13 senadores investigados na Opera\u00e7\u00e3o Lava Jato, 10 integram a Comiss\u00e3o de Constitui\u00e7\u00e3o e Justi\u00e7a, que sabatinou o candidato a vaga no Supremo, incluindo o presidente da comiss\u00e3o, Edison Lob\u00e3o.<\/p>\n<p>Desses n\u00e3o esperaria outra coisa, sobretudo porque s\u00e3o investigados ou r\u00e9us em inqu\u00e9ritos que o novo ministro vai julgar, mas o duro \u00e9 o sil\u00eancio dos nada inocentes amigos e \u2018inimigos\u2019 que juraram ativismo contra a corrup\u00e7\u00e3o, contra tudo e todos.<\/p>\n<p>Em tempos sombrios, aos candidatos a ministros que sejam progressistas prevalece o rigor dos conceitos de \u00e9tica e moral, aos conservadores a relativiza\u00e7\u00e3o de ambos.<\/p>\n<p>Do comportamento d\u00fabio, resta evidente que Fachin \u00e9 um olhar para o futuro e Alexandre para o passado e que pagaremos caro como sociedade pela despudorada contradi\u00e7\u00e3o moral ao reagir \u00e0 indica\u00e7\u00e3o dos dois.<\/p>\n<p>Por aceitar Moraes, somos por maioria imorais.<\/p>\n","protected":false},"excerpt":{"rendered":"<p>Quando Michel Temer indicou para o Supremo Tribunal Federal o seu ministro da Justi\u00e7a, Alexandre de Moraes, avisei: \u00e9 dele e boi n\u00e3o lambe.<\/p>\n","protected":false},"author":1,"featured_media":8725,"comment_status":"closed","ping_status":"open","sticky":false,"template":"","format":"standard","meta":{"_exactmetrics_skip_tracking":false,"_exactmetrics_sitenote_active":false,"_exactmetrics_sitenote_note":"","_exactmetrics_sitenote_category":0,"jetpack_post_was_ever_published":false,"_jetpack_newsletter_access":"","_jetpack_dont_email_post_to_subs":false,"_jetpack_newsletter_tier_id":0,"_jetpack_memberships_contains_paywalled_content":false,"_jetpack_memberships_contains_paid_content":false,"footnotes":"","jetpack_publicize_message":"","jetpack_publicize_feature_enabled":true,"jetpack_social_post_already_shared":true,"jetpack_social_options":{"image_generator_settings":{"template":"highway","enabled":false},"version":2}},"categories":[1],"tags":[],"class_list":["post-8724","post","type-post","status-publish","format-standard","has-post-thumbnail","hentry","category-notas"],"jetpack_publicize_connections":[],"jetpack_sharing_enabled":true,"jetpack_featured_media_url":"https:\/\/i0.wp.com\/blogdalucianaoliveira.com.br\/blog\/wp-content\/uploads\/2017\/02\/mora-2.jpg?fit=1280%2C853","jetpack_shortlink":"https:\/\/wp.me\/p7wKYW-2gI","jetpack-related-posts":[],"_links":{"self":[{"href":"http:\/\/blogdalucianaoliveira.com.br\/blog\/wp-json\/wp\/v2\/posts\/8724","targetHints":{"allow":["GET"]}}],"collection":[{"href":"http:\/\/blogdalucianaoliveira.com.br\/blog\/wp-json\/wp\/v2\/posts"}],"about":[{"href":"http:\/\/blogdalucianaoliveira.com.br\/blog\/wp-json\/wp\/v2\/types\/post"}],"author":[{"embeddable":true,"href":"http:\/\/blogdalucianaoliveira.com.br\/blog\/wp-json\/wp\/v2\/users\/1"}],"replies":[{"embeddable":true,"href":"http:\/\/blogdalucianaoliveira.com.br\/blog\/wp-json\/wp\/v2\/comments?post=8724"}],"version-history":[{"count":1,"href":"http:\/\/blogdalucianaoliveira.com.br\/blog\/wp-json\/wp\/v2\/posts\/8724\/revisions"}],"predecessor-version":[{"id":8726,"href":"http:\/\/blogdalucianaoliveira.com.br\/blog\/wp-json\/wp\/v2\/posts\/8724\/revisions\/8726"}],"wp:featuredmedia":[{"embeddable":true,"href":"http:\/\/blogdalucianaoliveira.com.br\/blog\/wp-json\/wp\/v2\/media\/8725"}],"wp:attachment":[{"href":"http:\/\/blogdalucianaoliveira.com.br\/blog\/wp-json\/wp\/v2\/media?parent=8724"}],"wp:term":[{"taxonomy":"category","embeddable":true,"href":"http:\/\/blogdalucianaoliveira.com.br\/blog\/wp-json\/wp\/v2\/categories?post=8724"},{"taxonomy":"post_tag","embeddable":true,"href":"http:\/\/blogdalucianaoliveira.com.br\/blog\/wp-json\/wp\/v2\/tags?post=8724"}],"curies":[{"name":"wp","href":"https:\/\/api.w.org\/{rel}","templated":true}]}}