{"id":8737,"date":"2017-02-22T08:55:21","date_gmt":"2017-02-22T12:55:21","guid":{"rendered":"http:\/\/blogdalucianaoliveira.com.br\/blog\/?p=8737"},"modified":"2017-02-22T08:56:14","modified_gmt":"2017-02-22T12:56:14","slug":"ha-silencio-por-toda-a-parte","status":"publish","type":"post","link":"http:\/\/blogdalucianaoliveira.com.br\/blog\/2017\/02\/22\/ha-silencio-por-toda-a-parte\/","title":{"rendered":"H\u00e1 sil\u00eancio por toda a parte"},"content":{"rendered":"<p><img data-recalc-dims=\"1\" loading=\"lazy\" decoding=\"async\" data-attachment-id=\"8738\" data-permalink=\"http:\/\/blogdalucianaoliveira.com.br\/blog\/2017\/02\/22\/ha-silencio-por-toda-a-parte\/img_2493\/\" data-orig-file=\"https:\/\/i0.wp.com\/blogdalucianaoliveira.com.br\/blog\/wp-content\/uploads\/2017\/02\/IMG_2493.jpg?fit=470%2C313\" data-orig-size=\"470,313\" data-comments-opened=\"0\" data-image-meta=\"{&quot;aperture&quot;:&quot;0&quot;,&quot;credit&quot;:&quot;&quot;,&quot;camera&quot;:&quot;&quot;,&quot;caption&quot;:&quot;&quot;,&quot;created_timestamp&quot;:&quot;0&quot;,&quot;copyright&quot;:&quot;&quot;,&quot;focal_length&quot;:&quot;0&quot;,&quot;iso&quot;:&quot;0&quot;,&quot;shutter_speed&quot;:&quot;0&quot;,&quot;title&quot;:&quot;&quot;,&quot;orientation&quot;:&quot;0&quot;}\" data-image-title=\"IMG_2493\" data-image-description=\"\" data-image-caption=\"\" data-medium-file=\"https:\/\/i0.wp.com\/blogdalucianaoliveira.com.br\/blog\/wp-content\/uploads\/2017\/02\/IMG_2493.jpg?fit=300%2C200\" data-large-file=\"https:\/\/i0.wp.com\/blogdalucianaoliveira.com.br\/blog\/wp-content\/uploads\/2017\/02\/IMG_2493.jpg?fit=470%2C313\" src=\"https:\/\/i0.wp.com\/blogdalucianaoliveira.com.br\/blog\/wp-content\/uploads\/2017\/02\/IMG_2493.jpg?resize=470%2C313\" alt=\"IMG_2493\" width=\"470\" height=\"313\" class=\"alignnone size-full wp-image-8738\" srcset=\"https:\/\/i0.wp.com\/blogdalucianaoliveira.com.br\/blog\/wp-content\/uploads\/2017\/02\/IMG_2493.jpg?w=470 470w, https:\/\/i0.wp.com\/blogdalucianaoliveira.com.br\/blog\/wp-content\/uploads\/2017\/02\/IMG_2493.jpg?resize=300%2C200 300w, https:\/\/i0.wp.com\/blogdalucianaoliveira.com.br\/blog\/wp-content\/uploads\/2017\/02\/IMG_2493.jpg?resize=450%2C300 450w\" sizes=\"auto, (max-width: 470px) 100vw, 470px\" \/><\/p>\n<p>E choca o sil\u00eancio da OAB para a bizarra indica\u00e7\u00e3o de Alexandre de Moraes ao Supremo. <\/p>\n<p>O futuro ministro j\u00e1 defendeu a grava\u00e7\u00e3o de conversas entre advogados e presos em penitenci\u00e1rias de seguran\u00e7a m\u00e1xima. <\/p>\n<p>E, mais: se coloca a favor da pris\u00e3o ap\u00f3s condena\u00e7\u00e3o em segunda inst\u00e2ncia. <\/p>\n<p>Se a OAB n\u00e3o tivesse ficado t\u00e3o pequena, gente como Moraes n\u00e3o ficaria t\u00e3o grande. <\/p>\n","protected":false},"excerpt":{"rendered":"<p>E choca o sil\u00eancio da OAB para a bizarra indica\u00e7\u00e3o de Alexandre de Moraes ao Supremo. O futuro ministro j\u00e1 defendeu a grava\u00e7\u00e3o de conversas entre advogados e presos em penitenci\u00e1rias de seguran\u00e7a m\u00e1xima. E, mais: se coloca a favor da pris\u00e3o ap\u00f3s condena\u00e7\u00e3o em segunda inst\u00e2ncia. Se a OAB n\u00e3o tivesse ficado t\u00e3o pequena,&#8230;<a class=\"more-link\" href=\"http:\/\/blogdalucianaoliveira.com.br\/blog\/2017\/02\/22\/ha-silencio-por-toda-a-parte\/\">Continue a leitura <span class=\"meta-nav\">&raquo;<\/span><\/a><\/p>\n","protected":false},"author":1,"featured_media":0,"comment_status":"closed","ping_status":"open","sticky":false,"template":"","format":"standard","meta":{"_exactmetrics_skip_tracking":false,"_exactmetrics_sitenote_active":false,"_exactmetrics_sitenote_note":"","_exactmetrics_sitenote_category":0,"jetpack_post_was_ever_published":false,"_jetpack_newsletter_access":"","_jetpack_dont_email_post_to_subs":false,"_jetpack_newsletter_tier_id":0,"_jetpack_memberships_contains_paywalled_content":false,"_jetpack_memberships_contains_paid_content":false,"footnotes":"","jetpack_publicize_message":"","jetpack_publicize_feature_enabled":true,"jetpack_social_post_already_shared":true,"jetpack_social_options":{"image_generator_settings":{"template":"highway","enabled":false},"version":2}},"categories":[1],"tags":[],"class_list":["post-8737","post","type-post","status-publish","format-standard","hentry","category-notas"],"jetpack_publicize_connections":[],"jetpack_sharing_enabled":true,"jetpack_featured_media_url":"","jetpack_shortlink":"https:\/\/wp.me\/p7wKYW-2gV","jetpack-related-posts":[],"_links":{"self":[{"href":"http:\/\/blogdalucianaoliveira.com.br\/blog\/wp-json\/wp\/v2\/posts\/8737","targetHints":{"allow":["GET"]}}],"collection":[{"href":"http:\/\/blogdalucianaoliveira.com.br\/blog\/wp-json\/wp\/v2\/posts"}],"about":[{"href":"http:\/\/blogdalucianaoliveira.com.br\/blog\/wp-json\/wp\/v2\/types\/post"}],"author":[{"embeddable":true,"href":"http:\/\/blogdalucianaoliveira.com.br\/blog\/wp-json\/wp\/v2\/users\/1"}],"replies":[{"embeddable":true,"href":"http:\/\/blogdalucianaoliveira.com.br\/blog\/wp-json\/wp\/v2\/comments?post=8737"}],"version-history":[{"count":2,"href":"http:\/\/blogdalucianaoliveira.com.br\/blog\/wp-json\/wp\/v2\/posts\/8737\/revisions"}],"predecessor-version":[{"id":8740,"href":"http:\/\/blogdalucianaoliveira.com.br\/blog\/wp-json\/wp\/v2\/posts\/8737\/revisions\/8740"}],"wp:attachment":[{"href":"http:\/\/blogdalucianaoliveira.com.br\/blog\/wp-json\/wp\/v2\/media?parent=8737"}],"wp:term":[{"taxonomy":"category","embeddable":true,"href":"http:\/\/blogdalucianaoliveira.com.br\/blog\/wp-json\/wp\/v2\/categories?post=8737"},{"taxonomy":"post_tag","embeddable":true,"href":"http:\/\/blogdalucianaoliveira.com.br\/blog\/wp-json\/wp\/v2\/tags?post=8737"}],"curies":[{"name":"wp","href":"https:\/\/api.w.org\/{rel}","templated":true}]}}