{"id":8752,"date":"2017-02-22T13:39:30","date_gmt":"2017-02-22T17:39:30","guid":{"rendered":"http:\/\/blogdalucianaoliveira.com.br\/blog\/?p=8752"},"modified":"2017-02-22T13:43:55","modified_gmt":"2017-02-22T17:43:55","slug":"prefeito-e-vereadores-incentivaram-a-homofobia-e-praticaram-improbidade-administrativa","status":"publish","type":"post","link":"http:\/\/blogdalucianaoliveira.com.br\/blog\/2017\/02\/22\/prefeito-e-vereadores-incentivaram-a-homofobia-e-praticaram-improbidade-administrativa\/","title":{"rendered":"Tentaram impedir debate de g\u00eanero e foram processados por duas corajosas mulheres"},"content":{"rendered":"<p><img data-recalc-dims=\"1\" loading=\"lazy\" decoding=\"async\" data-attachment-id=\"8753\" data-permalink=\"http:\/\/blogdalucianaoliveira.com.br\/blog\/2017\/02\/22\/prefeito-e-vereadores-incentivaram-a-homofobia-e-praticaram-improbidade-administrativa\/img_2512\/\" data-orig-file=\"https:\/\/i0.wp.com\/blogdalucianaoliveira.com.br\/blog\/wp-content\/uploads\/2017\/02\/IMG_2512.jpg?fit=500%2C281\" data-orig-size=\"500,281\" data-comments-opened=\"0\" data-image-meta=\"{&quot;aperture&quot;:&quot;0&quot;,&quot;credit&quot;:&quot;&quot;,&quot;camera&quot;:&quot;&quot;,&quot;caption&quot;:&quot;&quot;,&quot;created_timestamp&quot;:&quot;0&quot;,&quot;copyright&quot;:&quot;&quot;,&quot;focal_length&quot;:&quot;0&quot;,&quot;iso&quot;:&quot;0&quot;,&quot;shutter_speed&quot;:&quot;0&quot;,&quot;title&quot;:&quot;&quot;,&quot;orientation&quot;:&quot;0&quot;}\" data-image-title=\"IMG_2512\" data-image-description=\"\" data-image-caption=\"\" data-medium-file=\"https:\/\/i0.wp.com\/blogdalucianaoliveira.com.br\/blog\/wp-content\/uploads\/2017\/02\/IMG_2512.jpg?fit=300%2C169\" data-large-file=\"https:\/\/i0.wp.com\/blogdalucianaoliveira.com.br\/blog\/wp-content\/uploads\/2017\/02\/IMG_2512.jpg?fit=500%2C281\" src=\"https:\/\/i0.wp.com\/blogdalucianaoliveira.com.br\/blog\/wp-content\/uploads\/2017\/02\/IMG_2512.jpg?resize=500%2C281\" alt=\"IMG_2512\" width=\"500\" height=\"281\" class=\"alignnone size-full wp-image-8753\" srcset=\"https:\/\/i0.wp.com\/blogdalucianaoliveira.com.br\/blog\/wp-content\/uploads\/2017\/02\/IMG_2512.jpg?w=500 500w, https:\/\/i0.wp.com\/blogdalucianaoliveira.com.br\/blog\/wp-content\/uploads\/2017\/02\/IMG_2512.jpg?resize=300%2C169 300w\" sizes=\"auto, (max-width: 500px) 100vw, 500px\" \/><\/p>\n<p>Ap\u00f3s tentativa de censura a livros did\u00e1ticos, prefeito e vereadores de Ariquemes s\u00e3o processados<!--more--><\/p>\n<p>O Munic\u00edpio de Ariquemes, o prefeito Thiago Flores e sete vereadores est\u00e3o sendo processados pelo Minist\u00e9rio P\u00fablico Federal (MPF) e Estadual (MP\/RO) em uma a\u00e7\u00e3o civil p\u00fablica. O motivo da a\u00e7\u00e3o foi o recolhimento de livros did\u00e1ticos fornecidos pelo Minist\u00e9rio da Educa\u00e7\u00e3o (MEC), com a inten\u00e7\u00e3o de arrancar ou censurar p\u00e1ginas que mostram diversidade familiar e de g\u00eanero.<\/p>\n<p>Para o Minist\u00e9rio P\u00fablico, os r\u00e9us praticaram improbidade administrativa, ato de censura ilegal e estimularam a homofobia, afrontando os princ\u00edpios constitucionais de constru\u00e7\u00e3o de uma sociedade livre, justa e solid\u00e1ria, sem preconceito e discrimina\u00e7\u00e3o.<\/p>\n<p>Em janeiro deste ano, o novo prefeito de Ariquemes recebeu um requerimento parlamentar para recolhimento dos livros. Segundo o Minist\u00e9rio P\u00fablico, sete vereadores usaram argumentos inver\u00eddicos e homof\u00f3bicos para embasar o pedido e Thiago Flores aproveitou para promover-se pessoalmente e explorar a discuss\u00e3o politicamente, criando para isso uma enquete virtual e popular na Internet.<\/p>\n<p>A enquete n\u00e3o esclarecia nem mostrava os conte\u00fados dos livros, tampouco apontava os motivos sobre a escolha deles pela escola e pelos professores. Os votantes internautas sequer conheciam exatamente o conte\u00fado dos livros. Para o Minist\u00e9rio P\u00fablico, a enquete \u201ctransformou-se em um debate superficial, agressivo, discriminat\u00f3rio e injurioso contra a comunidade LGBTT (L\u00e9sbicas, Gays, Bissexuais, Travestis e Transg\u00eaneros) estimulado pelo pr\u00f3prio poder p\u00fablico\u201d. Com o resultado da enquete, o prefeito determinou o recolhimento dos livros.<\/p>\n<p>O Minist\u00e9rio P\u00fablico analisou os livros e constatou que \u201cem nenhum momento os livros apresentam mat\u00e9ria tendenciosa ou incitadora de sexualidade precoce, homossexualismo ou mesmo apologia \u00e0 homoafetividade, apenas apresenta diversidade familiar, demonstrando as diferentes formas de constitui\u00e7\u00e3o das fam\u00edlias e ressaltando sua import\u00e2ncia para a forma\u00e7\u00e3o dos indiv\u00edduos\u201d.<\/p>\n<p>Antes de ingressarem com a a\u00e7\u00e3o civil p\u00fablica, MPF e MP\/RO tentaram resolver a quest\u00e3o de forma extrajudicial, inclusive foi expedida uma recomenda\u00e7\u00e3o pela Promotoria de defesa dos direitos humanos. O objetivo do Minist\u00e9rio P\u00fablico \u00e9 impedir qualquer censura das p\u00e1ginas dos livros, ainda que indireta ou por interm\u00e9dio dos pais.<\/p>\n<p>Pedidos \u2013 Na a\u00e7\u00e3o, o Minist\u00e9rio P\u00fablico pede que a Justi\u00e7a determine a distribui\u00e7\u00e3o imediata dos livros com todas as p\u00e1ginas originais, com entrega aos alunos, como ocorre em todos os anos. Outro pedido \u00e9 para que o Munic\u00edpio de Ariquemes retire imediatamente publica\u00e7\u00f5es sobre o tema dos livros did\u00e1ticos de suas p\u00e1ginas de redes sociais.<\/p>\n<p>Al\u00e9m do prefeito Thiago Flores, s\u00e3o r\u00e9us na a\u00e7\u00e3o os vereadores Amalec da Costa, Pedro Bas\u00edlio de Souza J\u00fanior, Joel Martins de Oliveira, Carla Gon\u00e7alves Redano, Vanilton Sebasti\u00e3o Nunes da Cruz, Loureci Vieira do Ara\u00fajo e Natanael Emerson Pereira da Lima.<\/p>\n<p>Todos v\u00e3o ser julgados e podem ser condenados \u00e0s penalidades da Lei de Improbidade Administrativa, que inclui a perda do cargo. Eles tamb\u00e9m podem ser condenados a pagar indeniza\u00e7\u00e3o por danos morais sofridos pelo Munic\u00edpio de Ariquemes, pela Uni\u00e3o e pela pr\u00f3pria sociedade. O valor m\u00ednimo pedido de indeniza\u00e7\u00e3o \u00e9 de R$ 2 milh\u00f5es por terem causado preju\u00edzos aos alunos e tamb\u00e9m \u00e0 comunidade LGBTT.<\/p>\n<p>Os autores da a\u00e7\u00e3o s\u00e3o as promotoras de Justi\u00e7a Joice Gushy Mota Azevedo e Priscila Matzenbacher Tibes e os procuradores da Rep\u00fablica Reginaldo Trindade e Raphael Bevilaqua. A consulta processual na Justi\u00e7a Federal pode ser feita pelo n\u00famero 1513-61.2017.4.01.4100.<\/p>\n<p>Fonte: MPF <\/p>\n","protected":false},"excerpt":{"rendered":"<p>Ap\u00f3s tentativa de censura a livros did\u00e1ticos, prefeito e vereadores de Ariquemes s\u00e3o processados<\/p>\n","protected":false},"author":1,"featured_media":0,"comment_status":"closed","ping_status":"open","sticky":false,"template":"","format":"standard","meta":{"_exactmetrics_skip_tracking":false,"_exactmetrics_sitenote_active":false,"_exactmetrics_sitenote_note":"","_exactmetrics_sitenote_category":0,"jetpack_post_was_ever_published":false,"_jetpack_newsletter_access":"","_jetpack_dont_email_post_to_subs":false,"_jetpack_newsletter_tier_id":0,"_jetpack_memberships_contains_paywalled_content":false,"_jetpack_memberships_contains_paid_content":false,"footnotes":"","jetpack_publicize_message":"","jetpack_publicize_feature_enabled":true,"jetpack_social_post_already_shared":true,"jetpack_social_options":{"image_generator_settings":{"template":"highway","enabled":false},"version":2}},"categories":[1],"tags":[],"class_list":["post-8752","post","type-post","status-publish","format-standard","hentry","category-notas"],"jetpack_publicize_connections":[],"jetpack_sharing_enabled":true,"jetpack_featured_media_url":"","jetpack_shortlink":"https:\/\/wp.me\/p7wKYW-2ha","jetpack-related-posts":[],"_links":{"self":[{"href":"http:\/\/blogdalucianaoliveira.com.br\/blog\/wp-json\/wp\/v2\/posts\/8752","targetHints":{"allow":["GET"]}}],"collection":[{"href":"http:\/\/blogdalucianaoliveira.com.br\/blog\/wp-json\/wp\/v2\/posts"}],"about":[{"href":"http:\/\/blogdalucianaoliveira.com.br\/blog\/wp-json\/wp\/v2\/types\/post"}],"author":[{"embeddable":true,"href":"http:\/\/blogdalucianaoliveira.com.br\/blog\/wp-json\/wp\/v2\/users\/1"}],"replies":[{"embeddable":true,"href":"http:\/\/blogdalucianaoliveira.com.br\/blog\/wp-json\/wp\/v2\/comments?post=8752"}],"version-history":[{"count":2,"href":"http:\/\/blogdalucianaoliveira.com.br\/blog\/wp-json\/wp\/v2\/posts\/8752\/revisions"}],"predecessor-version":[{"id":8755,"href":"http:\/\/blogdalucianaoliveira.com.br\/blog\/wp-json\/wp\/v2\/posts\/8752\/revisions\/8755"}],"wp:attachment":[{"href":"http:\/\/blogdalucianaoliveira.com.br\/blog\/wp-json\/wp\/v2\/media?parent=8752"}],"wp:term":[{"taxonomy":"category","embeddable":true,"href":"http:\/\/blogdalucianaoliveira.com.br\/blog\/wp-json\/wp\/v2\/categories?post=8752"},{"taxonomy":"post_tag","embeddable":true,"href":"http:\/\/blogdalucianaoliveira.com.br\/blog\/wp-json\/wp\/v2\/tags?post=8752"}],"curies":[{"name":"wp","href":"https:\/\/api.w.org\/{rel}","templated":true}]}}