{"id":8758,"date":"2017-02-22T16:53:05","date_gmt":"2017-02-22T20:53:05","guid":{"rendered":"http:\/\/blogdalucianaoliveira.com.br\/blog\/?p=8758"},"modified":"2017-02-22T16:53:05","modified_gmt":"2017-02-22T20:53:05","slug":"para-historiador-carnaval-e-festa-politizada-e-cada-bloco-deve-cantar-o-que-quiser","status":"publish","type":"post","link":"http:\/\/blogdalucianaoliveira.com.br\/blog\/2017\/02\/22\/para-historiador-carnaval-e-festa-politizada-e-cada-bloco-deve-cantar-o-que-quiser\/","title":{"rendered":"Para historiador, carnaval \u00e9 \u2018festa politizada\u2019 e cada bloco \u2018deve cantar o que quiser\u2019"},"content":{"rendered":"<p><img data-recalc-dims=\"1\" loading=\"lazy\" decoding=\"async\" data-attachment-id=\"8759\" data-permalink=\"http:\/\/blogdalucianaoliveira.com.br\/blog\/2017\/02\/22\/para-historiador-carnaval-e-festa-politizada-e-cada-bloco-deve-cantar-o-que-quiser\/img_2429\/\" data-orig-file=\"https:\/\/i0.wp.com\/blogdalucianaoliveira.com.br\/blog\/wp-content\/uploads\/2017\/02\/IMG_2429.jpg?fit=1000%2C894\" data-orig-size=\"1000,894\" data-comments-opened=\"0\" data-image-meta=\"{&quot;aperture&quot;:&quot;0&quot;,&quot;credit&quot;:&quot;&quot;,&quot;camera&quot;:&quot;&quot;,&quot;caption&quot;:&quot;&quot;,&quot;created_timestamp&quot;:&quot;0&quot;,&quot;copyright&quot;:&quot;&quot;,&quot;focal_length&quot;:&quot;0&quot;,&quot;iso&quot;:&quot;0&quot;,&quot;shutter_speed&quot;:&quot;0&quot;,&quot;title&quot;:&quot;&quot;,&quot;orientation&quot;:&quot;1&quot;}\" data-image-title=\"IMG_2429\" data-image-description=\"\" data-image-caption=\"\" data-medium-file=\"https:\/\/i0.wp.com\/blogdalucianaoliveira.com.br\/blog\/wp-content\/uploads\/2017\/02\/IMG_2429.jpg?fit=300%2C268\" data-large-file=\"https:\/\/i0.wp.com\/blogdalucianaoliveira.com.br\/blog\/wp-content\/uploads\/2017\/02\/IMG_2429.jpg?fit=600%2C536\" src=\"https:\/\/i0.wp.com\/blogdalucianaoliveira.com.br\/blog\/wp-content\/uploads\/2017\/02\/IMG_2429.jpg?resize=600%2C536\" alt=\"IMG_2429\" width=\"600\" height=\"536\" class=\"alignnone size-full wp-image-8759\" srcset=\"https:\/\/i0.wp.com\/blogdalucianaoliveira.com.br\/blog\/wp-content\/uploads\/2017\/02\/IMG_2429.jpg?w=1000 1000w, https:\/\/i0.wp.com\/blogdalucianaoliveira.com.br\/blog\/wp-content\/uploads\/2017\/02\/IMG_2429.jpg?resize=300%2C268 300w, https:\/\/i0.wp.com\/blogdalucianaoliveira.com.br\/blog\/wp-content\/uploads\/2017\/02\/IMG_2429.jpg?resize=768%2C687 768w, https:\/\/i0.wp.com\/blogdalucianaoliveira.com.br\/blog\/wp-content\/uploads\/2017\/02\/IMG_2429.jpg?resize=336%2C300 336w\" sizes=\"auto, (max-width: 600px) 100vw, 600px\" \/><\/p>\n<p>Carnaval n\u00e3o \u00e9 s\u00f3 divers\u00e3o e bagun\u00e7a. \u00c9 hist\u00f3ria, \u00e9 pol\u00edtica e, acima de tudo, resist\u00eancia. <!--more--><\/p>\n<p>\u00c9 assim que o historiador carioca Luiz Antonio Simas, trata o assunto, com uma intimidade que lhe valeu fama de especialista em folia. <\/p>\n<p>\u201cEstudo o carnaval porque me interesso pela hist\u00f3ria do Rio de Janeiro e acho que entrudos, corsos, batalhas de confetes, festa da Penha, rodas de capoeira, cord\u00f5es, bailes de mascarados, escolas de samba e caciques de Ramos, suvacos e simpatias, cl\u00f3vis e bate-bolas, d\u00e3o pistas para se entender como as tens\u00f5es sociais \u2013 disfar\u00e7adas ou exacerbadas em festas \u2013 bordam as hist\u00f3rias da cidade plural\u201d, justifica.<\/p>\n<p>Simas ganhou o Pr\u00eamio Jabuti com O Dicion\u00e1rio da Hist\u00f3ria Social do Samba<\/p>\n","protected":false},"excerpt":{"rendered":"<p>Carnaval n\u00e3o \u00e9 s\u00f3 divers\u00e3o e bagun\u00e7a. \u00c9 hist\u00f3ria, \u00e9 pol\u00edtica e, acima de tudo, resist\u00eancia.<\/p>\n","protected":false},"author":1,"featured_media":0,"comment_status":"closed","ping_status":"open","sticky":false,"template":"","format":"standard","meta":{"_exactmetrics_skip_tracking":false,"_exactmetrics_sitenote_active":false,"_exactmetrics_sitenote_note":"","_exactmetrics_sitenote_category":0,"jetpack_post_was_ever_published":false,"_jetpack_newsletter_access":"","_jetpack_dont_email_post_to_subs":false,"_jetpack_newsletter_tier_id":0,"_jetpack_memberships_contains_paywalled_content":false,"_jetpack_memberships_contains_paid_content":false,"footnotes":"","jetpack_publicize_message":"","jetpack_publicize_feature_enabled":true,"jetpack_social_post_already_shared":true,"jetpack_social_options":{"image_generator_settings":{"template":"highway","enabled":false},"version":2}},"categories":[1],"tags":[],"class_list":["post-8758","post","type-post","status-publish","format-standard","hentry","category-notas"],"jetpack_publicize_connections":[],"jetpack_sharing_enabled":true,"jetpack_featured_media_url":"","jetpack_shortlink":"https:\/\/wp.me\/p7wKYW-2hg","jetpack-related-posts":[],"_links":{"self":[{"href":"http:\/\/blogdalucianaoliveira.com.br\/blog\/wp-json\/wp\/v2\/posts\/8758","targetHints":{"allow":["GET"]}}],"collection":[{"href":"http:\/\/blogdalucianaoliveira.com.br\/blog\/wp-json\/wp\/v2\/posts"}],"about":[{"href":"http:\/\/blogdalucianaoliveira.com.br\/blog\/wp-json\/wp\/v2\/types\/post"}],"author":[{"embeddable":true,"href":"http:\/\/blogdalucianaoliveira.com.br\/blog\/wp-json\/wp\/v2\/users\/1"}],"replies":[{"embeddable":true,"href":"http:\/\/blogdalucianaoliveira.com.br\/blog\/wp-json\/wp\/v2\/comments?post=8758"}],"version-history":[{"count":1,"href":"http:\/\/blogdalucianaoliveira.com.br\/blog\/wp-json\/wp\/v2\/posts\/8758\/revisions"}],"predecessor-version":[{"id":8760,"href":"http:\/\/blogdalucianaoliveira.com.br\/blog\/wp-json\/wp\/v2\/posts\/8758\/revisions\/8760"}],"wp:attachment":[{"href":"http:\/\/blogdalucianaoliveira.com.br\/blog\/wp-json\/wp\/v2\/media?parent=8758"}],"wp:term":[{"taxonomy":"category","embeddable":true,"href":"http:\/\/blogdalucianaoliveira.com.br\/blog\/wp-json\/wp\/v2\/categories?post=8758"},{"taxonomy":"post_tag","embeddable":true,"href":"http:\/\/blogdalucianaoliveira.com.br\/blog\/wp-json\/wp\/v2\/tags?post=8758"}],"curies":[{"name":"wp","href":"https:\/\/api.w.org\/{rel}","templated":true}]}}