{"id":8761,"date":"2017-02-23T10:46:24","date_gmt":"2017-02-23T14:46:24","guid":{"rendered":"http:\/\/blogdalucianaoliveira.com.br\/blog\/?p=8761"},"modified":"2017-02-23T10:54:52","modified_gmt":"2017-02-23T14:54:52","slug":"prefeito-e-vereadores-que-censuraram-livros-sao-processados-e-podem-perder-os-cargos","status":"publish","type":"post","link":"http:\/\/blogdalucianaoliveira.com.br\/blog\/2017\/02\/23\/prefeito-e-vereadores-que-censuraram-livros-sao-processados-e-podem-perder-os-cargos\/","title":{"rendered":"Prefeito e vereadores que censuraram livros s\u00e3o processados e podem perder os cargos"},"content":{"rendered":"<p><img data-recalc-dims=\"1\" loading=\"lazy\" decoding=\"async\" data-attachment-id=\"8762\" data-permalink=\"http:\/\/blogdalucianaoliveira.com.br\/blog\/2017\/02\/23\/prefeito-e-vereadores-que-censuraram-livros-sao-processados-e-podem-perder-os-cargos\/mp\/\" data-orig-file=\"https:\/\/i0.wp.com\/blogdalucianaoliveira.com.br\/blog\/wp-content\/uploads\/2017\/02\/mp.jpg?fit=620%2C465\" data-orig-size=\"620,465\" data-comments-opened=\"0\" data-image-meta=\"{&quot;aperture&quot;:&quot;0&quot;,&quot;credit&quot;:&quot;&quot;,&quot;camera&quot;:&quot;&quot;,&quot;caption&quot;:&quot;&quot;,&quot;created_timestamp&quot;:&quot;0&quot;,&quot;copyright&quot;:&quot;&quot;,&quot;focal_length&quot;:&quot;0&quot;,&quot;iso&quot;:&quot;0&quot;,&quot;shutter_speed&quot;:&quot;0&quot;,&quot;title&quot;:&quot;&quot;,&quot;orientation&quot;:&quot;0&quot;}\" data-image-title=\"mp\" data-image-description=\"\" data-image-caption=\"\" data-medium-file=\"https:\/\/i0.wp.com\/blogdalucianaoliveira.com.br\/blog\/wp-content\/uploads\/2017\/02\/mp.jpg?fit=300%2C225\" data-large-file=\"https:\/\/i0.wp.com\/blogdalucianaoliveira.com.br\/blog\/wp-content\/uploads\/2017\/02\/mp.jpg?fit=600%2C450\" src=\"https:\/\/i0.wp.com\/blogdalucianaoliveira.com.br\/blog\/wp-content\/uploads\/2017\/02\/mp.jpg?resize=600%2C450\" alt=\"mp\" width=\"600\" height=\"450\" class=\"alignnone size-full wp-image-8762\" srcset=\"https:\/\/i0.wp.com\/blogdalucianaoliveira.com.br\/blog\/wp-content\/uploads\/2017\/02\/mp.jpg?w=620 620w, https:\/\/i0.wp.com\/blogdalucianaoliveira.com.br\/blog\/wp-content\/uploads\/2017\/02\/mp.jpg?resize=300%2C225 300w, https:\/\/i0.wp.com\/blogdalucianaoliveira.com.br\/blog\/wp-content\/uploads\/2017\/02\/mp.jpg?resize=400%2C300 400w\" sizes=\"auto, (max-width: 600px) 100vw, 600px\" \/><\/p>\n<p>O caso bizarro aconteceu em Ariquemes, munic\u00edpio de Rond\u00f4nia, distante cerca de 200 quil\u00f4metros da Capital. Como primeiro ato executivo, o prefeito Thiago Flores recebeu e encaminhou \u00e0 C\u00e2mara de Vereadores, que aprovou, requerimento para suprimir p\u00e1ginas de livros did\u00e1ticos com quest\u00f5es sobre diversidade familiar.<!--more--><\/p>\n<p>A atitude medieval gerou pol\u00eamica, foi repercutida pelo Brasil 247 e provocou um debate nacional.<\/p>\n<p>O deputado federal Jean Wyllys (PSOL-RJ) publicou, na p\u00e1gina oficial do Facebook, um texto de rep\u00fadio contra a censura imposta pelo prefeito e vereadores.<\/p>\n<p>Desde agosto de 2016 escolas municipais n\u00e3o utilizam os livros enviados pelo Minist\u00e9rio da Educa\u00e7\u00e3o.<\/p>\n<p>Para o Minist\u00e9rio P\u00fablico, \u201cos r\u00e9us praticaram improbidade administrativa, ato de censura ilegal e estimularam a homofobia, afrontando os princ\u00edpios constitucionais de constru\u00e7\u00e3o de uma sociedade livre, justa e solid\u00e1ria, sem preconceito e discrimina\u00e7\u00e3o.\u201d<\/p>\n<p>O prefeito recusou a proposta de Termo de Ajustamento de Conduta (TAC) para garantir o uso dos livros did\u00e1ticos sem que uma comiss\u00e3o de vereadores decidisse quais p\u00e1ginas seriam rasgadas dos livros.<br \/>\nSem boa vontade, restou ao MPF e MP\/RO processar o prefeito e sete vereadores que \u201cusaram argumentos inver\u00eddicos e homof\u00f3bicos\u201d para embasar a censura.<\/p>\n<p>Na A\u00e7\u00e3o, consta que Thiago Flores \u201caproveitou para promover-se pessoalmente e explorar a discuss\u00e3o politicamente, criando para isso uma enquete virtual e popular na Internet.<\/p>\n<p>A enquete n\u00e3o esclarecia nem mostrava os conte\u00fados dos livros, tampouco apontava os motivos sobre a escolha deles pela escola e pelos professores. Os votantes internautas sequer conheciam exatamente o conte\u00fado dos livros.\u201d<\/p>\n<p>O Minist\u00e9rio P\u00fablico, destaca que a enquete \u201ctransformou-se em um debate superficial, agressivo, discriminat\u00f3rio e injurioso contra a comunidade LGBTT (L\u00e9sbicas, Gays, Bissexuais, Travestis e Transg\u00eaneros) estimulado pelo pr\u00f3prio poder p\u00fablico\u201d. <\/p>\n<p><img data-recalc-dims=\"1\" loading=\"lazy\" decoding=\"async\" data-attachment-id=\"8766\" data-permalink=\"http:\/\/blogdalucianaoliveira.com.br\/blog\/2017\/02\/23\/prefeito-e-vereadores-que-censuraram-livros-sao-processados-e-podem-perder-os-cargos\/livrosss\/\" data-orig-file=\"https:\/\/i0.wp.com\/blogdalucianaoliveira.com.br\/blog\/wp-content\/uploads\/2017\/02\/livrosss.jpg?fit=620%2C465\" data-orig-size=\"620,465\" data-comments-opened=\"0\" data-image-meta=\"{&quot;aperture&quot;:&quot;0&quot;,&quot;credit&quot;:&quot;&quot;,&quot;camera&quot;:&quot;&quot;,&quot;caption&quot;:&quot;&quot;,&quot;created_timestamp&quot;:&quot;0&quot;,&quot;copyright&quot;:&quot;&quot;,&quot;focal_length&quot;:&quot;0&quot;,&quot;iso&quot;:&quot;0&quot;,&quot;shutter_speed&quot;:&quot;0&quot;,&quot;title&quot;:&quot;&quot;,&quot;orientation&quot;:&quot;0&quot;}\" data-image-title=\"livrosss\" data-image-description=\"\" data-image-caption=\"\" data-medium-file=\"https:\/\/i0.wp.com\/blogdalucianaoliveira.com.br\/blog\/wp-content\/uploads\/2017\/02\/livrosss.jpg?fit=300%2C225\" data-large-file=\"https:\/\/i0.wp.com\/blogdalucianaoliveira.com.br\/blog\/wp-content\/uploads\/2017\/02\/livrosss.jpg?fit=600%2C450\" src=\"https:\/\/i0.wp.com\/blogdalucianaoliveira.com.br\/blog\/wp-content\/uploads\/2017\/02\/livrosss.jpg?resize=600%2C450\" alt=\"livrosss\" width=\"600\" height=\"450\" class=\"alignnone size-full wp-image-8766\" srcset=\"https:\/\/i0.wp.com\/blogdalucianaoliveira.com.br\/blog\/wp-content\/uploads\/2017\/02\/livrosss.jpg?w=620 620w, https:\/\/i0.wp.com\/blogdalucianaoliveira.com.br\/blog\/wp-content\/uploads\/2017\/02\/livrosss.jpg?resize=300%2C225 300w, https:\/\/i0.wp.com\/blogdalucianaoliveira.com.br\/blog\/wp-content\/uploads\/2017\/02\/livrosss.jpg?resize=400%2C300 400w\" sizes=\"auto, (max-width: 600px) 100vw, 600px\" \/><\/p>\n<p>S\u00e3o r\u00e9us na a\u00e7\u00e3o, o prefeito e os vereadores Amalec da Costa, Pedro Bas\u00edlio de Souza J\u00fanior, Joel Martins de Oliveira, Carla Gon\u00e7alves Redano, Vanilton Sebasti\u00e3o Nunes da Cruz, Loureci Vieira do Ara\u00fajo e Natanael Emerson Pereira da Lima.<\/p>\n<p>Se condenados, podem perder o cargo e pagar indeniza\u00e7\u00e3o de R$ 2 milh\u00f5es por danos morais sofridos pelo Munic\u00edpio, pela Uni\u00e3o e pela pr\u00f3pria sociedade \u201cpor terem causado preju\u00edzos aos alunos e tamb\u00e9m \u00e0 comunidade LGBTT.\u201d<\/p>\n<p>A insana atitude de censura virou tema de marchinha do bloco Pirarucu do Madeira, um dos primeiros a desfilar no carnaval de Porto Velho.<\/p>\n<p>Considerado o bloco mais democr\u00e1tico por n\u00e3o comercializar abad\u00e1s e reunir foli\u00f5es de todas as idades e correntes ideol\u00f3gicas, o Pirarucu conquistou apoio ao protesto.<\/p>\n<p>Em meia hora, o p\u00fablico j\u00e1 havia decorado a marchinha do advogado Ant\u00f4nio Tavernard.<\/p>\n<div class=\"fb-post\" data-href=\"https:\/\/www.facebook.com\/luciana.oliveira.75457\/posts\/1316634385079128\" data-width=\"552\"><\/div>\n","protected":false},"excerpt":{"rendered":"<p>O caso bizarro aconteceu em Ariquemes, munic\u00edpio de Rond\u00f4nia, distante cerca de 200 quil\u00f4metros da Capital. Como primeiro ato executivo, o prefeito Thiago Flores recebeu e encaminhou \u00e0 C\u00e2mara de Vereadores, que aprovou, requerimento para suprimir p\u00e1ginas de livros did\u00e1ticos com quest\u00f5es sobre diversidade familiar.<\/p>\n","protected":false},"author":1,"featured_media":0,"comment_status":"closed","ping_status":"open","sticky":false,"template":"","format":"standard","meta":{"_exactmetrics_skip_tracking":false,"_exactmetrics_sitenote_active":false,"_exactmetrics_sitenote_note":"","_exactmetrics_sitenote_category":0,"jetpack_post_was_ever_published":false,"_jetpack_newsletter_access":"","_jetpack_dont_email_post_to_subs":false,"_jetpack_newsletter_tier_id":0,"_jetpack_memberships_contains_paywalled_content":false,"_jetpack_memberships_contains_paid_content":false,"footnotes":"","jetpack_publicize_message":"","jetpack_publicize_feature_enabled":true,"jetpack_social_post_already_shared":true,"jetpack_social_options":{"image_generator_settings":{"template":"highway","enabled":false},"version":2}},"categories":[1],"tags":[],"class_list":["post-8761","post","type-post","status-publish","format-standard","hentry","category-notas"],"jetpack_publicize_connections":[],"jetpack_sharing_enabled":true,"jetpack_featured_media_url":"","jetpack_shortlink":"https:\/\/wp.me\/p7wKYW-2hj","jetpack-related-posts":[],"_links":{"self":[{"href":"http:\/\/blogdalucianaoliveira.com.br\/blog\/wp-json\/wp\/v2\/posts\/8761","targetHints":{"allow":["GET"]}}],"collection":[{"href":"http:\/\/blogdalucianaoliveira.com.br\/blog\/wp-json\/wp\/v2\/posts"}],"about":[{"href":"http:\/\/blogdalucianaoliveira.com.br\/blog\/wp-json\/wp\/v2\/types\/post"}],"author":[{"embeddable":true,"href":"http:\/\/blogdalucianaoliveira.com.br\/blog\/wp-json\/wp\/v2\/users\/1"}],"replies":[{"embeddable":true,"href":"http:\/\/blogdalucianaoliveira.com.br\/blog\/wp-json\/wp\/v2\/comments?post=8761"}],"version-history":[{"count":4,"href":"http:\/\/blogdalucianaoliveira.com.br\/blog\/wp-json\/wp\/v2\/posts\/8761\/revisions"}],"predecessor-version":[{"id":8767,"href":"http:\/\/blogdalucianaoliveira.com.br\/blog\/wp-json\/wp\/v2\/posts\/8761\/revisions\/8767"}],"wp:attachment":[{"href":"http:\/\/blogdalucianaoliveira.com.br\/blog\/wp-json\/wp\/v2\/media?parent=8761"}],"wp:term":[{"taxonomy":"category","embeddable":true,"href":"http:\/\/blogdalucianaoliveira.com.br\/blog\/wp-json\/wp\/v2\/categories?post=8761"},{"taxonomy":"post_tag","embeddable":true,"href":"http:\/\/blogdalucianaoliveira.com.br\/blog\/wp-json\/wp\/v2\/tags?post=8761"}],"curies":[{"name":"wp","href":"https:\/\/api.w.org\/{rel}","templated":true}]}}