{"id":8768,"date":"2017-02-23T11:29:07","date_gmt":"2017-02-23T15:29:07","guid":{"rendered":"http:\/\/blogdalucianaoliveira.com.br\/blog\/?p=8768"},"modified":"2017-02-23T11:30:47","modified_gmt":"2017-02-23T15:30:47","slug":"triste-do-homem-que-faz-da-boca-um-excretor","status":"publish","type":"post","link":"http:\/\/blogdalucianaoliveira.com.br\/blog\/2017\/02\/23\/triste-do-homem-que-faz-da-boca-um-excretor\/","title":{"rendered":"Triste do homem que faz da boca um excretor"},"content":{"rendered":"<p><img data-recalc-dims=\"1\" loading=\"lazy\" decoding=\"async\" data-attachment-id=\"8770\" data-permalink=\"http:\/\/blogdalucianaoliveira.com.br\/blog\/2017\/02\/23\/triste-do-homem-que-faz-da-boca-um-excretor\/levy\/\" data-orig-file=\"https:\/\/i0.wp.com\/blogdalucianaoliveira.com.br\/blog\/wp-content\/uploads\/2017\/02\/levy.jpg?fit=800%2C445\" data-orig-size=\"800,445\" data-comments-opened=\"0\" data-image-meta=\"{&quot;aperture&quot;:&quot;0&quot;,&quot;credit&quot;:&quot;&quot;,&quot;camera&quot;:&quot;&quot;,&quot;caption&quot;:&quot;&quot;,&quot;created_timestamp&quot;:&quot;0&quot;,&quot;copyright&quot;:&quot;&quot;,&quot;focal_length&quot;:&quot;0&quot;,&quot;iso&quot;:&quot;0&quot;,&quot;shutter_speed&quot;:&quot;0&quot;,&quot;title&quot;:&quot;&quot;,&quot;orientation&quot;:&quot;0&quot;}\" data-image-title=\"levy\" data-image-description=\"\" data-image-caption=\"\" data-medium-file=\"https:\/\/i0.wp.com\/blogdalucianaoliveira.com.br\/blog\/wp-content\/uploads\/2017\/02\/levy.jpg?fit=300%2C167\" data-large-file=\"https:\/\/i0.wp.com\/blogdalucianaoliveira.com.br\/blog\/wp-content\/uploads\/2017\/02\/levy.jpg?fit=600%2C334\" src=\"https:\/\/i0.wp.com\/blogdalucianaoliveira.com.br\/blog\/wp-content\/uploads\/2017\/02\/levy.jpg?resize=600%2C334\" alt=\"levy\" width=\"600\" height=\"334\" class=\"alignnone size-full wp-image-8770\" srcset=\"https:\/\/i0.wp.com\/blogdalucianaoliveira.com.br\/blog\/wp-content\/uploads\/2017\/02\/levy.jpg?w=800 800w, https:\/\/i0.wp.com\/blogdalucianaoliveira.com.br\/blog\/wp-content\/uploads\/2017\/02\/levy.jpg?resize=300%2C167 300w, https:\/\/i0.wp.com\/blogdalucianaoliveira.com.br\/blog\/wp-content\/uploads\/2017\/02\/levy.jpg?resize=768%2C427 768w, https:\/\/i0.wp.com\/blogdalucianaoliveira.com.br\/blog\/wp-content\/uploads\/2017\/02\/levy.jpg?resize=539%2C300 539w\" sizes=\"auto, (max-width: 600px) 100vw, 600px\" \/><\/p>\n<p>Levy Fidelix \u00e9 multado por preconceito a homossexuais em debate da elei\u00e7\u00e3o de 2014<!--more--><\/p>\n<p>A Secretaria da Justi\u00e7a e da Defesa da Cidadania de SP manteve a condena\u00e7\u00e3o aplicada a Levy Fidelix (PRTB) pela Comiss\u00e3o Especial de Discrimina\u00e7\u00e3o Homof\u00f3bica. Ele ter\u00e1 que pagar multa de R$ 25.700, segundo a decis\u00e3o assinada pelo titular da pasta, M\u00e1rcio Elias Rosa. Em 2014, quando concorria \u00e0 Presid\u00eancia, o pol\u00edtico disse na TV que \u201caparelho excretor n\u00e3o reproduz\u201d.<!--more--><\/p>\n<p>Fidelix teve negado o recurso que apresentou \u00e0 comiss\u00e3o. Ap\u00f3s a notifica\u00e7\u00e3o, come\u00e7a a contar o prazo de 15 dias para o pagamento. O pol\u00edtico tamb\u00e9m responde a processo judicial sobre o epis\u00f3dio. Neste m\u00eas, a Justi\u00e7a paulista acatou argumentos da defesa dele e suspendeu a decis\u00e3o que o obrigava a pagar R$ 1 milh\u00e3o de indeniza\u00e7\u00e3o por danos morais pelas afirma\u00e7\u00f5es.<\/p>\n<p>M\u00f4nica Bergamo \u2013 Folha de S\u00e3o Paulo<\/p>\n","protected":false},"excerpt":{"rendered":"<p>Levy Fidelix \u00e9 multado por preconceito a homossexuais em debate da elei\u00e7\u00e3o de 2014<\/p>\n","protected":false},"author":1,"featured_media":0,"comment_status":"closed","ping_status":"open","sticky":false,"template":"","format":"standard","meta":{"_exactmetrics_skip_tracking":false,"_exactmetrics_sitenote_active":false,"_exactmetrics_sitenote_note":"","_exactmetrics_sitenote_category":0,"jetpack_post_was_ever_published":false,"_jetpack_newsletter_access":"","_jetpack_dont_email_post_to_subs":false,"_jetpack_newsletter_tier_id":0,"_jetpack_memberships_contains_paywalled_content":false,"_jetpack_memberships_contains_paid_content":false,"footnotes":"","jetpack_publicize_message":"","jetpack_publicize_feature_enabled":true,"jetpack_social_post_already_shared":true,"jetpack_social_options":{"image_generator_settings":{"template":"highway","enabled":false},"version":2}},"categories":[1],"tags":[],"class_list":["post-8768","post","type-post","status-publish","format-standard","hentry","category-notas"],"jetpack_publicize_connections":[],"jetpack_sharing_enabled":true,"jetpack_featured_media_url":"","jetpack_shortlink":"https:\/\/wp.me\/p7wKYW-2hq","jetpack-related-posts":[],"_links":{"self":[{"href":"http:\/\/blogdalucianaoliveira.com.br\/blog\/wp-json\/wp\/v2\/posts\/8768","targetHints":{"allow":["GET"]}}],"collection":[{"href":"http:\/\/blogdalucianaoliveira.com.br\/blog\/wp-json\/wp\/v2\/posts"}],"about":[{"href":"http:\/\/blogdalucianaoliveira.com.br\/blog\/wp-json\/wp\/v2\/types\/post"}],"author":[{"embeddable":true,"href":"http:\/\/blogdalucianaoliveira.com.br\/blog\/wp-json\/wp\/v2\/users\/1"}],"replies":[{"embeddable":true,"href":"http:\/\/blogdalucianaoliveira.com.br\/blog\/wp-json\/wp\/v2\/comments?post=8768"}],"version-history":[{"count":2,"href":"http:\/\/blogdalucianaoliveira.com.br\/blog\/wp-json\/wp\/v2\/posts\/8768\/revisions"}],"predecessor-version":[{"id":8771,"href":"http:\/\/blogdalucianaoliveira.com.br\/blog\/wp-json\/wp\/v2\/posts\/8768\/revisions\/8771"}],"wp:attachment":[{"href":"http:\/\/blogdalucianaoliveira.com.br\/blog\/wp-json\/wp\/v2\/media?parent=8768"}],"wp:term":[{"taxonomy":"category","embeddable":true,"href":"http:\/\/blogdalucianaoliveira.com.br\/blog\/wp-json\/wp\/v2\/categories?post=8768"},{"taxonomy":"post_tag","embeddable":true,"href":"http:\/\/blogdalucianaoliveira.com.br\/blog\/wp-json\/wp\/v2\/tags?post=8768"}],"curies":[{"name":"wp","href":"https:\/\/api.w.org\/{rel}","templated":true}]}}