{"id":877,"date":"2016-05-15T17:48:48","date_gmt":"2016-05-15T21:48:48","guid":{"rendered":"http:\/\/blogdalucianaoliveira.com.br\/blog\/?p=877"},"modified":"2016-05-15T17:51:10","modified_gmt":"2016-05-15T21:51:10","slug":"mariana-carvalho-elogia-ministro-condenado-por-roubar-dinheiro-da-merenda-em-alagoas","status":"publish","type":"post","link":"http:\/\/blogdalucianaoliveira.com.br\/blog\/2016\/05\/15\/mariana-carvalho-elogia-ministro-condenado-por-roubar-dinheiro-da-merenda-em-alagoas\/","title":{"rendered":"Mariana Carvalho elogia ministro condenado por roubar dinheiro da merenda em Alagoas"},"content":{"rendered":"<p><img data-recalc-dims=\"1\" loading=\"lazy\" decoding=\"async\" data-attachment-id=\"878\" data-permalink=\"http:\/\/blogdalucianaoliveira.com.br\/blog\/2016\/05\/15\/mariana-carvalho-elogia-ministro-condenado-por-roubar-dinheiro-da-merenda-em-alagoas\/image-188\/\" data-orig-file=\"https:\/\/i0.wp.com\/blogdalucianaoliveira.com.br\/blog\/wp-content\/uploads\/2016\/05\/image-163.jpeg?fit=750%2C1021\" data-orig-size=\"750,1021\" data-comments-opened=\"0\" data-image-meta=\"{&quot;aperture&quot;:&quot;0&quot;,&quot;credit&quot;:&quot;&quot;,&quot;camera&quot;:&quot;&quot;,&quot;caption&quot;:&quot;&quot;,&quot;created_timestamp&quot;:&quot;0&quot;,&quot;copyright&quot;:&quot;&quot;,&quot;focal_length&quot;:&quot;0&quot;,&quot;iso&quot;:&quot;0&quot;,&quot;shutter_speed&quot;:&quot;0&quot;,&quot;title&quot;:&quot;&quot;,&quot;orientation&quot;:&quot;0&quot;}\" data-image-title=\"image\" data-image-description=\"\" data-image-caption=\"\" data-medium-file=\"https:\/\/i0.wp.com\/blogdalucianaoliveira.com.br\/blog\/wp-content\/uploads\/2016\/05\/image-163.jpeg?fit=220%2C300\" data-large-file=\"https:\/\/i0.wp.com\/blogdalucianaoliveira.com.br\/blog\/wp-content\/uploads\/2016\/05\/image-163.jpeg?fit=600%2C817\" src=\"https:\/\/i0.wp.com\/blogdalucianaoliveira.com.br\/blog\/wp-content\/uploads\/2016\/05\/image-163.jpeg?resize=600%2C817\" alt=\"image\" width=\"600\" height=\"817\" class=\"alignnone size-full wp-image-878\" srcset=\"https:\/\/i0.wp.com\/blogdalucianaoliveira.com.br\/blog\/wp-content\/uploads\/2016\/05\/image-163.jpeg?w=750 750w, https:\/\/i0.wp.com\/blogdalucianaoliveira.com.br\/blog\/wp-content\/uploads\/2016\/05\/image-163.jpeg?resize=220%2C300 220w\" sizes=\"auto, (max-width: 600px) 100vw, 600px\" \/><\/p>\n<p>\u00c9 natural e inevit\u00e1vel que parlamentares  prestigiem a posse de parlamentares em cargos no executivo. <\/p>\n<p>Mas, a deputada Mariana Carvalho (PSDB) faz quest\u00e3o de enaltecer colegas condenados e investigados por corrup\u00e7\u00e3o. <!--more--><\/p>\n<p>Ela teve o disparate de dizer que o novo ministro dos Transportes, Maur\u00edcio Quintella Lessa, &#8220;pela sua trajet\u00f3ria, vai prestar um relevante servi\u00e7o ao Brasil.&#8221;  <\/p>\n<p>Ele foi condenado pela Justi\u00e7a Federal, ao lado de outras nove pessoas, a devolver R$ 133,6 milh\u00f5es \u00e0 Uni\u00e3o pela participa\u00e7\u00e3o em esquema de desvio de recursos da merenda escolar em Alagoas.<\/p>\n<p>Isso mesmo! Por roubar dinheiro de merenda escolar! <\/p>\n<p><img data-recalc-dims=\"1\" loading=\"lazy\" decoding=\"async\" data-attachment-id=\"879\" data-permalink=\"http:\/\/blogdalucianaoliveira.com.br\/blog\/2016\/05\/15\/mariana-carvalho-elogia-ministro-condenado-por-roubar-dinheiro-da-merenda-em-alagoas\/image-189\/\" data-orig-file=\"https:\/\/i0.wp.com\/blogdalucianaoliveira.com.br\/blog\/wp-content\/uploads\/2016\/05\/image-164.jpeg?fit=623%2C1129\" data-orig-size=\"623,1129\" data-comments-opened=\"0\" data-image-meta=\"{&quot;aperture&quot;:&quot;0&quot;,&quot;credit&quot;:&quot;&quot;,&quot;camera&quot;:&quot;&quot;,&quot;caption&quot;:&quot;&quot;,&quot;created_timestamp&quot;:&quot;0&quot;,&quot;copyright&quot;:&quot;&quot;,&quot;focal_length&quot;:&quot;0&quot;,&quot;iso&quot;:&quot;0&quot;,&quot;shutter_speed&quot;:&quot;0&quot;,&quot;title&quot;:&quot;&quot;,&quot;orientation&quot;:&quot;0&quot;}\" data-image-title=\"image\" data-image-description=\"\" data-image-caption=\"\" data-medium-file=\"https:\/\/i0.wp.com\/blogdalucianaoliveira.com.br\/blog\/wp-content\/uploads\/2016\/05\/image-164.jpeg?fit=166%2C300\" data-large-file=\"https:\/\/i0.wp.com\/blogdalucianaoliveira.com.br\/blog\/wp-content\/uploads\/2016\/05\/image-164.jpeg?fit=565%2C1024\" src=\"https:\/\/i0.wp.com\/blogdalucianaoliveira.com.br\/blog\/wp-content\/uploads\/2016\/05\/image-164.jpeg?resize=600%2C1087\" alt=\"image\" width=\"600\" height=\"1087\" class=\"alignnone size-full wp-image-879\" srcset=\"https:\/\/i0.wp.com\/blogdalucianaoliveira.com.br\/blog\/wp-content\/uploads\/2016\/05\/image-164.jpeg?w=623 623w, https:\/\/i0.wp.com\/blogdalucianaoliveira.com.br\/blog\/wp-content\/uploads\/2016\/05\/image-164.jpeg?resize=166%2C300 166w, https:\/\/i0.wp.com\/blogdalucianaoliveira.com.br\/blog\/wp-content\/uploads\/2016\/05\/image-164.jpeg?resize=565%2C1024 565w\" sizes=\"auto, (max-width: 600px) 100vw, 600px\" \/><\/p>\n<p>A jovem deputada raramente \u00e9 vista nas ruas de Porto Velho, onde mora a fam\u00edlia. Ela circula muito em v\u00e9spera de campanha. <\/p>\n<p>Seu tr\u00e1fego virtual, no entanto, \u00e9 intenso, onde interage com frequ\u00eancia com os milhares de eleitores que lhe deram uma vota\u00e7\u00e3o expressiva no estado.<\/p>\n<p>As \u00faltimas declara\u00e7\u00f5es que tem feito devem afast\u00e1-la ainda mais do conv\u00edvio social, n\u00e3o das redes sociais, pois se avolumam as cr\u00edticas por seu apoio ao governo golpista e pelas homenagens a parlamentares corruptos.<\/p>\n<p>Mariana participou ativamente das manifesta\u00e7\u00f5es contra a corrup\u00e7\u00e3o organizados pela FIESP\/PSDB.<\/p>\n","protected":false},"excerpt":{"rendered":"<p>\u00c9 natural e inevit\u00e1vel que parlamentares prestigiem a posse de parlamentares em cargos no executivo. Mas, a deputada Mariana Carvalho (PSDB) faz quest\u00e3o de enaltecer colegas condenados e investigados por corrup\u00e7\u00e3o.<\/p>\n","protected":false},"author":1,"featured_media":0,"comment_status":"closed","ping_status":"open","sticky":false,"template":"","format":"standard","meta":{"_exactmetrics_skip_tracking":false,"_exactmetrics_sitenote_active":false,"_exactmetrics_sitenote_note":"","_exactmetrics_sitenote_category":0,"jetpack_post_was_ever_published":false,"_jetpack_newsletter_access":"","_jetpack_dont_email_post_to_subs":false,"_jetpack_newsletter_tier_id":0,"_jetpack_memberships_contains_paywalled_content":false,"_jetpack_memberships_contains_paid_content":false,"footnotes":"","jetpack_publicize_message":"","jetpack_publicize_feature_enabled":true,"jetpack_social_post_already_shared":true,"jetpack_social_options":{"image_generator_settings":{"template":"highway","enabled":false},"version":2}},"categories":[1],"tags":[],"class_list":["post-877","post","type-post","status-publish","format-standard","hentry","category-notas"],"jetpack_publicize_connections":[],"jetpack_sharing_enabled":true,"jetpack_featured_media_url":"","jetpack_shortlink":"https:\/\/wp.me\/p7wKYW-e9","jetpack-related-posts":[],"_links":{"self":[{"href":"http:\/\/blogdalucianaoliveira.com.br\/blog\/wp-json\/wp\/v2\/posts\/877","targetHints":{"allow":["GET"]}}],"collection":[{"href":"http:\/\/blogdalucianaoliveira.com.br\/blog\/wp-json\/wp\/v2\/posts"}],"about":[{"href":"http:\/\/blogdalucianaoliveira.com.br\/blog\/wp-json\/wp\/v2\/types\/post"}],"author":[{"embeddable":true,"href":"http:\/\/blogdalucianaoliveira.com.br\/blog\/wp-json\/wp\/v2\/users\/1"}],"replies":[{"embeddable":true,"href":"http:\/\/blogdalucianaoliveira.com.br\/blog\/wp-json\/wp\/v2\/comments?post=877"}],"version-history":[{"count":4,"href":"http:\/\/blogdalucianaoliveira.com.br\/blog\/wp-json\/wp\/v2\/posts\/877\/revisions"}],"predecessor-version":[{"id":883,"href":"http:\/\/blogdalucianaoliveira.com.br\/blog\/wp-json\/wp\/v2\/posts\/877\/revisions\/883"}],"wp:attachment":[{"href":"http:\/\/blogdalucianaoliveira.com.br\/blog\/wp-json\/wp\/v2\/media?parent=877"}],"wp:term":[{"taxonomy":"category","embeddable":true,"href":"http:\/\/blogdalucianaoliveira.com.br\/blog\/wp-json\/wp\/v2\/categories?post=877"},{"taxonomy":"post_tag","embeddable":true,"href":"http:\/\/blogdalucianaoliveira.com.br\/blog\/wp-json\/wp\/v2\/tags?post=877"}],"curies":[{"name":"wp","href":"https:\/\/api.w.org\/{rel}","templated":true}]}}