{"id":8775,"date":"2017-02-23T18:07:53","date_gmt":"2017-02-23T22:07:53","guid":{"rendered":"http:\/\/blogdalucianaoliveira.com.br\/blog\/?p=8775"},"modified":"2017-02-23T19:43:58","modified_gmt":"2017-02-23T23:43:58","slug":"galo-da-meia-noite-promete-fazer-a-terra-tremer","status":"publish","type":"post","link":"http:\/\/blogdalucianaoliveira.com.br\/blog\/2017\/02\/23\/galo-da-meia-noite-promete-fazer-a-terra-tremer\/","title":{"rendered":"Galo da Meia Noite promete fazer tremer o ch\u00e3o da pra\u00e7a"},"content":{"rendered":"<p><img data-recalc-dims=\"1\" loading=\"lazy\" decoding=\"async\" data-attachment-id=\"8776\" data-permalink=\"http:\/\/blogdalucianaoliveira.com.br\/blog\/2017\/02\/23\/galo-da-meia-noite-promete-fazer-a-terra-tremer\/galoooo\/\" data-orig-file=\"https:\/\/i0.wp.com\/blogdalucianaoliveira.com.br\/blog\/wp-content\/uploads\/2017\/02\/galoooo.jpg?fit=808%2C540\" data-orig-size=\"808,540\" data-comments-opened=\"0\" data-image-meta=\"{&quot;aperture&quot;:&quot;0&quot;,&quot;credit&quot;:&quot;EDSON EVERTON PINHEIRO FREITAS EVERTON&quot;,&quot;camera&quot;:&quot;&quot;,&quot;caption&quot;:&quot;&quot;,&quot;created_timestamp&quot;:&quot;0&quot;,&quot;copyright&quot;:&quot;&quot;,&quot;focal_length&quot;:&quot;0&quot;,&quot;iso&quot;:&quot;0&quot;,&quot;shutter_speed&quot;:&quot;0&quot;,&quot;title&quot;:&quot;&quot;,&quot;orientation&quot;:&quot;0&quot;}\" data-image-title=\"galoooo\" data-image-description=\"\" data-image-caption=\"\" data-medium-file=\"https:\/\/i0.wp.com\/blogdalucianaoliveira.com.br\/blog\/wp-content\/uploads\/2017\/02\/galoooo.jpg?fit=300%2C200\" data-large-file=\"https:\/\/i0.wp.com\/blogdalucianaoliveira.com.br\/blog\/wp-content\/uploads\/2017\/02\/galoooo.jpg?fit=600%2C401\" src=\"https:\/\/i0.wp.com\/blogdalucianaoliveira.com.br\/blog\/wp-content\/uploads\/2017\/02\/galoooo.jpg?resize=600%2C401\" alt=\"galoooo\" width=\"600\" height=\"401\" class=\"alignnone size-full wp-image-8776\" srcset=\"https:\/\/i0.wp.com\/blogdalucianaoliveira.com.br\/blog\/wp-content\/uploads\/2017\/02\/galoooo.jpg?w=808 808w, https:\/\/i0.wp.com\/blogdalucianaoliveira.com.br\/blog\/wp-content\/uploads\/2017\/02\/galoooo.jpg?resize=300%2C200 300w, https:\/\/i0.wp.com\/blogdalucianaoliveira.com.br\/blog\/wp-content\/uploads\/2017\/02\/galoooo.jpg?resize=768%2C513 768w, https:\/\/i0.wp.com\/blogdalucianaoliveira.com.br\/blog\/wp-content\/uploads\/2017\/02\/galoooo.jpg?resize=449%2C300 449w\" sizes=\"auto, (max-width: 600px) 100vw, 600px\" \/><\/p>\n<p>Ser\u00e1 o 25\u00ba  desfile do segundo maior bloco de rua da Capital.<\/p>\n<p>A concentra\u00e7\u00e3o come\u00e7a por volta das 20:00 horas na Rog\u00e9rio Weber com Pinheiro Machado e o desfile, claro, \u00e0 meia noite em ponto.<\/p>\n<p>A banda Carij\u00f3 vem resgatando o repert\u00f3rio que tornou este um dos blocos mais tradicionais do carnaval.<\/p>\n<p>Segundo o novo presidente do Galo da Meia Noite, Benjamin Mour\u00e3o, o bloco chega aos seus 25 anos, com muita hist\u00f3ria pra contar e com o mesmo entusiasmo que fizeram dele uma das mais aclamadas agremia\u00e7\u00f5es carnavalescas da cidade. <\/p>\n<p>\u201cQueremos contar um pouco dessa hist\u00f3ria a todos os foli\u00f5es que amam o bloco. Nossa raz\u00e3o de ser sempre foi o brincante a para ele estamos preparando uma festa inesquec\u00edvel\u201d, comentou.<\/p>\n<p><a href=\"http:\/\/blogdalucianaoliveira.com.br\/blog\/wp-content\/uploads\/2017\/02\/IMG_2567.mp4\">IMG_2567<\/a><\/p>\n","protected":false},"excerpt":{"rendered":"<p>Ser\u00e1 o 25\u00ba desfile do segundo maior bloco de rua da Capital. A concentra\u00e7\u00e3o come\u00e7a por volta das 20:00 horas na Rog\u00e9rio Weber com Pinheiro Machado e o desfile, claro, \u00e0 meia noite em ponto. A banda Carij\u00f3 vem resgatando o repert\u00f3rio que tornou este um dos blocos mais tradicionais do carnaval. Segundo o novo&#8230;<a class=\"more-link\" href=\"http:\/\/blogdalucianaoliveira.com.br\/blog\/2017\/02\/23\/galo-da-meia-noite-promete-fazer-a-terra-tremer\/\">Continue a leitura <span class=\"meta-nav\">&raquo;<\/span><\/a><\/p>\n","protected":false},"author":1,"featured_media":0,"comment_status":"closed","ping_status":"open","sticky":false,"template":"","format":"standard","meta":{"_exactmetrics_skip_tracking":false,"_exactmetrics_sitenote_active":false,"_exactmetrics_sitenote_note":"","_exactmetrics_sitenote_category":0,"jetpack_post_was_ever_published":false,"_jetpack_newsletter_access":"","_jetpack_dont_email_post_to_subs":false,"_jetpack_newsletter_tier_id":0,"_jetpack_memberships_contains_paywalled_content":false,"_jetpack_memberships_contains_paid_content":false,"footnotes":"","jetpack_publicize_message":"","jetpack_publicize_feature_enabled":true,"jetpack_social_post_already_shared":true,"jetpack_social_options":{"image_generator_settings":{"template":"highway","enabled":false},"version":2}},"categories":[1],"tags":[],"class_list":["post-8775","post","type-post","status-publish","format-standard","hentry","category-notas"],"jetpack_publicize_connections":[],"jetpack_sharing_enabled":true,"jetpack_featured_media_url":"","jetpack_shortlink":"https:\/\/wp.me\/p7wKYW-2hx","jetpack-related-posts":[],"_links":{"self":[{"href":"http:\/\/blogdalucianaoliveira.com.br\/blog\/wp-json\/wp\/v2\/posts\/8775","targetHints":{"allow":["GET"]}}],"collection":[{"href":"http:\/\/blogdalucianaoliveira.com.br\/blog\/wp-json\/wp\/v2\/posts"}],"about":[{"href":"http:\/\/blogdalucianaoliveira.com.br\/blog\/wp-json\/wp\/v2\/types\/post"}],"author":[{"embeddable":true,"href":"http:\/\/blogdalucianaoliveira.com.br\/blog\/wp-json\/wp\/v2\/users\/1"}],"replies":[{"embeddable":true,"href":"http:\/\/blogdalucianaoliveira.com.br\/blog\/wp-json\/wp\/v2\/comments?post=8775"}],"version-history":[{"count":8,"href":"http:\/\/blogdalucianaoliveira.com.br\/blog\/wp-json\/wp\/v2\/posts\/8775\/revisions"}],"predecessor-version":[{"id":8786,"href":"http:\/\/blogdalucianaoliveira.com.br\/blog\/wp-json\/wp\/v2\/posts\/8775\/revisions\/8786"}],"wp:attachment":[{"href":"http:\/\/blogdalucianaoliveira.com.br\/blog\/wp-json\/wp\/v2\/media?parent=8775"}],"wp:term":[{"taxonomy":"category","embeddable":true,"href":"http:\/\/blogdalucianaoliveira.com.br\/blog\/wp-json\/wp\/v2\/categories?post=8775"},{"taxonomy":"post_tag","embeddable":true,"href":"http:\/\/blogdalucianaoliveira.com.br\/blog\/wp-json\/wp\/v2\/tags?post=8775"}],"curies":[{"name":"wp","href":"https:\/\/api.w.org\/{rel}","templated":true}]}}