{"id":8807,"date":"2017-02-25T10:33:53","date_gmt":"2017-02-25T14:33:53","guid":{"rendered":"http:\/\/blogdalucianaoliveira.com.br\/blog\/?p=8807"},"modified":"2017-02-25T10:40:08","modified_gmt":"2017-02-25T14:40:08","slug":"por-causa-da-marchinha-prefeito-tucano-nao-deve-ir-ao-desfile","status":"publish","type":"post","link":"http:\/\/blogdalucianaoliveira.com.br\/blog\/2017\/02\/25\/por-causa-da-marchinha-prefeito-tucano-nao-deve-ir-ao-desfile\/","title":{"rendered":"Por causa da marchinha, prefeito tucano n\u00e3o deve ir ao desfile"},"content":{"rendered":"<p><img data-recalc-dims=\"1\" loading=\"lazy\" decoding=\"async\" data-attachment-id=\"8808\" data-permalink=\"http:\/\/blogdalucianaoliveira.com.br\/blog\/2017\/02\/25\/por-causa-da-marchinha-prefeito-tucano-nao-deve-ir-ao-desfile\/img_2661\/\" data-orig-file=\"https:\/\/i0.wp.com\/blogdalucianaoliveira.com.br\/blog\/wp-content\/uploads\/2017\/02\/IMG_2661.jpg?fit=528%2C960\" data-orig-size=\"528,960\" data-comments-opened=\"0\" data-image-meta=\"{&quot;aperture&quot;:&quot;0&quot;,&quot;credit&quot;:&quot;&quot;,&quot;camera&quot;:&quot;&quot;,&quot;caption&quot;:&quot;&quot;,&quot;created_timestamp&quot;:&quot;0&quot;,&quot;copyright&quot;:&quot;&quot;,&quot;focal_length&quot;:&quot;0&quot;,&quot;iso&quot;:&quot;0&quot;,&quot;shutter_speed&quot;:&quot;0&quot;,&quot;title&quot;:&quot;&quot;,&quot;orientation&quot;:&quot;1&quot;}\" data-image-title=\"IMG_2661\" data-image-description=\"\" data-image-caption=\"\" data-medium-file=\"https:\/\/i0.wp.com\/blogdalucianaoliveira.com.br\/blog\/wp-content\/uploads\/2017\/02\/IMG_2661.jpg?fit=165%2C300\" data-large-file=\"https:\/\/i0.wp.com\/blogdalucianaoliveira.com.br\/blog\/wp-content\/uploads\/2017\/02\/IMG_2661.jpg?fit=528%2C960\" src=\"https:\/\/i0.wp.com\/blogdalucianaoliveira.com.br\/blog\/wp-content\/uploads\/2017\/02\/IMG_2661.jpg?resize=528%2C960\" alt=\"IMG_2661\" width=\"528\" height=\"960\" class=\"alignnone size-full wp-image-8808\" srcset=\"https:\/\/i0.wp.com\/blogdalucianaoliveira.com.br\/blog\/wp-content\/uploads\/2017\/02\/IMG_2661.jpg?w=528 528w, https:\/\/i0.wp.com\/blogdalucianaoliveira.com.br\/blog\/wp-content\/uploads\/2017\/02\/IMG_2661.jpg?resize=165%2C300 165w\" sizes=\"auto, (max-width: 528px) 100vw, 528px\" \/><\/p>\n<p>O maior bloco da regi\u00e3o Norte, a Banda do Vai Quem Quer, desfila hoje na capital. <\/p>\n<p>Ao que tudo indica, sem o prefeito. <\/p>\n<p>Ele teme e, com raz\u00e3o, o protesto que virou marchinha depois que mandou extinguir o direito ao quinqu\u00eanio dos servidores municipais. <\/p>\n<p>O Bloco O Canto Da Coruja \u00e9 quem promove o protesto. <\/p>\n<div class=\"fb-post\" data-href=\"https:\/\/www.facebook.com\/paulo.andreoli.526\/posts\/1065444826892823\" data-width=\"552\"><\/div>\n","protected":false},"excerpt":{"rendered":"<p>O maior bloco da regi\u00e3o Norte, a Banda do Vai Quem Quer, desfila hoje na capital. Ao que tudo indica, sem o prefeito. Ele teme e, com raz\u00e3o, o protesto que virou marchinha depois que mandou extinguir o direito ao quinqu\u00eanio dos servidores municipais. O Bloco O Canto Da Coruja \u00e9 quem promove o protesto.<\/p>\n","protected":false},"author":1,"featured_media":0,"comment_status":"closed","ping_status":"open","sticky":false,"template":"","format":"standard","meta":{"_exactmetrics_skip_tracking":false,"_exactmetrics_sitenote_active":false,"_exactmetrics_sitenote_note":"","_exactmetrics_sitenote_category":0,"jetpack_post_was_ever_published":false,"_jetpack_newsletter_access":"","_jetpack_dont_email_post_to_subs":false,"_jetpack_newsletter_tier_id":0,"_jetpack_memberships_contains_paywalled_content":false,"_jetpack_memberships_contains_paid_content":false,"footnotes":"","jetpack_publicize_message":"","jetpack_publicize_feature_enabled":true,"jetpack_social_post_already_shared":true,"jetpack_social_options":{"image_generator_settings":{"template":"highway","enabled":false},"version":2}},"categories":[1],"tags":[],"class_list":["post-8807","post","type-post","status-publish","format-standard","hentry","category-notas"],"jetpack_publicize_connections":[],"jetpack_sharing_enabled":true,"jetpack_featured_media_url":"","jetpack_shortlink":"https:\/\/wp.me\/p7wKYW-2i3","jetpack-related-posts":[],"_links":{"self":[{"href":"http:\/\/blogdalucianaoliveira.com.br\/blog\/wp-json\/wp\/v2\/posts\/8807","targetHints":{"allow":["GET"]}}],"collection":[{"href":"http:\/\/blogdalucianaoliveira.com.br\/blog\/wp-json\/wp\/v2\/posts"}],"about":[{"href":"http:\/\/blogdalucianaoliveira.com.br\/blog\/wp-json\/wp\/v2\/types\/post"}],"author":[{"embeddable":true,"href":"http:\/\/blogdalucianaoliveira.com.br\/blog\/wp-json\/wp\/v2\/users\/1"}],"replies":[{"embeddable":true,"href":"http:\/\/blogdalucianaoliveira.com.br\/blog\/wp-json\/wp\/v2\/comments?post=8807"}],"version-history":[{"count":5,"href":"http:\/\/blogdalucianaoliveira.com.br\/blog\/wp-json\/wp\/v2\/posts\/8807\/revisions"}],"predecessor-version":[{"id":8813,"href":"http:\/\/blogdalucianaoliveira.com.br\/blog\/wp-json\/wp\/v2\/posts\/8807\/revisions\/8813"}],"wp:attachment":[{"href":"http:\/\/blogdalucianaoliveira.com.br\/blog\/wp-json\/wp\/v2\/media?parent=8807"}],"wp:term":[{"taxonomy":"category","embeddable":true,"href":"http:\/\/blogdalucianaoliveira.com.br\/blog\/wp-json\/wp\/v2\/categories?post=8807"},{"taxonomy":"post_tag","embeddable":true,"href":"http:\/\/blogdalucianaoliveira.com.br\/blog\/wp-json\/wp\/v2\/tags?post=8807"}],"curies":[{"name":"wp","href":"https:\/\/api.w.org\/{rel}","templated":true}]}}