{"id":8815,"date":"2017-02-26T10:51:21","date_gmt":"2017-02-26T14:51:21","guid":{"rendered":"http:\/\/blogdalucianaoliveira.com.br\/blog\/?p=8815"},"modified":"2017-02-26T11:00:09","modified_gmt":"2017-02-26T15:00:09","slug":"policia-militar-de-rondonia-manda-parar-desfile-do-maior-bloco-da-amazonia","status":"publish","type":"post","link":"http:\/\/blogdalucianaoliveira.com.br\/blog\/2017\/02\/26\/policia-militar-de-rondonia-manda-parar-desfile-do-maior-bloco-da-amazonia\/","title":{"rendered":"POL\u00cdCIA MILITAR DE ROND\u00d4NIA MANDA PARAR DESFILE DO MAIOR BLOCO DA AMAZ\u00d4NIA"},"content":{"rendered":"<p><img data-recalc-dims=\"1\" loading=\"lazy\" decoding=\"async\" data-attachment-id=\"8816\" data-permalink=\"http:\/\/blogdalucianaoliveira.com.br\/blog\/2017\/02\/26\/policia-militar-de-rondonia-manda-parar-desfile-do-maior-bloco-da-amazonia\/bandadovaiquemquer-jpg\/\" data-orig-file=\"https:\/\/i0.wp.com\/blogdalucianaoliveira.com.br\/blog\/wp-content\/uploads\/2017\/02\/BANDADOVAIQUEMQUER-JPG.jpg?fit=1600%2C1066\" data-orig-size=\"1600,1066\" data-comments-opened=\"0\" data-image-meta=\"{&quot;aperture&quot;:&quot;0&quot;,&quot;credit&quot;:&quot;&quot;,&quot;camera&quot;:&quot;&quot;,&quot;caption&quot;:&quot;&quot;,&quot;created_timestamp&quot;:&quot;0&quot;,&quot;copyright&quot;:&quot;&quot;,&quot;focal_length&quot;:&quot;0&quot;,&quot;iso&quot;:&quot;0&quot;,&quot;shutter_speed&quot;:&quot;0&quot;,&quot;title&quot;:&quot;&quot;,&quot;orientation&quot;:&quot;0&quot;}\" data-image-title=\"BANDADOVAIQUEMQUER-JPG\" data-image-description=\"\" data-image-caption=\"\" data-medium-file=\"https:\/\/i0.wp.com\/blogdalucianaoliveira.com.br\/blog\/wp-content\/uploads\/2017\/02\/BANDADOVAIQUEMQUER-JPG.jpg?fit=300%2C200\" data-large-file=\"https:\/\/i0.wp.com\/blogdalucianaoliveira.com.br\/blog\/wp-content\/uploads\/2017\/02\/BANDADOVAIQUEMQUER-JPG.jpg?fit=600%2C400\" src=\"https:\/\/i0.wp.com\/blogdalucianaoliveira.com.br\/blog\/wp-content\/uploads\/2017\/02\/BANDADOVAIQUEMQUER-JPG.jpg?resize=600%2C400\" alt=\"BANDADOVAIQUEMQUER-JPG\" width=\"600\" height=\"400\" class=\"alignnone size-full wp-image-8816\" srcset=\"https:\/\/i0.wp.com\/blogdalucianaoliveira.com.br\/blog\/wp-content\/uploads\/2017\/02\/BANDADOVAIQUEMQUER-JPG.jpg?w=1600 1600w, https:\/\/i0.wp.com\/blogdalucianaoliveira.com.br\/blog\/wp-content\/uploads\/2017\/02\/BANDADOVAIQUEMQUER-JPG.jpg?resize=300%2C200 300w, https:\/\/i0.wp.com\/blogdalucianaoliveira.com.br\/blog\/wp-content\/uploads\/2017\/02\/BANDADOVAIQUEMQUER-JPG.jpg?resize=768%2C512 768w, https:\/\/i0.wp.com\/blogdalucianaoliveira.com.br\/blog\/wp-content\/uploads\/2017\/02\/BANDADOVAIQUEMQUER-JPG.jpg?resize=1024%2C682 1024w, https:\/\/i0.wp.com\/blogdalucianaoliveira.com.br\/blog\/wp-content\/uploads\/2017\/02\/BANDADOVAIQUEMQUER-JPG.jpg?resize=450%2C300 450w, https:\/\/i0.wp.com\/blogdalucianaoliveira.com.br\/blog\/wp-content\/uploads\/2017\/02\/BANDADOVAIQUEMQUER-JPG.jpg?w=1200 1200w\" sizes=\"auto, (max-width: 600px) 100vw, 600px\" \/><\/p>\n<p>O desfile da Banda do Vai Quer Quem Quer na capital de Rond\u00f4nia, Porto Velho, tinha tudo para ser perfeito.<\/p>\n<p>Mas, a poucos metros do encerramento, a Pol\u00edcia Militar mandou suspender o som nos trios el\u00e9tricos, deixando 150 mil foli\u00f5es frustrados.<!--more--><\/p>\n<p>S\u00f3 porque houve atraso, n\u00e3o porque amea\u00e7ou de alguma forma a ordem p\u00fablica.<\/p>\n<p>Pior, sem nenhum efeito pr\u00e1tico, porque a multid\u00e3o se manteve nas ruas pacificamente.<\/p>\n<p>A Pol\u00edcia Militar demorou mais tempo para desobstruir a avenida 7 de setembro do que gastaria acompanhando o desfile at\u00e9 o fim.<\/p>\n<p>Uma cena dantesca chocou quem assistia ou participava do desfile. As viaturas avan\u00e7aram contra a multid\u00e3o para fazer com que os foli\u00f5es fossem embora. Mais pareciam canh\u00f5es com crian\u00e7as e cadeirantes na mira, inclusive.<\/p>\n<div class=\"fb-post\" data-href=\"https:\/\/www.facebook.com\/luciana.oliveira.75457\/posts\/1323672464375320\" data-width=\"552\"><\/div>\n<p>O maior bloco da Amaz\u00f4nia completou 37 anos, dois a menos que o Galo da Madrugada no Recife, o maior bloco do mundo. Este ano o tema do desfile foi: Contra as Maracutais e a Impunidade, a Banda Promove a Alegria de Verdade, de autoria do carnavalesco e agitador cultural Altair Lopes, o Tat\u00e1.<\/p>\n<p>Faltou bom senso da Pol\u00edcia Militar, que h\u00e1 muito tempo vem interrompendo desfiles de blocos carnavalescos por pequenos atrasos.<\/p>\n<p>\u00c0 diretoria da Banda do Vai Quem Quer restou obedecer a ordem insana pra n\u00e3o colocar em risco os foli\u00f5es.<\/p>\n<p>O preju\u00edzo \u00e9 incalcul\u00e1vel, porque revela o desrespeito do poder p\u00fablico com o bloco que \u00e9 o s\u00edmbolo maior da cultura popular na regi\u00e3o.<\/p>\n<p>E, curiosamente, o prefeito e o comandante geral da PM s\u00e3o pernambucanos.<\/p>\n<p>Na falta de capacidade de compreens\u00e3o do que significa um bloco tradicional para quem organiza e quem gosta de participar, devem se manifestar pelo dever constitucional do estado e munic\u00edpio com a promo\u00e7\u00e3o da cultura. <\/p>\n<p>A Funda\u00e7\u00e3o Cultural do Munic\u00edpio cabe censura imediata contra o abuso e o desprezo da PM, porque se n\u00e3o serve pra defender a Banda, n\u00e3o serve pra absolutamente nada.<\/p>\n<p>&#8220;A PM tem que cuidar da seguran\u00e7a, n\u00e3o se meter a fazer gest\u00e3o de cultura. N\u00e3o s\u00f3 a Banda, mas v\u00e1rios outros blocos tradicionais sofrem com essa mania absurda da PM de interferir pra prejudicar o carnaval de rua. J\u00e1 propuseram altera\u00e7\u00e3o de locais de desfiles a blocos que t\u00eam sua hist\u00f3ria fundamentada no bairro&#8221;, criticou o advogado Ernande Segismundo, presidente do bloco Pirarucu do Madeira.<\/p>\n<p>Fosse uma Marcha Pra Jesus, evento que atrai milhares \u00e0s ruas a pol\u00edcia n\u00e3o interromperia por estouro de tempo e jamais expulsaria os fi\u00e9is da rua avan\u00e7ando com viaturas em sentido contr\u00e1rio. <\/p>\n<p>Jamais, repito!<\/p>\n<p>E nenhuma manifesta\u00e7\u00e3o pac\u00edfica deve ser impedida!<\/p>\n<p>Como bem disse Simone de Beauvoir, \u201c\u00c9 preciso erguer o povo \u00e0 altura da cultura e n\u00e3o rebaixar a cultura ao n\u00edvel do povo.\u201d<\/p>\n<p>Quem ama promete resistir contra quem odeia o carnaval popular.<\/p>\n","protected":false},"excerpt":{"rendered":"<p>O desfile da Banda do Vai Quer Quem Quer na capital de Rond\u00f4nia, Porto Velho, tinha tudo para ser perfeito. Mas, a poucos metros do encerramento, a Pol\u00edcia Militar mandou suspender o som nos trios el\u00e9tricos, deixando 150 mil foli\u00f5es frustrados.<\/p>\n","protected":false},"author":1,"featured_media":0,"comment_status":"closed","ping_status":"open","sticky":false,"template":"","format":"standard","meta":{"_exactmetrics_skip_tracking":false,"_exactmetrics_sitenote_active":false,"_exactmetrics_sitenote_note":"","_exactmetrics_sitenote_category":0,"jetpack_post_was_ever_published":false,"_jetpack_newsletter_access":"","_jetpack_dont_email_post_to_subs":false,"_jetpack_newsletter_tier_id":0,"_jetpack_memberships_contains_paywalled_content":false,"_jetpack_memberships_contains_paid_content":false,"footnotes":"","jetpack_publicize_message":"","jetpack_publicize_feature_enabled":true,"jetpack_social_post_already_shared":true,"jetpack_social_options":{"image_generator_settings":{"template":"highway","enabled":false},"version":2}},"categories":[1],"tags":[],"class_list":["post-8815","post","type-post","status-publish","format-standard","hentry","category-notas"],"jetpack_publicize_connections":[],"jetpack_sharing_enabled":true,"jetpack_featured_media_url":"","jetpack_shortlink":"https:\/\/wp.me\/p7wKYW-2ib","jetpack-related-posts":[],"_links":{"self":[{"href":"http:\/\/blogdalucianaoliveira.com.br\/blog\/wp-json\/wp\/v2\/posts\/8815","targetHints":{"allow":["GET"]}}],"collection":[{"href":"http:\/\/blogdalucianaoliveira.com.br\/blog\/wp-json\/wp\/v2\/posts"}],"about":[{"href":"http:\/\/blogdalucianaoliveira.com.br\/blog\/wp-json\/wp\/v2\/types\/post"}],"author":[{"embeddable":true,"href":"http:\/\/blogdalucianaoliveira.com.br\/blog\/wp-json\/wp\/v2\/users\/1"}],"replies":[{"embeddable":true,"href":"http:\/\/blogdalucianaoliveira.com.br\/blog\/wp-json\/wp\/v2\/comments?post=8815"}],"version-history":[{"count":4,"href":"http:\/\/blogdalucianaoliveira.com.br\/blog\/wp-json\/wp\/v2\/posts\/8815\/revisions"}],"predecessor-version":[{"id":8820,"href":"http:\/\/blogdalucianaoliveira.com.br\/blog\/wp-json\/wp\/v2\/posts\/8815\/revisions\/8820"}],"wp:attachment":[{"href":"http:\/\/blogdalucianaoliveira.com.br\/blog\/wp-json\/wp\/v2\/media?parent=8815"}],"wp:term":[{"taxonomy":"category","embeddable":true,"href":"http:\/\/blogdalucianaoliveira.com.br\/blog\/wp-json\/wp\/v2\/categories?post=8815"},{"taxonomy":"post_tag","embeddable":true,"href":"http:\/\/blogdalucianaoliveira.com.br\/blog\/wp-json\/wp\/v2\/tags?post=8815"}],"curies":[{"name":"wp","href":"https:\/\/api.w.org\/{rel}","templated":true}]}}