{"id":8832,"date":"2017-02-27T12:48:07","date_gmt":"2017-02-27T16:48:07","guid":{"rendered":"http:\/\/blogdalucianaoliveira.com.br\/blog\/?p=8832"},"modified":"2017-02-27T12:53:05","modified_gmt":"2017-02-27T16:53:05","slug":"quando-a-escuridao-se-impoe-a-luz-me-banho","status":"publish","type":"post","link":"http:\/\/blogdalucianaoliveira.com.br\/blog\/2017\/02\/27\/quando-a-escuridao-se-impoe-a-luz-me-banho\/","title":{"rendered":"Quando a escurid\u00e3o se imp\u00f5e, \u00e0 luz me banho"},"content":{"rendered":"<p><img data-recalc-dims=\"1\" loading=\"lazy\" decoding=\"async\" data-attachment-id=\"8833\" data-permalink=\"http:\/\/blogdalucianaoliveira.com.br\/blog\/2017\/02\/27\/quando-a-escuridao-se-impoe-a-luz-me-banho\/basi\/\" data-orig-file=\"https:\/\/i0.wp.com\/blogdalucianaoliveira.com.br\/blog\/wp-content\/uploads\/2017\/02\/basi.jpg?fit=479%2C491\" data-orig-size=\"479,491\" data-comments-opened=\"0\" data-image-meta=\"{&quot;aperture&quot;:&quot;0&quot;,&quot;credit&quot;:&quot;&quot;,&quot;camera&quot;:&quot;&quot;,&quot;caption&quot;:&quot;&quot;,&quot;created_timestamp&quot;:&quot;0&quot;,&quot;copyright&quot;:&quot;&quot;,&quot;focal_length&quot;:&quot;0&quot;,&quot;iso&quot;:&quot;0&quot;,&quot;shutter_speed&quot;:&quot;0&quot;,&quot;title&quot;:&quot;&quot;,&quot;orientation&quot;:&quot;0&quot;}\" data-image-title=\"basi\" data-image-description=\"\" data-image-caption=\"\" data-medium-file=\"https:\/\/i0.wp.com\/blogdalucianaoliveira.com.br\/blog\/wp-content\/uploads\/2017\/02\/basi.jpg?fit=293%2C300\" data-large-file=\"https:\/\/i0.wp.com\/blogdalucianaoliveira.com.br\/blog\/wp-content\/uploads\/2017\/02\/basi.jpg?fit=479%2C491\" src=\"https:\/\/i0.wp.com\/blogdalucianaoliveira.com.br\/blog\/wp-content\/uploads\/2017\/02\/basi.jpg?resize=479%2C491\" alt=\"basi\" width=\"479\" height=\"491\" class=\"alignnone size-full wp-image-8833\" srcset=\"https:\/\/i0.wp.com\/blogdalucianaoliveira.com.br\/blog\/wp-content\/uploads\/2017\/02\/basi.jpg?w=479 479w, https:\/\/i0.wp.com\/blogdalucianaoliveira.com.br\/blog\/wp-content\/uploads\/2017\/02\/basi.jpg?resize=293%2C300 293w\" sizes=\"auto, (max-width: 479px) 100vw, 479px\" \/><\/p>\n<p>&#8220;Enquanto Presidente da Associa\u00e7\u00e3o Cultural Rio Madeira, venho externar Total apoio \u00e0s manifesta\u00e7\u00f5es da Jornalista Luciana Oliveira face \u00e0 atitude repressiva da Pol\u00edcia Militar de RO. <!--more--><\/p>\n<p>Cultura Popular n\u00e3o \u00e9 coisa que possa ficar \u00e0 merc\u00ea de decis\u00e3o unilateral de um \u00f3rg\u00e3o como a Pol\u00edcia Militar. Essa institui\u00e7\u00e3o deve no m\u00e1ximo se ater a prestar seguran\u00e7a aos brincantes! <\/p>\n<p>Deliberar sobre a frui\u00e7\u00e3o ou n\u00e3o da atividade carnavalesca \u00e9 abuso de autoridade e desvio de fun\u00e7\u00e3o. S\u00f3 mesmo um governo fraco, med\u00edocre e m\u00edope pode outorgar poderes para a PM para tomar decis\u00e3o sobre o exerc\u00edcio legal da liberdade de manifesta\u00e7\u00e3o cultural. <\/p>\n<p>O Comandante da PM deveria ser no m\u00ednimo penalizado com advert\u00eancia p\u00fablica pela atitude repressiva imposta \u00e0 Banda do Vai Quem Quer. Prestar seguran\u00e7a, Sim! Reprimir a Cultural Popular, n\u00e3o!! <\/p>\n<p>A Jornalista Luciana Oliveira, corajosa que \u00e9, est\u00e1 corret\u00edssima! Por isso conta com nossa inarred\u00e1vel solidariedade!!<br \/>\nCaberia ao Prefeito Hildon e ao Presidente da Funda\u00e7\u00e3o Cultural pedir explica\u00e7\u00f5es ao Comando Geral da Pol\u00edcia Militar e ao Governador do Estado!<br \/>\nParab\u00e9ns, Luciana! Conte com nosso apoio!!&#8221;<\/p>\n<div class=\"fb-video\" data-allowfullscreen=\"true\" data-href=\"https:\/\/www.facebook.com\/luciana.oliveira.75457\/videos\/1325458200863413\/\"><\/div>\n","protected":false},"excerpt":{"rendered":"<p>&#8220;Enquanto Presidente da Associa\u00e7\u00e3o Cultural Rio Madeira, venho externar Total apoio \u00e0s manifesta\u00e7\u00f5es da Jornalista Luciana Oliveira face \u00e0 atitude repressiva da Pol\u00edcia Militar de RO.<\/p>\n","protected":false},"author":1,"featured_media":0,"comment_status":"closed","ping_status":"open","sticky":false,"template":"","format":"standard","meta":{"_exactmetrics_skip_tracking":false,"_exactmetrics_sitenote_active":false,"_exactmetrics_sitenote_note":"","_exactmetrics_sitenote_category":0,"jetpack_post_was_ever_published":false,"_jetpack_newsletter_access":"","_jetpack_dont_email_post_to_subs":false,"_jetpack_newsletter_tier_id":0,"_jetpack_memberships_contains_paywalled_content":false,"_jetpack_memberships_contains_paid_content":false,"footnotes":"","jetpack_publicize_message":"","jetpack_publicize_feature_enabled":true,"jetpack_social_post_already_shared":true,"jetpack_social_options":{"image_generator_settings":{"template":"highway","enabled":false},"version":2}},"categories":[1],"tags":[],"class_list":["post-8832","post","type-post","status-publish","format-standard","hentry","category-notas"],"jetpack_publicize_connections":[],"jetpack_sharing_enabled":true,"jetpack_featured_media_url":"","jetpack_shortlink":"https:\/\/wp.me\/p7wKYW-2is","jetpack-related-posts":[],"_links":{"self":[{"href":"http:\/\/blogdalucianaoliveira.com.br\/blog\/wp-json\/wp\/v2\/posts\/8832","targetHints":{"allow":["GET"]}}],"collection":[{"href":"http:\/\/blogdalucianaoliveira.com.br\/blog\/wp-json\/wp\/v2\/posts"}],"about":[{"href":"http:\/\/blogdalucianaoliveira.com.br\/blog\/wp-json\/wp\/v2\/types\/post"}],"author":[{"embeddable":true,"href":"http:\/\/blogdalucianaoliveira.com.br\/blog\/wp-json\/wp\/v2\/users\/1"}],"replies":[{"embeddable":true,"href":"http:\/\/blogdalucianaoliveira.com.br\/blog\/wp-json\/wp\/v2\/comments?post=8832"}],"version-history":[{"count":3,"href":"http:\/\/blogdalucianaoliveira.com.br\/blog\/wp-json\/wp\/v2\/posts\/8832\/revisions"}],"predecessor-version":[{"id":8836,"href":"http:\/\/blogdalucianaoliveira.com.br\/blog\/wp-json\/wp\/v2\/posts\/8832\/revisions\/8836"}],"wp:attachment":[{"href":"http:\/\/blogdalucianaoliveira.com.br\/blog\/wp-json\/wp\/v2\/media?parent=8832"}],"wp:term":[{"taxonomy":"category","embeddable":true,"href":"http:\/\/blogdalucianaoliveira.com.br\/blog\/wp-json\/wp\/v2\/categories?post=8832"},{"taxonomy":"post_tag","embeddable":true,"href":"http:\/\/blogdalucianaoliveira.com.br\/blog\/wp-json\/wp\/v2\/tags?post=8832"}],"curies":[{"name":"wp","href":"https:\/\/api.w.org\/{rel}","templated":true}]}}