{"id":8845,"date":"2017-02-27T15:12:03","date_gmt":"2017-02-27T19:12:03","guid":{"rendered":"http:\/\/blogdalucianaoliveira.com.br\/blog\/?p=8845"},"modified":"2017-02-27T15:12:03","modified_gmt":"2017-02-27T19:12:03","slug":"e-carnaval-viva-a-festa-da-carne","status":"publish","type":"post","link":"http:\/\/blogdalucianaoliveira.com.br\/blog\/2017\/02\/27\/e-carnaval-viva-a-festa-da-carne\/","title":{"rendered":"\u00c9 carnaval, viva a festa da carne!"},"content":{"rendered":"<p><img data-recalc-dims=\"1\" loading=\"lazy\" decoding=\"async\" data-attachment-id=\"8846\" data-permalink=\"http:\/\/blogdalucianaoliveira.com.br\/blog\/2017\/02\/27\/e-carnaval-viva-a-festa-da-carne\/cace\/\" data-orig-file=\"https:\/\/i0.wp.com\/blogdalucianaoliveira.com.br\/blog\/wp-content\/uploads\/2017\/02\/cace.jpg?fit=960%2C540\" data-orig-size=\"960,540\" data-comments-opened=\"0\" data-image-meta=\"{&quot;aperture&quot;:&quot;0&quot;,&quot;credit&quot;:&quot;&quot;,&quot;camera&quot;:&quot;&quot;,&quot;caption&quot;:&quot;&quot;,&quot;created_timestamp&quot;:&quot;0&quot;,&quot;copyright&quot;:&quot;&quot;,&quot;focal_length&quot;:&quot;0&quot;,&quot;iso&quot;:&quot;0&quot;,&quot;shutter_speed&quot;:&quot;0&quot;,&quot;title&quot;:&quot;&quot;,&quot;orientation&quot;:&quot;0&quot;}\" data-image-title=\"cace\" data-image-description=\"\" data-image-caption=\"\" data-medium-file=\"https:\/\/i0.wp.com\/blogdalucianaoliveira.com.br\/blog\/wp-content\/uploads\/2017\/02\/cace.jpg?fit=300%2C169\" data-large-file=\"https:\/\/i0.wp.com\/blogdalucianaoliveira.com.br\/blog\/wp-content\/uploads\/2017\/02\/cace.jpg?fit=600%2C338\" src=\"https:\/\/i0.wp.com\/blogdalucianaoliveira.com.br\/blog\/wp-content\/uploads\/2017\/02\/cace.jpg?resize=600%2C338\" alt=\"cace\" width=\"600\" height=\"338\" class=\"alignnone size-full wp-image-8846\" srcset=\"https:\/\/i0.wp.com\/blogdalucianaoliveira.com.br\/blog\/wp-content\/uploads\/2017\/02\/cace.jpg?w=960 960w, https:\/\/i0.wp.com\/blogdalucianaoliveira.com.br\/blog\/wp-content\/uploads\/2017\/02\/cace.jpg?resize=300%2C169 300w, https:\/\/i0.wp.com\/blogdalucianaoliveira.com.br\/blog\/wp-content\/uploads\/2017\/02\/cace.jpg?resize=768%2C432 768w, https:\/\/i0.wp.com\/blogdalucianaoliveira.com.br\/blog\/wp-content\/uploads\/2017\/02\/cace.jpg?resize=533%2C300 533w\" sizes=\"auto, (max-width: 600px) 100vw, 600px\" \/><\/p>\n<p>Dom Orvandil, editor do blog Cartas e Reflex\u00f5es Prof\u00e9ticas, presidente da Ibrapaz, bispo da Diocese Brasil Central da Igreja Anglicana e professor universit\u00e1rio<!--more--><\/p>\n<p>Querida professora Carmen Ferreira Barbosa, Porto, Portugal<\/p>\n<p>Homenageio-te carinhosamente pela not\u00edcia de que pular\u00e1s no carnaval em Campo Grande, MS, tua cidade natal. Melhor, o bloco no qual pular\u00e1s se chama Frankestemer, para significar o demolidor, o destruidor de direitos e do Brasil.<\/p>\n<p>Isso me sugeriu pensar e refletir na import\u00e2ncia do carnaval com o conte\u00fado da imensa alegria e com sentido cr\u00edtico conjuntural.<\/p>\n<p>Prefiro o carnaval aos cultos e missas alienantes e chatas das igrejas inimigas da vida e do povo. Seus participantes confundem emocionalismos, ru\u00eddos ensurdecedores e milagrismos com espiritualidade e presen\u00e7a divina. <\/p>\n<p>Louvo mais o carnaval com a alegria intensa da carne popular do que as espiritualidades frias dos fariseus, sempre prontos \u00e0 guerra moralista e fundamentalista, que azedam e matam as rela\u00e7\u00f5es.<\/p>\n<p>A partir do Evangelho de Lucas (cap\u00edtulo 15), como fonte de humanidade, opto sempre pelo filho pr\u00f3digo e suas extravag\u00e2ncias nas festas do que pelo  azedume e a carranca do irm\u00e3o mais velho, fariseu, armado com pedras e paus, disposto  a acionar suas regrinhas muito mais para expulsar do que a acolher o irm\u00e3o.<\/p>\n<p>Cai-me melhor a alegria da mulher que quase derrubou a casa para encontrar a moeda perdida do que os que fecham portas e janelas para esconder os roubos de milh\u00f5es, arrancados a ferro e a fogo do sangue do trabalho alheio.<\/p>\n<p>Entusiasmo-me muito mais com o pastor trabalhador da par\u00e1bola, que \u00e9 capaz de deixar por um momento suas 99 ovelhas para salvar e arrancar das quedas dos abismos a que caiu. Este \u00e9 o modelo de seres humanos que n\u00e3o usam as pessoas sob suas lideran\u00e7as e cuidados como moeda de troca. Ao encontrar a ovelha perdida o pastor trabalhador retorna com uma alegria carnavalesca, porque tudo vale mesmo a pena quando ningu\u00e9m se perde nem se rompe por causa dos interesses mesquinhos de alguns.<\/p>\n<p>Sou grato \u00e0 vida, querida Carminha, por desde o semin\u00e1rio escolher o caminho dos humanos e n\u00e3o o dos que procuram espiritualidades amargas e alienadas.<\/p>\n<p>Nunca pulei carnaval. Pena. Elogio-te por participares desta festa brasileira que une culturas e anima as carnes.<\/p>\n<p>Sim, anima as carnes dos trabalhadores e trabalhadoras espezinhados com a barb\u00e1rie farisaica que nos amea\u00e7a sob a pesada e sufocante explora\u00e7\u00e3o  da terrorista reforma da previd\u00eancia e a demoli\u00e7\u00e3o dos sagrados direitos dos trabalhadores. .<\/p>\n<p>Entusiasmo-me com a festa da carne cultural que une o Brasil inteiro na celebra\u00e7\u00e3o da alegria sem discrimina\u00e7\u00e3o.<\/p>\n<p>Dou vivas \u00e0 festa da carne das cores impressionantemente combinadas em arte.<\/p>\n<p>A arte expressa a carne dos artistas que se sensibilizam com a vida e com os extremos que distanciam as pessoas.<\/p>\n<p>Mesmo trabalhando aqui festejo a arte das mulheres lindas que pulam e exp\u00f5em a beleza que irmana a todos, sem a mal\u00edcia machista e apodrecida dos fariseus.<\/p>\n<p>Os sons da carne feita tambores e variada composi\u00e7\u00e3o instrumental sonorizam a vida de nosso povo.<\/p>\n<p>A pele negra, ao pular, manifesta o permanente grito de liberdade e da festa dos que n\u00e3o aceitam a escravid\u00e3o de esp\u00e9cie alguma.<\/p>\n<p>O carnaval \u00e9 a festa da carne da criatividade. Ah, quanta inven\u00e7\u00e3o, quanto arte, de novo menciono, de brio e de coragem de nosso povo.<\/p>\n<p>Quem pula carnaval envolve-se num oceano da festa da carne onde todos e todas s\u00e3o irm\u00e3os e irm\u00e3s.<\/p>\n<p>O carnaval deste 2017 \u00e9 uma festa especial, com apelos excepcionais. Mesmo sob um golpe dado por uma quadrilha de fariseus a servi\u00e7o dos que se pensam donos do mudo, dos que fazem as guerras que estra\u00e7alham as carnes, nosso povo vibra e celebra a vida de ra\u00edzes profundas culturais da vida, que s\u00f3 n\u00f3s brasileiros conhecemos.<\/p>\n<p>A ideia de teu bloco Frankestemer \u00e9 o mais sagrado sentido do povo que se alegra enquanto critica a safadeza que nos fizeram com esse golpe desgra\u00e7ado, que vem entristecendo e matando milh\u00f5es de corpos, que deixam de serem carnes para virarem estat\u00edstica da crise inventada pela manipula\u00e7\u00e3o.<\/p>\n<p>Ent\u00e3o, querida, pula a\u00ed com alegria em comunh\u00e3o com outros blocos brasileiros que rugem seus tambores em alegria e, ao mesmo tempo, em den\u00fancia com o \u201cfora, Temer\u201d, o safado e demolidor!<\/p>\n<p>Queria pular tamb\u00e9m, mas a sa\u00fade de minha carne me limita por enquanto. Mas pularei a\u00ed em pensamento. Podes crer.<\/p>\n<p>Dom Helder C\u00e2mara tinha raz\u00e3o quando falou em seu programa de r\u00e1dio \u201cOlhar sobre a cidade\u201d referindo-se ao carnaval: \u201cCarnaval \u00e9 a alegria popular. Direi mesmo, uma das raras alegrias que ainda sobram para a minha gente querida. Peca-se muito no carnaval? N\u00e3o sei o que pesa mais diante de Deus: se excessos, aqui e ali, cometidos por foli\u00f5es, ou farisa\u00edsmo e falta de caridade por parte de quem se julga melhor e mais santo por n\u00e3o brincar o carnaval. Brinque, meu povo querido! Minha gente querid\u00edssima. \u00c9 verdade que na quarta-feira a luta recome\u00e7a, mas ao menos se p\u00f4s um pouco de sonho na realidade dura da vida!\u201d<\/p>\n<p>Pula, Carminha, pula meu povo. Protestem contra o golpe, meus irm\u00e3os e irm\u00e3s brasileiros e brasileiras.<\/p>\n<p>Fora, Temer!<\/p>\n<p>Do Blog Cartas Prof\u00e9ticas<\/p>\n","protected":false},"excerpt":{"rendered":"<p>Dom Orvandil, editor do blog Cartas e Reflex\u00f5es Prof\u00e9ticas, presidente da Ibrapaz, bispo da Diocese Brasil Central da Igreja Anglicana e professor universit\u00e1rio<\/p>\n","protected":false},"author":1,"featured_media":0,"comment_status":"closed","ping_status":"open","sticky":false,"template":"","format":"standard","meta":{"_exactmetrics_skip_tracking":false,"_exactmetrics_sitenote_active":false,"_exactmetrics_sitenote_note":"","_exactmetrics_sitenote_category":0,"jetpack_post_was_ever_published":false,"_jetpack_newsletter_access":"","_jetpack_dont_email_post_to_subs":false,"_jetpack_newsletter_tier_id":0,"_jetpack_memberships_contains_paywalled_content":false,"_jetpack_memberships_contains_paid_content":false,"footnotes":"","jetpack_publicize_message":"","jetpack_publicize_feature_enabled":true,"jetpack_social_post_already_shared":true,"jetpack_social_options":{"image_generator_settings":{"template":"highway","enabled":false},"version":2}},"categories":[1],"tags":[],"class_list":["post-8845","post","type-post","status-publish","format-standard","hentry","category-notas"],"jetpack_publicize_connections":[],"jetpack_sharing_enabled":true,"jetpack_featured_media_url":"","jetpack_shortlink":"https:\/\/wp.me\/p7wKYW-2iF","jetpack-related-posts":[],"_links":{"self":[{"href":"http:\/\/blogdalucianaoliveira.com.br\/blog\/wp-json\/wp\/v2\/posts\/8845","targetHints":{"allow":["GET"]}}],"collection":[{"href":"http:\/\/blogdalucianaoliveira.com.br\/blog\/wp-json\/wp\/v2\/posts"}],"about":[{"href":"http:\/\/blogdalucianaoliveira.com.br\/blog\/wp-json\/wp\/v2\/types\/post"}],"author":[{"embeddable":true,"href":"http:\/\/blogdalucianaoliveira.com.br\/blog\/wp-json\/wp\/v2\/users\/1"}],"replies":[{"embeddable":true,"href":"http:\/\/blogdalucianaoliveira.com.br\/blog\/wp-json\/wp\/v2\/comments?post=8845"}],"version-history":[{"count":1,"href":"http:\/\/blogdalucianaoliveira.com.br\/blog\/wp-json\/wp\/v2\/posts\/8845\/revisions"}],"predecessor-version":[{"id":8847,"href":"http:\/\/blogdalucianaoliveira.com.br\/blog\/wp-json\/wp\/v2\/posts\/8845\/revisions\/8847"}],"wp:attachment":[{"href":"http:\/\/blogdalucianaoliveira.com.br\/blog\/wp-json\/wp\/v2\/media?parent=8845"}],"wp:term":[{"taxonomy":"category","embeddable":true,"href":"http:\/\/blogdalucianaoliveira.com.br\/blog\/wp-json\/wp\/v2\/categories?post=8845"},{"taxonomy":"post_tag","embeddable":true,"href":"http:\/\/blogdalucianaoliveira.com.br\/blog\/wp-json\/wp\/v2\/tags?post=8845"}],"curies":[{"name":"wp","href":"https:\/\/api.w.org\/{rel}","templated":true}]}}