{"id":8849,"date":"2017-02-28T11:29:46","date_gmt":"2017-02-28T15:29:46","guid":{"rendered":"http:\/\/blogdalucianaoliveira.com.br\/blog\/?p=8849"},"modified":"2017-02-28T11:29:46","modified_gmt":"2017-02-28T15:29:46","slug":"nao-importa-ver-mas-sentir","status":"publish","type":"post","link":"http:\/\/blogdalucianaoliveira.com.br\/blog\/2017\/02\/28\/nao-importa-ver-mas-sentir\/","title":{"rendered":"N\u00e3o importa ver, mas sentir"},"content":{"rendered":"<p><img data-recalc-dims=\"1\" loading=\"lazy\" decoding=\"async\" data-attachment-id=\"8850\" data-permalink=\"http:\/\/blogdalucianaoliveira.com.br\/blog\/2017\/02\/28\/nao-importa-ver-mas-sentir\/img_3215-2\/\" data-orig-file=\"https:\/\/i0.wp.com\/blogdalucianaoliveira.com.br\/blog\/wp-content\/uploads\/2017\/02\/IMG_3215.jpg?fit=369%2C399\" data-orig-size=\"369,399\" data-comments-opened=\"0\" data-image-meta=\"{&quot;aperture&quot;:&quot;0&quot;,&quot;credit&quot;:&quot;&quot;,&quot;camera&quot;:&quot;&quot;,&quot;caption&quot;:&quot;&quot;,&quot;created_timestamp&quot;:&quot;0&quot;,&quot;copyright&quot;:&quot;&quot;,&quot;focal_length&quot;:&quot;0&quot;,&quot;iso&quot;:&quot;0&quot;,&quot;shutter_speed&quot;:&quot;0&quot;,&quot;title&quot;:&quot;&quot;,&quot;orientation&quot;:&quot;0&quot;}\" data-image-title=\"IMG_3215\" data-image-description=\"\" data-image-caption=\"\" data-medium-file=\"https:\/\/i0.wp.com\/blogdalucianaoliveira.com.br\/blog\/wp-content\/uploads\/2017\/02\/IMG_3215.jpg?fit=277%2C300\" data-large-file=\"https:\/\/i0.wp.com\/blogdalucianaoliveira.com.br\/blog\/wp-content\/uploads\/2017\/02\/IMG_3215.jpg?fit=369%2C399\" src=\"https:\/\/i0.wp.com\/blogdalucianaoliveira.com.br\/blog\/wp-content\/uploads\/2017\/02\/IMG_3215.jpg?resize=369%2C399\" alt=\"IMG_3215\" width=\"369\" height=\"399\" class=\"alignnone size-full wp-image-8850\" \n\n\nTente abra\u00e7ar o que n\u00e3o consegue ver, o ar. <!--more-- srcset=\"https:\/\/i0.wp.com\/blogdalucianaoliveira.com.br\/blog\/wp-content\/uploads\/2017\/02\/IMG_3215.jpg?w=369 369w, https:\/\/i0.wp.com\/blogdalucianaoliveira.com.br\/blog\/wp-content\/uploads\/2017\/02\/IMG_3215.jpg?resize=277%2C300 277w\" sizes=\"auto, (max-width: 369px) 100vw, 369px\" \/><\/p>\n<p>\u00c9 o que sugiro a quem n\u00e3o enxerga nada de bom numa cr\u00edtica, mas mesmo assim sente a for\u00e7a com que ela arrebenta o sil\u00eancio. <\/p>\n<p>H\u00e1 tr\u00eas dias recebo mensagens fundamentadas com ignor\u00e2ncia, arrog\u00e2ncia e preconceito. <\/p>\n<p>Tudo, porque critiquei a falta de bom senso da PM em impedir a BVQQ de terminar seu desfile faltando 500 metros de percurso.<br \/>\nPor ter utilizado uma estrat\u00e9gia de dispers\u00e3o de foli\u00f5es que remete aos anos de chumbo, avan\u00e7ando com carros contra a multid\u00e3o para desobstruir a via.<\/p>\n<p>Me rogaram muita praga em coment\u00e1rios para que eu &#8216;precise&#8217; dos servi\u00e7os da pol\u00edcia pra aprender a dar valor. <\/p>\n<p>Na verdade, ALGUNS MUITOS querem convencer no grito e com ofensas que a pol\u00edcia faz um favor \u00e0 sociedade quando atua em eventos como o carnaval.<br \/>\nO trabalho que escolheram \u00e9 um fardo e a compreens\u00e3o de cultura popular \u00e9 zero. <\/p>\n<p>A ESSES s\u00f3 posso desejar que  sejam atendidos por profissionais na rede p\u00fablica de sa\u00fade que os tratem da mesma forma. Que seus filhos tenham professores que tamb\u00e9m achem que foram nomeados pra &#8216;fazer o favor&#8217; de educar.<\/p>\n<p>Que sintam o peso de servidores que mandam \u00e0s favas o dever funcional! <\/p>\n<p>Porque s\u00e3o mal pagos e t\u00eam p\u00e9ssimas condi\u00e7\u00f5es de trabalho, o servi\u00e7o tem que ser elogiado sempre, nunca criticado. <\/p>\n<p>E que eu n\u00e3o viva pra ver a sociedade se acomodar \u00e0 essa mentalidade de que servi\u00e7os p\u00fablicos pagos pelos contribuintes, n\u00e3o devem ser questionados. <\/p>\n<p>\u00c9 justamente por isso que todos s\u00e3o prec\u00e1rios! Porque o dever \u00e9 visto como um favor, ningu\u00e9m tem o direito de reclamar. <\/p>\n<p>Ainda bem que a cr\u00edtica \u00e9 como o ar, mesmo quem n\u00e3o consegue ver e compreender, a sente.<\/p>\n","protected":false},"excerpt":{"rendered":"","protected":false},"author":1,"featured_media":0,"comment_status":"closed","ping_status":"open","sticky":false,"template":"","format":"standard","meta":{"_exactmetrics_skip_tracking":false,"_exactmetrics_sitenote_active":false,"_exactmetrics_sitenote_note":"","_exactmetrics_sitenote_category":0,"jetpack_post_was_ever_published":false,"_jetpack_newsletter_access":"","_jetpack_dont_email_post_to_subs":false,"_jetpack_newsletter_tier_id":0,"_jetpack_memberships_contains_paywalled_content":false,"_jetpack_memberships_contains_paid_content":false,"footnotes":"","jetpack_publicize_message":"","jetpack_publicize_feature_enabled":true,"jetpack_social_post_already_shared":true,"jetpack_social_options":{"image_generator_settings":{"template":"highway","enabled":false},"version":2}},"categories":[1],"tags":[],"class_list":["post-8849","post","type-post","status-publish","format-standard","hentry","category-notas"],"jetpack_publicize_connections":[],"jetpack_sharing_enabled":true,"jetpack_featured_media_url":"","jetpack_shortlink":"https:\/\/wp.me\/p7wKYW-2iJ","jetpack-related-posts":[],"_links":{"self":[{"href":"http:\/\/blogdalucianaoliveira.com.br\/blog\/wp-json\/wp\/v2\/posts\/8849","targetHints":{"allow":["GET"]}}],"collection":[{"href":"http:\/\/blogdalucianaoliveira.com.br\/blog\/wp-json\/wp\/v2\/posts"}],"about":[{"href":"http:\/\/blogdalucianaoliveira.com.br\/blog\/wp-json\/wp\/v2\/types\/post"}],"author":[{"embeddable":true,"href":"http:\/\/blogdalucianaoliveira.com.br\/blog\/wp-json\/wp\/v2\/users\/1"}],"replies":[{"embeddable":true,"href":"http:\/\/blogdalucianaoliveira.com.br\/blog\/wp-json\/wp\/v2\/comments?post=8849"}],"version-history":[{"count":1,"href":"http:\/\/blogdalucianaoliveira.com.br\/blog\/wp-json\/wp\/v2\/posts\/8849\/revisions"}],"predecessor-version":[{"id":8851,"href":"http:\/\/blogdalucianaoliveira.com.br\/blog\/wp-json\/wp\/v2\/posts\/8849\/revisions\/8851"}],"wp:attachment":[{"href":"http:\/\/blogdalucianaoliveira.com.br\/blog\/wp-json\/wp\/v2\/media?parent=8849"}],"wp:term":[{"taxonomy":"category","embeddable":true,"href":"http:\/\/blogdalucianaoliveira.com.br\/blog\/wp-json\/wp\/v2\/categories?post=8849"},{"taxonomy":"post_tag","embeddable":true,"href":"http:\/\/blogdalucianaoliveira.com.br\/blog\/wp-json\/wp\/v2\/tags?post=8849"}],"curies":[{"name":"wp","href":"https:\/\/api.w.org\/{rel}","templated":true}]}}