{"id":8857,"date":"2017-02-28T11:55:42","date_gmt":"2017-02-28T15:55:42","guid":{"rendered":"http:\/\/blogdalucianaoliveira.com.br\/blog\/?p=8857"},"modified":"2017-02-28T11:55:42","modified_gmt":"2017-02-28T15:55:42","slug":"por-tudo-de-ruim-que-bolsonaro-representa","status":"publish","type":"post","link":"http:\/\/blogdalucianaoliveira.com.br\/blog\/2017\/02\/28\/por-tudo-de-ruim-que-bolsonaro-representa\/","title":{"rendered":"Por tudo de ruim que Bolsonaro representa"},"content":{"rendered":"<p><img data-recalc-dims=\"1\" loading=\"lazy\" decoding=\"async\" data-attachment-id=\"8858\" data-permalink=\"http:\/\/blogdalucianaoliveira.com.br\/blog\/2017\/02\/28\/por-tudo-de-ruim-que-bolsonaro-representa\/img_3219\/\" data-orig-file=\"https:\/\/i0.wp.com\/blogdalucianaoliveira.com.br\/blog\/wp-content\/uploads\/2017\/02\/IMG_3219.jpg?fit=480%2C240\" data-orig-size=\"480,240\" data-comments-opened=\"0\" data-image-meta=\"{&quot;aperture&quot;:&quot;0&quot;,&quot;credit&quot;:&quot;&quot;,&quot;camera&quot;:&quot;&quot;,&quot;caption&quot;:&quot;&quot;,&quot;created_timestamp&quot;:&quot;0&quot;,&quot;copyright&quot;:&quot;&quot;,&quot;focal_length&quot;:&quot;0&quot;,&quot;iso&quot;:&quot;0&quot;,&quot;shutter_speed&quot;:&quot;0&quot;,&quot;title&quot;:&quot;&quot;,&quot;orientation&quot;:&quot;0&quot;}\" data-image-title=\"IMG_3219\" data-image-description=\"\" data-image-caption=\"\" data-medium-file=\"https:\/\/i0.wp.com\/blogdalucianaoliveira.com.br\/blog\/wp-content\/uploads\/2017\/02\/IMG_3219.jpg?fit=300%2C150\" data-large-file=\"https:\/\/i0.wp.com\/blogdalucianaoliveira.com.br\/blog\/wp-content\/uploads\/2017\/02\/IMG_3219.jpg?fit=480%2C240\" src=\"https:\/\/i0.wp.com\/blogdalucianaoliveira.com.br\/blog\/wp-content\/uploads\/2017\/02\/IMG_3219.jpg?resize=480%2C240\" alt=\"IMG_3219\" width=\"480\" height=\"240\" class=\"alignnone size-full wp-image-8858\" srcset=\"https:\/\/i0.wp.com\/blogdalucianaoliveira.com.br\/blog\/wp-content\/uploads\/2017\/02\/IMG_3219.jpg?w=480 480w, https:\/\/i0.wp.com\/blogdalucianaoliveira.com.br\/blog\/wp-content\/uploads\/2017\/02\/IMG_3219.jpg?resize=300%2C150 300w\" sizes=\"auto, (max-width: 480px) 100vw, 480px\" \/><\/p>\n<p>REA\u00c7\u00c3O DA COMUNIDADE JUDAICA LEVA A SUSPENS\u00c3O DE PALESTRA DE BOLSONARO<!--more--><\/p>\n<p>Do Congresso em Foco &#8211; A rea\u00e7\u00e3o da comunidade judaica levou o clube judaico Hebraica a suspender palestra com o deputado Jair Bolsonaro (PSC-RJ) marcada para mar\u00e7o. Al\u00e9m de postagens nas redes sociais, um abaixo-assinado com 2.700 assinaturas pediu o cancelamento do evento por conta dos valores defendidos pelo deputado, que \u00e9 pr\u00e9-candidato a presidente da Rep\u00fablica em 2018. A informa\u00e7\u00e3o foi publicada nesta ter\u00e7a-feira pelo jornal Folha de S.Paulo.<\/p>\n<p>O organizador do abaixo-assinado, Mauro Nadvorny, comentou a rea\u00e7\u00e3o: &#8220;Tomou essa propor\u00e7\u00e3o por tudo de ruim que representa o Bolsonaro. Um racista, mis\u00f3geno, antissemita, pensar em ser recebido em um clube da comunidade \u00e9, por si s\u00f3, terr\u00edvel&#8221;. Ele acrescentou que o epis\u00f3dio remete ao holocausto: &#8220;Quando Hitler come\u00e7ou, tamb\u00e9m teve apoio de judeus&#8221;.<\/p>\n<p>Confira mat\u00e9ria do Congresso em foco:<\/p>\n<p>A rea\u00e7\u00e3o da comunidade judaica levou o clube judaico Hebraica a suspender palestra com o deputado Jair Bolsonaro (PSC-RJ) marcada para mar\u00e7o. Al\u00e9m de postagens nas redes sociais, um abaixo-assinado com 2.700 assinaturas pediu o cancelamento do evento por conta dos valores defendidos pelo deputado, que \u00e9 pr\u00e9-candidato a presidente da Rep\u00fablica em 2018. A informa\u00e7\u00e3o foi publicada nesta ter\u00e7a-feira pelo jornal Folha de S.Paulo.<\/p>\n<p>O deputado est\u00e1 sendo processado na C\u00e2mara pelas acusa\u00e7\u00f5es de homofobia e defesa da tortura. Em discuss\u00e3o com a deputado Maria do Ros\u00e1rio (PT-RS), tamb\u00e9m foi acusado de fazer apologia ao estupro. O deputado nega as acusa\u00e7\u00f5es. A palestra foi planejada pelo empres\u00e1rio Alexandre Nigri. Dois dias depois de perceber a rea\u00e7\u00e3o negativa, anunciou o cancelamento do evento.<\/p>\n<p>O organizador ao abaix0-assinado, Mauro Nadvorny, comentou a rea\u00e7\u00e3o: \u201cTomou essa propor\u00e7\u00e3o por tudo de ruim que representa o Bolsonaro. Um racista, mis\u00f3geno, antissemita, pensar em ser recebido em um clube da comunidade \u00e9, por si s\u00f3, terr\u00edvel\u201d. Ele acrescentou que o epis\u00f3dio remete ao holocausto: \u201cQuando Hitler come\u00e7ou, tamb\u00e9m teve apoio de judeus\u201d.<\/p>\n<p>O presidente da Hebraica, Avi Gelberg, disse que o convite ainda n\u00e3o havia sido oficializado. \u201cAp\u00f3s conversa com a equipe do deputado, definimos que seria mais adequado fazer um evento com todos os pr\u00e9-candidatos, num modelo equilibrado e democr\u00e1tico, como sempre agimos\u201d, disse.<\/p>\n<p>O rabino Michel Schlesinger apoiou o cancelamento: \u201cO juda\u00edsmo tem tradi\u00e7\u00e3o de debate. Mas a liberdade de express\u00e3o n\u00e3o pode servir de plataforma para a propaga\u00e7\u00e3o de ideologia discriminat\u00f3ria e apolog\u00e9tica \u00e0 ditadura\u201d.<\/p>\n","protected":false},"excerpt":{"rendered":"<p>REA\u00c7\u00c3O DA COMUNIDADE JUDAICA LEVA A SUSPENS\u00c3O DE PALESTRA DE BOLSONARO<\/p>\n","protected":false},"author":1,"featured_media":0,"comment_status":"closed","ping_status":"open","sticky":false,"template":"","format":"standard","meta":{"_exactmetrics_skip_tracking":false,"_exactmetrics_sitenote_active":false,"_exactmetrics_sitenote_note":"","_exactmetrics_sitenote_category":0,"jetpack_post_was_ever_published":false,"_jetpack_newsletter_access":"","_jetpack_dont_email_post_to_subs":false,"_jetpack_newsletter_tier_id":0,"_jetpack_memberships_contains_paywalled_content":false,"_jetpack_memberships_contains_paid_content":false,"footnotes":"","jetpack_publicize_message":"","jetpack_publicize_feature_enabled":true,"jetpack_social_post_already_shared":true,"jetpack_social_options":{"image_generator_settings":{"template":"highway","enabled":false},"version":2}},"categories":[1],"tags":[],"class_list":["post-8857","post","type-post","status-publish","format-standard","hentry","category-notas"],"jetpack_publicize_connections":[],"jetpack_sharing_enabled":true,"jetpack_featured_media_url":"","jetpack_shortlink":"https:\/\/wp.me\/p7wKYW-2iR","jetpack-related-posts":[],"_links":{"self":[{"href":"http:\/\/blogdalucianaoliveira.com.br\/blog\/wp-json\/wp\/v2\/posts\/8857","targetHints":{"allow":["GET"]}}],"collection":[{"href":"http:\/\/blogdalucianaoliveira.com.br\/blog\/wp-json\/wp\/v2\/posts"}],"about":[{"href":"http:\/\/blogdalucianaoliveira.com.br\/blog\/wp-json\/wp\/v2\/types\/post"}],"author":[{"embeddable":true,"href":"http:\/\/blogdalucianaoliveira.com.br\/blog\/wp-json\/wp\/v2\/users\/1"}],"replies":[{"embeddable":true,"href":"http:\/\/blogdalucianaoliveira.com.br\/blog\/wp-json\/wp\/v2\/comments?post=8857"}],"version-history":[{"count":1,"href":"http:\/\/blogdalucianaoliveira.com.br\/blog\/wp-json\/wp\/v2\/posts\/8857\/revisions"}],"predecessor-version":[{"id":8859,"href":"http:\/\/blogdalucianaoliveira.com.br\/blog\/wp-json\/wp\/v2\/posts\/8857\/revisions\/8859"}],"wp:attachment":[{"href":"http:\/\/blogdalucianaoliveira.com.br\/blog\/wp-json\/wp\/v2\/media?parent=8857"}],"wp:term":[{"taxonomy":"category","embeddable":true,"href":"http:\/\/blogdalucianaoliveira.com.br\/blog\/wp-json\/wp\/v2\/categories?post=8857"},{"taxonomy":"post_tag","embeddable":true,"href":"http:\/\/blogdalucianaoliveira.com.br\/blog\/wp-json\/wp\/v2\/tags?post=8857"}],"curies":[{"name":"wp","href":"https:\/\/api.w.org\/{rel}","templated":true}]}}