{"id":8861,"date":"2017-03-01T09:20:31","date_gmt":"2017-03-01T13:20:31","guid":{"rendered":"http:\/\/blogdalucianaoliveira.com.br\/blog\/?p=8861"},"modified":"2017-03-01T09:20:31","modified_gmt":"2017-03-01T13:20:31","slug":"impeachment-de-dilma-e-golpe-de-estado-conclui-tribunal-internacional","status":"publish","type":"post","link":"http:\/\/blogdalucianaoliveira.com.br\/blog\/2017\/03\/01\/impeachment-de-dilma-e-golpe-de-estado-conclui-tribunal-internacional\/","title":{"rendered":"IMPEACHMENT DE DILMA \u00c9 GOLPE DE ESTADO, CONCLUI TRIBUNAL INTERNACIONAL"},"content":{"rendered":"<p><img data-recalc-dims=\"1\" loading=\"lazy\" decoding=\"async\" data-attachment-id=\"8862\" data-permalink=\"http:\/\/blogdalucianaoliveira.com.br\/blog\/2017\/03\/01\/impeachment-de-dilma-e-golpe-de-estado-conclui-tribunal-internacional\/img_3244\/\" data-orig-file=\"https:\/\/i0.wp.com\/blogdalucianaoliveira.com.br\/blog\/wp-content\/uploads\/2017\/03\/IMG_3244.jpg?fit=480%2C240\" data-orig-size=\"480,240\" data-comments-opened=\"0\" data-image-meta=\"{&quot;aperture&quot;:&quot;0&quot;,&quot;credit&quot;:&quot;&quot;,&quot;camera&quot;:&quot;&quot;,&quot;caption&quot;:&quot;&quot;,&quot;created_timestamp&quot;:&quot;0&quot;,&quot;copyright&quot;:&quot;&quot;,&quot;focal_length&quot;:&quot;0&quot;,&quot;iso&quot;:&quot;0&quot;,&quot;shutter_speed&quot;:&quot;0&quot;,&quot;title&quot;:&quot;&quot;,&quot;orientation&quot;:&quot;0&quot;}\" data-image-title=\"IMG_3244\" data-image-description=\"\" data-image-caption=\"\" data-medium-file=\"https:\/\/i0.wp.com\/blogdalucianaoliveira.com.br\/blog\/wp-content\/uploads\/2017\/03\/IMG_3244.jpg?fit=300%2C150\" data-large-file=\"https:\/\/i0.wp.com\/blogdalucianaoliveira.com.br\/blog\/wp-content\/uploads\/2017\/03\/IMG_3244.jpg?fit=480%2C240\" src=\"https:\/\/i0.wp.com\/blogdalucianaoliveira.com.br\/blog\/wp-content\/uploads\/2017\/03\/IMG_3244.jpg?resize=480%2C240\" alt=\"IMG_3244\" width=\"480\" height=\"240\" class=\"alignnone size-full wp-image-8862\" srcset=\"https:\/\/i0.wp.com\/blogdalucianaoliveira.com.br\/blog\/wp-content\/uploads\/2017\/03\/IMG_3244.jpg?w=480 480w, https:\/\/i0.wp.com\/blogdalucianaoliveira.com.br\/blog\/wp-content\/uploads\/2017\/03\/IMG_3244.jpg?resize=300%2C150 300w\" sizes=\"auto, (max-width: 480px) 100vw, 480px\" \/><\/p>\n<p>247 \u2013 Foi divulgada no in\u00edcio da noite desta quarta-feira 20 a senten\u00e7a final do Tribunal Internacional pela Democracia no Brasil sobre a legalidade do processo de impeachment que afastou a presidente eleita Dilma Rousseff. O evento reuniu juristas de v\u00e1rios pa\u00edses por dois dias no Teatro Oi Casa Grande, no Rio de Janeiro.<!--more--><\/p>\n<p>A decis\u00e3o do corpo de jurados \u2013 formado por profissionais vindos do M\u00e9xico, da Fran\u00e7a, da It\u00e1lia, da Espanha, da Costa Rica e dos EUA \u2013 , aprovada por unanimidade, diz que &#8220;o processo de impeachment, nos termos da decis\u00e3o de sua admissibilidade pela C\u00e2mara dos Deputados e do parecer do Senado Federal, viola todos os princ\u00edpios do processo democr\u00e1tico e da ordem constitucional brasileira&#8221;.<\/p>\n<p>A conclus\u00e3o aponta ainda que o processo de impeachment nos termos ocorridos no Brasil violou tamb\u00e9m a &#8220;Conven\u00e7\u00e3o Americana de Direitos Humanos e o Pacto Internacional de Direitos Civis e Pol\u00edticos, e constitui-se um verdadeiro golpe de Estado&#8221;. Por isso, &#8220;deve ser declarado nulo&#8221;, acrescentam os juristas.<\/p>\n<p>Para chegar \u00e0 decis\u00e3o final, os juristas tiveram o aux\u00edlio de testemunhas, da defesa e da acusa\u00e7\u00e3o, e analisaram quatro perguntas, com base nos aspectos jur\u00eddicos, econ\u00f4micos, pol\u00edticos, culturais, sociais e hist\u00f3ricos do processo: 1. Viola a Constitui\u00e7\u00e3o?; 2. Sem a ocorr\u00eancia de crime de responsabilidade, caracteriza um golpe parlamentar?; 3. Foram violados os tratados internacionais dos quais o Brasil \u00e9 signat\u00e1rio?; e, 4. Impeachment deve ser declarado nulo?. A todas as perguntas, foi dada a resposta &#8220;sim&#8221;.<\/p>\n<p>&#8220;Decidiram os jurados declarar que o processo de impeachment contra Dilma Rousseff viola todos os princ\u00edpios do processo democr\u00e1tico e da ordem constitucional brasileira&#8221;, disse o jurista Juarez Tavares, que presidiu os trabalhos. &#8220;Em democracias presidencialistas n\u00e3o se pode impedir um chefe de Estado por raz\u00f5es pol\u00edticas. A aprova\u00e7\u00e3o ou desaprova\u00e7\u00e3o de um governo deve ser resolvida por elei\u00e7\u00f5es diretas, n\u00e3o por ato do Parlamento&#8221;, completou.<\/p>\n<p>O evento foi organizado pela Via Campesina Internacional, Frente Brasil Popular e Frente Brasil Juristas pela Democracia, com apoio de diversas organiza\u00e7\u00f5es sociais, e teve como objetivo julgar o argumento da acusa\u00e7\u00e3o de que n\u00e3o h\u00e1 base jur\u00eddica para sustentar o impeachment de Dilma. O evento aconteceu com a estrutura de um j\u00fari (composto por acusa\u00e7\u00e3o, defesa e senten\u00e7a).<\/p>\n","protected":false},"excerpt":{"rendered":"<p>247 \u2013 Foi divulgada no in\u00edcio da noite desta quarta-feira 20 a senten\u00e7a final do Tribunal Internacional pela Democracia no Brasil sobre a legalidade do processo de impeachment que afastou a presidente eleita Dilma Rousseff. O evento reuniu juristas de v\u00e1rios pa\u00edses por dois dias no Teatro Oi Casa Grande, no Rio de Janeiro.<\/p>\n","protected":false},"author":1,"featured_media":0,"comment_status":"closed","ping_status":"open","sticky":false,"template":"","format":"standard","meta":{"_exactmetrics_skip_tracking":false,"_exactmetrics_sitenote_active":false,"_exactmetrics_sitenote_note":"","_exactmetrics_sitenote_category":0,"jetpack_post_was_ever_published":false,"_jetpack_newsletter_access":"","_jetpack_dont_email_post_to_subs":false,"_jetpack_newsletter_tier_id":0,"_jetpack_memberships_contains_paywalled_content":false,"_jetpack_memberships_contains_paid_content":false,"footnotes":"","jetpack_publicize_message":"","jetpack_publicize_feature_enabled":true,"jetpack_social_post_already_shared":true,"jetpack_social_options":{"image_generator_settings":{"template":"highway","enabled":false},"version":2}},"categories":[1],"tags":[],"class_list":["post-8861","post","type-post","status-publish","format-standard","hentry","category-notas"],"jetpack_publicize_connections":[],"jetpack_sharing_enabled":true,"jetpack_featured_media_url":"","jetpack_shortlink":"https:\/\/wp.me\/p7wKYW-2iV","jetpack-related-posts":[],"_links":{"self":[{"href":"http:\/\/blogdalucianaoliveira.com.br\/blog\/wp-json\/wp\/v2\/posts\/8861","targetHints":{"allow":["GET"]}}],"collection":[{"href":"http:\/\/blogdalucianaoliveira.com.br\/blog\/wp-json\/wp\/v2\/posts"}],"about":[{"href":"http:\/\/blogdalucianaoliveira.com.br\/blog\/wp-json\/wp\/v2\/types\/post"}],"author":[{"embeddable":true,"href":"http:\/\/blogdalucianaoliveira.com.br\/blog\/wp-json\/wp\/v2\/users\/1"}],"replies":[{"embeddable":true,"href":"http:\/\/blogdalucianaoliveira.com.br\/blog\/wp-json\/wp\/v2\/comments?post=8861"}],"version-history":[{"count":1,"href":"http:\/\/blogdalucianaoliveira.com.br\/blog\/wp-json\/wp\/v2\/posts\/8861\/revisions"}],"predecessor-version":[{"id":8863,"href":"http:\/\/blogdalucianaoliveira.com.br\/blog\/wp-json\/wp\/v2\/posts\/8861\/revisions\/8863"}],"wp:attachment":[{"href":"http:\/\/blogdalucianaoliveira.com.br\/blog\/wp-json\/wp\/v2\/media?parent=8861"}],"wp:term":[{"taxonomy":"category","embeddable":true,"href":"http:\/\/blogdalucianaoliveira.com.br\/blog\/wp-json\/wp\/v2\/categories?post=8861"},{"taxonomy":"post_tag","embeddable":true,"href":"http:\/\/blogdalucianaoliveira.com.br\/blog\/wp-json\/wp\/v2\/tags?post=8861"}],"curies":[{"name":"wp","href":"https:\/\/api.w.org\/{rel}","templated":true}]}}