{"id":8870,"date":"2017-03-01T12:30:28","date_gmt":"2017-03-01T16:30:28","guid":{"rendered":"http:\/\/blogdalucianaoliveira.com.br\/blog\/?p=8870"},"modified":"2017-03-01T12:32:34","modified_gmt":"2017-03-01T16:32:34","slug":"se-o-ano-comeca-apos-o-carnaval-nao-adie-o-fora-temer","status":"publish","type":"post","link":"http:\/\/blogdalucianaoliveira.com.br\/blog\/2017\/03\/01\/se-o-ano-comeca-apos-o-carnaval-nao-adie-o-fora-temer\/","title":{"rendered":"SE O ANO COME\u00c7A AP\u00d3S O CARNAVAL N\u00c3O ADIE O FORA TEMER"},"content":{"rendered":"<p><img data-recalc-dims=\"1\" loading=\"lazy\" decoding=\"async\" data-attachment-id=\"8871\" data-permalink=\"http:\/\/blogdalucianaoliveira.com.br\/blog\/2017\/03\/01\/se-o-ano-comeca-apos-o-carnaval-nao-adie-o-fora-temer\/foracao\/\" data-orig-file=\"https:\/\/i0.wp.com\/blogdalucianaoliveira.com.br\/blog\/wp-content\/uploads\/2017\/03\/foracao.jpg?fit=1000%2C357\" data-orig-size=\"1000,357\" data-comments-opened=\"0\" data-image-meta=\"{&quot;aperture&quot;:&quot;0&quot;,&quot;credit&quot;:&quot;&quot;,&quot;camera&quot;:&quot;&quot;,&quot;caption&quot;:&quot;&quot;,&quot;created_timestamp&quot;:&quot;0&quot;,&quot;copyright&quot;:&quot;&quot;,&quot;focal_length&quot;:&quot;0&quot;,&quot;iso&quot;:&quot;0&quot;,&quot;shutter_speed&quot;:&quot;0&quot;,&quot;title&quot;:&quot;&quot;,&quot;orientation&quot;:&quot;0&quot;}\" data-image-title=\"foracao\" data-image-description=\"\" data-image-caption=\"\" data-medium-file=\"https:\/\/i0.wp.com\/blogdalucianaoliveira.com.br\/blog\/wp-content\/uploads\/2017\/03\/foracao.jpg?fit=300%2C107\" data-large-file=\"https:\/\/i0.wp.com\/blogdalucianaoliveira.com.br\/blog\/wp-content\/uploads\/2017\/03\/foracao.jpg?fit=600%2C214\" src=\"https:\/\/i0.wp.com\/blogdalucianaoliveira.com.br\/blog\/wp-content\/uploads\/2017\/03\/foracao.jpg?resize=600%2C214\" alt=\"foracao\" width=\"600\" height=\"214\" class=\"alignnone size-full wp-image-8871\" srcset=\"https:\/\/i0.wp.com\/blogdalucianaoliveira.com.br\/blog\/wp-content\/uploads\/2017\/03\/foracao.jpg?w=1000 1000w, https:\/\/i0.wp.com\/blogdalucianaoliveira.com.br\/blog\/wp-content\/uploads\/2017\/03\/foracao.jpg?resize=300%2C107 300w, https:\/\/i0.wp.com\/blogdalucianaoliveira.com.br\/blog\/wp-content\/uploads\/2017\/03\/foracao.jpg?resize=768%2C274 768w, https:\/\/i0.wp.com\/blogdalucianaoliveira.com.br\/blog\/wp-content\/uploads\/2017\/03\/foracao.jpg?resize=800%2C286 800w\" sizes=\"auto, (max-width: 600px) 100vw, 600px\" \/><\/p>\n<p>O jornalista Xico S\u00e1 publicou uma provoca\u00e7\u00e3o em seu twitter aos que torceram pelo golpe, est\u00e3o sofrendo, mais ainda n\u00e3o tiveram coragem de assumir.<\/p>\n<p>\u201cvou entrar na justi\u00e7a, s\u00e9rio, contra os paneleiros: eles me prometeram uma vida boa depois da queda da Dilma.\u201d<!--more--><\/p>\n<p>O sil\u00eancio dos culpados n\u00e3o deixa de ser um bom sinal, pois indica uma virada no clamor popular que deve prevalecer este ano.<\/p>\n<p>Se quem cala, consente ou ao menos n\u00e3o atrapalha, ningu\u00e9m segura o Fora Temer. <\/p>\n<p>O apelo tomou \u00e0s ruas do pa\u00eds em v\u00e1rios eventos e blocos de carnaval sem obje\u00e7\u00e3o popular.<\/p>\n<div class=\"jetpack-video-wrapper\"><iframe loading=\"lazy\" title=\"E o GRITO do Carnaval 2017 foi... &quot;FORA, TEMER!!!&quot;\" width=\"600\" height=\"338\" src=\"https:\/\/www.youtube.com\/embed\/Ll86wpaPF8s?feature=oembed\" frameborder=\"0\" allow=\"accelerometer; autoplay; clipboard-write; encrypted-media; gyroscope; picture-in-picture; web-share\" referrerpolicy=\"strict-origin-when-cross-origin\" allowfullscreen><\/iframe><\/div>\n<p>Quem tentou disfar\u00e7ar contrariedade frente ao coro se deu mal, como os prefeitos de S\u00e3o Paulo, Jo\u00e3o Doria e de Salvador, ACM Neto. Foram enxotados do meio do povo com vaias.<\/p>\n<p>O ideal de que a maioria grite Fora Temer nos pr\u00f3ximos meses j\u00e1 n\u00e3o parece t\u00e3o distante.<\/p>\n<p>H\u00e1 um senso comum prevalecendo, o de que Brasil n\u00e3o melhorou em nada com o golpe e que s\u00f3 serviu mesmo pra catapultar ao poder os principais investigados na Opera\u00e7\u00e3o Lava Jato dedicados a salvar a pr\u00f3pria pele.<\/p>\n<p>O \u2018presidente\u2019 sem povo est\u00e1 acuado pelo coro de quem nunca se resignou \u00e0 manipula\u00e7\u00e3o midi\u00e1tica.<\/p>\n<p>\u00c9 empurrar, que ele cai.<\/p>\n<p>Pra que o ano n\u00e3o comece s\u00f3 ap\u00f3s o carnaval de 2018, empurre.<\/p>\n","protected":false},"excerpt":{"rendered":"<p>O jornalista Xico S\u00e1 publicou uma provoca\u00e7\u00e3o em seu twitter aos que torceram pelo golpe, est\u00e3o sofrendo, mais ainda n\u00e3o tiveram coragem de assumir. \u201cvou entrar na justi\u00e7a, s\u00e9rio, contra os paneleiros: eles me prometeram uma vida boa depois da queda da Dilma.\u201d<\/p>\n","protected":false},"author":1,"featured_media":0,"comment_status":"closed","ping_status":"open","sticky":false,"template":"","format":"standard","meta":{"_exactmetrics_skip_tracking":false,"_exactmetrics_sitenote_active":false,"_exactmetrics_sitenote_note":"","_exactmetrics_sitenote_category":0,"jetpack_post_was_ever_published":false,"_jetpack_newsletter_access":"","_jetpack_dont_email_post_to_subs":false,"_jetpack_newsletter_tier_id":0,"_jetpack_memberships_contains_paywalled_content":false,"_jetpack_memberships_contains_paid_content":false,"footnotes":"","jetpack_publicize_message":"","jetpack_publicize_feature_enabled":true,"jetpack_social_post_already_shared":true,"jetpack_social_options":{"image_generator_settings":{"template":"highway","enabled":false},"version":2}},"categories":[1],"tags":[],"class_list":["post-8870","post","type-post","status-publish","format-standard","hentry","category-notas"],"jetpack_publicize_connections":[],"jetpack_sharing_enabled":true,"jetpack_featured_media_url":"","jetpack_shortlink":"https:\/\/wp.me\/p7wKYW-2j4","jetpack-related-posts":[],"_links":{"self":[{"href":"http:\/\/blogdalucianaoliveira.com.br\/blog\/wp-json\/wp\/v2\/posts\/8870","targetHints":{"allow":["GET"]}}],"collection":[{"href":"http:\/\/blogdalucianaoliveira.com.br\/blog\/wp-json\/wp\/v2\/posts"}],"about":[{"href":"http:\/\/blogdalucianaoliveira.com.br\/blog\/wp-json\/wp\/v2\/types\/post"}],"author":[{"embeddable":true,"href":"http:\/\/blogdalucianaoliveira.com.br\/blog\/wp-json\/wp\/v2\/users\/1"}],"replies":[{"embeddable":true,"href":"http:\/\/blogdalucianaoliveira.com.br\/blog\/wp-json\/wp\/v2\/comments?post=8870"}],"version-history":[{"count":3,"href":"http:\/\/blogdalucianaoliveira.com.br\/blog\/wp-json\/wp\/v2\/posts\/8870\/revisions"}],"predecessor-version":[{"id":8874,"href":"http:\/\/blogdalucianaoliveira.com.br\/blog\/wp-json\/wp\/v2\/posts\/8870\/revisions\/8874"}],"wp:attachment":[{"href":"http:\/\/blogdalucianaoliveira.com.br\/blog\/wp-json\/wp\/v2\/media?parent=8870"}],"wp:term":[{"taxonomy":"category","embeddable":true,"href":"http:\/\/blogdalucianaoliveira.com.br\/blog\/wp-json\/wp\/v2\/categories?post=8870"},{"taxonomy":"post_tag","embeddable":true,"href":"http:\/\/blogdalucianaoliveira.com.br\/blog\/wp-json\/wp\/v2\/tags?post=8870"}],"curies":[{"name":"wp","href":"https:\/\/api.w.org\/{rel}","templated":true}]}}