{"id":8875,"date":"2017-03-01T13:44:50","date_gmt":"2017-03-01T17:44:50","guid":{"rendered":"http:\/\/blogdalucianaoliveira.com.br\/blog\/?p=8875"},"modified":"2017-03-01T13:53:18","modified_gmt":"2017-03-01T17:53:18","slug":"sociedade-maranhense-de-direitos-humanos-realiza-encontro-em-ji-parana","status":"publish","type":"post","link":"http:\/\/blogdalucianaoliveira.com.br\/blog\/2017\/03\/01\/sociedade-maranhense-de-direitos-humanos-realiza-encontro-em-ji-parana\/","title":{"rendered":"Sociedade Maranhense de Direitos Humanos realiza encontro em J\u00ed-Paran\u00e1"},"content":{"rendered":"<p><img data-recalc-dims=\"1\" loading=\"lazy\" decoding=\"async\" data-attachment-id=\"8876\" data-permalink=\"http:\/\/blogdalucianaoliveira.com.br\/blog\/2017\/03\/01\/sociedade-maranhense-de-direitos-humanos-realiza-encontro-em-ji-parana\/dire\/\" data-orig-file=\"https:\/\/i0.wp.com\/blogdalucianaoliveira.com.br\/blog\/wp-content\/uploads\/2017\/03\/dire.jpg?fit=274%2C184\" data-orig-size=\"274,184\" data-comments-opened=\"0\" data-image-meta=\"{&quot;aperture&quot;:&quot;0&quot;,&quot;credit&quot;:&quot;&quot;,&quot;camera&quot;:&quot;&quot;,&quot;caption&quot;:&quot;&quot;,&quot;created_timestamp&quot;:&quot;0&quot;,&quot;copyright&quot;:&quot;&quot;,&quot;focal_length&quot;:&quot;0&quot;,&quot;iso&quot;:&quot;0&quot;,&quot;shutter_speed&quot;:&quot;0&quot;,&quot;title&quot;:&quot;&quot;,&quot;orientation&quot;:&quot;0&quot;}\" data-image-title=\"dire\" data-image-description=\"\" data-image-caption=\"\" data-medium-file=\"https:\/\/i0.wp.com\/blogdalucianaoliveira.com.br\/blog\/wp-content\/uploads\/2017\/03\/dire.jpg?fit=274%2C184\" data-large-file=\"https:\/\/i0.wp.com\/blogdalucianaoliveira.com.br\/blog\/wp-content\/uploads\/2017\/03\/dire.jpg?fit=274%2C184\" src=\"https:\/\/i0.wp.com\/blogdalucianaoliveira.com.br\/blog\/wp-content\/uploads\/2017\/03\/dire.jpg?resize=274%2C184\" alt=\"dire\" width=\"274\" height=\"184\" class=\"alignnone size-full wp-image-8876\" \/><\/p>\n<p>\u201cDEFENDENDO VIDAS E GARANTINDO DIREITOS EXPROPRIADOS\u201d <!--more--><\/p>\n<p>A Sociedade Maranhense de Direitos e o Comit\u00ea Brasileiro de Defensores e Defensoras de Direitos Humanos convidam as organiza\u00e7\u00f5es e Movimentos Sociais para a Oficina Estadual dos Defensores Defensoras de Direitos Humanos do Estado de Rond\u00f4nia, a ser realizada nos dias 02 e 03 de mar\u00e7o de 2017, iniciando \u00e0s 10h00\u2019 do primeiro dia, no Centro de Forma\u00e7\u00e3o de Agricultores da Fetagro, localizado na Avenida Edson Lima Nascimento, lote urbano n\u00ba 08, quadra 61, loteamento Jardim S\u00e3o Crist\u00f3v\u00e3o , Ji-Paran\u00e1.<\/p>\n<p>A Oficina \u00e9 parte das a\u00e7\u00f5es do Projeto \u201cDefendendo Vidas e Garantindo Direitos Expropriados\u201d, criado para contribuir no enfrentamento das amea\u00e7as crescentes a defensores (as) de direitos humanos no Brasil frente a aus\u00eancia de regulamenta\u00e7\u00e3o do Programa de Prote\u00e7\u00e3o dos Defensoras e Defensores de Direitos Humanos (PPDDH), de sua<br \/>\npequena abrang\u00eancia e do agravamento da persegui\u00e7\u00e3o aos defensores nesta conjuntura de fortalecimento dos setores reacion\u00e1rios, de ataque \u00e0s conquistas sociais e de desestrutura\u00e7\u00e3o do Estado de Direito.<\/p>\n<p>O objetivo da Oficina \u00e9 fortalecer a luta em defesa dos direitos humanos, contribuindo na constru\u00e7\u00e3o de alternativas para dar visibilidade \u00e0s crescentes amea\u00e7as que se agudizam no momento atual; garantir a defesa daquelas e daqueles que lutam por direitos; enfrentar a criminaliza\u00e7\u00e3o dos movimentos sociais e, finalmente, fortalecer a rede de solidariedade \u00e0s\/os defensoras\/es no Estado.<\/p>\n<p>A Oficina Estadual ser\u00e1 um importante espa\u00e7o para o debate, reflex\u00e3o, troca de experi\u00eancias e consolida\u00e7\u00e3o de uma rede de solidariedade ainda mais forte para o enfrentamento diante da atual conjuntura.<\/p>\n<p>Confirme a presen\u00e7a de representantes de sua entidade pelo e-mail: smdhbsb@gmail.com.<\/p>\n<p>Outras informa\u00e7\u00f5es, por meio dos telefones: (61) 3273-4585 \u2013 Fernanda Caroline.<\/p>\n","protected":false},"excerpt":{"rendered":"<p>\u201cDEFENDENDO VIDAS E GARANTINDO DIREITOS EXPROPRIADOS\u201d<\/p>\n","protected":false},"author":1,"featured_media":8876,"comment_status":"closed","ping_status":"open","sticky":false,"template":"","format":"standard","meta":{"_exactmetrics_skip_tracking":false,"_exactmetrics_sitenote_active":false,"_exactmetrics_sitenote_note":"","_exactmetrics_sitenote_category":0,"jetpack_post_was_ever_published":false,"_jetpack_newsletter_access":"","_jetpack_dont_email_post_to_subs":false,"_jetpack_newsletter_tier_id":0,"_jetpack_memberships_contains_paywalled_content":false,"_jetpack_memberships_contains_paid_content":false,"footnotes":"","jetpack_publicize_message":"","jetpack_publicize_feature_enabled":true,"jetpack_social_post_already_shared":true,"jetpack_social_options":{"image_generator_settings":{"template":"highway","enabled":false},"version":2}},"categories":[1],"tags":[],"class_list":["post-8875","post","type-post","status-publish","format-standard","has-post-thumbnail","hentry","category-notas"],"jetpack_publicize_connections":[],"jetpack_sharing_enabled":true,"jetpack_featured_media_url":"https:\/\/i0.wp.com\/blogdalucianaoliveira.com.br\/blog\/wp-content\/uploads\/2017\/03\/dire.jpg?fit=274%2C184","jetpack_shortlink":"https:\/\/wp.me\/p7wKYW-2j9","jetpack-related-posts":[],"_links":{"self":[{"href":"http:\/\/blogdalucianaoliveira.com.br\/blog\/wp-json\/wp\/v2\/posts\/8875","targetHints":{"allow":["GET"]}}],"collection":[{"href":"http:\/\/blogdalucianaoliveira.com.br\/blog\/wp-json\/wp\/v2\/posts"}],"about":[{"href":"http:\/\/blogdalucianaoliveira.com.br\/blog\/wp-json\/wp\/v2\/types\/post"}],"author":[{"embeddable":true,"href":"http:\/\/blogdalucianaoliveira.com.br\/blog\/wp-json\/wp\/v2\/users\/1"}],"replies":[{"embeddable":true,"href":"http:\/\/blogdalucianaoliveira.com.br\/blog\/wp-json\/wp\/v2\/comments?post=8875"}],"version-history":[{"count":1,"href":"http:\/\/blogdalucianaoliveira.com.br\/blog\/wp-json\/wp\/v2\/posts\/8875\/revisions"}],"predecessor-version":[{"id":8877,"href":"http:\/\/blogdalucianaoliveira.com.br\/blog\/wp-json\/wp\/v2\/posts\/8875\/revisions\/8877"}],"wp:featuredmedia":[{"embeddable":true,"href":"http:\/\/blogdalucianaoliveira.com.br\/blog\/wp-json\/wp\/v2\/media\/8876"}],"wp:attachment":[{"href":"http:\/\/blogdalucianaoliveira.com.br\/blog\/wp-json\/wp\/v2\/media?parent=8875"}],"wp:term":[{"taxonomy":"category","embeddable":true,"href":"http:\/\/blogdalucianaoliveira.com.br\/blog\/wp-json\/wp\/v2\/categories?post=8875"},{"taxonomy":"post_tag","embeddable":true,"href":"http:\/\/blogdalucianaoliveira.com.br\/blog\/wp-json\/wp\/v2\/tags?post=8875"}],"curies":[{"name":"wp","href":"https:\/\/api.w.org\/{rel}","templated":true}]}}