{"id":8879,"date":"2017-03-02T11:26:40","date_gmt":"2017-03-02T15:26:40","guid":{"rendered":"http:\/\/blogdalucianaoliveira.com.br\/blog\/?p=8879"},"modified":"2017-03-02T11:30:07","modified_gmt":"2017-03-02T15:30:07","slug":"da-pra-confiar-cegamente-em-parcerias-publico-privadas-a-custo-zero","status":"publish","type":"post","link":"http:\/\/blogdalucianaoliveira.com.br\/blog\/2017\/03\/02\/da-pra-confiar-cegamente-em-parcerias-publico-privadas-a-custo-zero\/","title":{"rendered":"D\u00e1 pra confiar cegamente em parcerias p\u00fablico-privadas a custo zero?"},"content":{"rendered":"<p><img data-recalc-dims=\"1\" loading=\"lazy\" decoding=\"async\" data-attachment-id=\"8881\" data-permalink=\"http:\/\/blogdalucianaoliveira.com.br\/blog\/2017\/03\/02\/da-pra-confiar-cegamente-em-parcerias-publico-privadas-a-custo-zero\/ahta-2\/\" data-orig-file=\"https:\/\/i0.wp.com\/blogdalucianaoliveira.com.br\/blog\/wp-content\/uploads\/2017\/03\/ahta-2.jpg?fit=595%2C290\" data-orig-size=\"595,290\" data-comments-opened=\"0\" data-image-meta=\"{&quot;aperture&quot;:&quot;0&quot;,&quot;credit&quot;:&quot;&quot;,&quot;camera&quot;:&quot;&quot;,&quot;caption&quot;:&quot;&quot;,&quot;created_timestamp&quot;:&quot;0&quot;,&quot;copyright&quot;:&quot;&quot;,&quot;focal_length&quot;:&quot;0&quot;,&quot;iso&quot;:&quot;0&quot;,&quot;shutter_speed&quot;:&quot;0&quot;,&quot;title&quot;:&quot;&quot;,&quot;orientation&quot;:&quot;0&quot;}\" data-image-title=\"ahta (2)\" data-image-description=\"\" data-image-caption=\"\" data-medium-file=\"https:\/\/i0.wp.com\/blogdalucianaoliveira.com.br\/blog\/wp-content\/uploads\/2017\/03\/ahta-2.jpg?fit=300%2C146\" data-large-file=\"https:\/\/i0.wp.com\/blogdalucianaoliveira.com.br\/blog\/wp-content\/uploads\/2017\/03\/ahta-2.jpg?fit=595%2C290\" src=\"https:\/\/i0.wp.com\/blogdalucianaoliveira.com.br\/blog\/wp-content\/uploads\/2017\/03\/ahta-2.jpg?resize=595%2C290\" alt=\"ahta (2)\" width=\"595\" height=\"290\" class=\"alignnone size-full wp-image-8881\" srcset=\"https:\/\/i0.wp.com\/blogdalucianaoliveira.com.br\/blog\/wp-content\/uploads\/2017\/03\/ahta-2.jpg?w=595 595w, https:\/\/i0.wp.com\/blogdalucianaoliveira.com.br\/blog\/wp-content\/uploads\/2017\/03\/ahta-2.jpg?resize=300%2C146 300w\" sizes=\"auto, (max-width: 595px) 100vw, 595px\" \/> <\/p>\n<p>Os prefeitos tucanos de S\u00e3o Paulo Jo\u00e3o Doria e, de Porto Velho, Hildon Chaves, foram comparados pela revista Veja durante a campanha por terem perfis semelhantes, sobretudo pela voca\u00e7\u00e3o empresarial, fortuna e por nunca terem ocupados cargos pol\u00edticos. <!--more--><\/p>\n<p>Fora isso, tinham e mant\u00eam discurso semelhante com destaque para a promessa de parcerias p\u00fablico-privadas como forma de ampliar as a\u00e7\u00f5es do executivo e estimular a a\u00e7\u00e3o cidad\u00e3. <\/p>\n<p>Doria j\u00e1 executou servi\u00e7os de limpeza em monumentos e pontes e planeja reformar albergues, banheiros p\u00fablicos e recuperar carros da Companhia de Engenharia de Tr\u00e1fego (CET), que n\u00e3o circulam por falta de manuten\u00e7\u00e3o, sem gastar um centavo da prefeitura.<\/p>\n<p>Hildon garantiu a pintura de um cal\u00e7ad\u00e3o recentemente inaugurado no Mercado Cultural com a boa vontade de um empres\u00e1rio que vende tintas e outras parcerias est\u00e3o sendo planejadas. Um secret\u00e1rio me informou que o dono de um pub vai fazer a gest\u00e3o de eventos no espa\u00e7o. <\/p>\n<p>H\u00e1 quem enxergue a parceria a \u2018custo zero\u2019 como exemplo de cidadania e uma eficiente a\u00e7\u00e3o de marketing. <\/p>\n<p>Mas, ser\u00e1 mesmo s\u00f3 isso que motiva empres\u00e1rios em tempos de crise a cumprir o papel do poder p\u00fablico?<\/p>\n<p>E se for s\u00f3 isso, pelo compromisso social e possibilidade de retorno financeiro com o valor agregado pela a\u00e7\u00e3o de marketing, por que n\u00e3o h\u00e1 publicidade para que se forme uma fila de interessados? <\/p>\n<p>\u00c9 o que pergunta Alexandre Motonaga, professor de Parceria P\u00fablico-Privada e direito tribut\u00e1rio da Faculdade Get\u00falio Vargas (FGV) de S\u00e3o Paulo. &#8220;Eventualmente uma outra empresa poderia querer fazer essa a\u00e7\u00e3o. E se levanta a quest\u00e3o: por que foi escolhida a empresa B e n\u00e3o a C?&#8221;.<\/p>\n<p>S\u00e3o perguntas que poucos fazem e posteriormente se dedicam a fiscalizar se as parcerias n\u00e3o se converteram em outros ganhos. <\/p>\n<p>Algu\u00e9m acredita mesmo que a rela\u00e7\u00e3o entre o doador e o gestor p\u00fablico se encerra com a entrega de um servi\u00e7o a t\u00edtulo gratuito?<br \/>\nSeja como for, gozar de tr\u00e2nsito desobstru\u00eddo com o prefeito, j\u00e1 \u00e9 uma vantagem sobre os demais.<\/p>\n<p>A quest\u00e3o da PPP a custo zero n\u00e3o pode ser vista com deslumbramento.<\/p>\n<p>N\u00e3o, no pa\u00eds que tomou ci\u00eancia da rela\u00e7\u00e3o prom\u00edscua entre pol\u00edticos e empres\u00e1rios atrav\u00e9s da Opera\u00e7\u00e3o Lava Jato.<\/p>\n<p>O que foi contabilizado como doa\u00e7\u00e3o em campanhas eleitorais por d\u00e9cadas, foi retribu\u00eddo em obras milion\u00e1rias com cobran\u00e7a de propinas. <\/p>\n<p>Empresas nacionais e globais superfaturaram contratos em todo o pa\u00eds, embora os respons\u00e1veis por obras de governos tucanos em S\u00e3o Paulo sigam \u00e0 margem das investiga\u00e7\u00f5es.<\/p>\n<p>Mas, n\u00e3o esquecidos.<\/p>\n<p>A troca de interesses entre o p\u00fablico e privado saiu das conversas de p\u00e9 de orelha para os principais ve\u00edculos de comunica\u00e7\u00e3o. O Brasil descobriu com as dela\u00e7\u00f5es de investigados o que havia por tr\u00e1s de doa\u00e7\u00f5es eleitorais tidas como l\u00edcitas e desinteressadas.<\/p>\n<p>Mas, sobra empres\u00e1rio pego com a boca na botija que alega que foi v\u00edtima do sistema. <\/p>\n<p>Sinceramente, n\u00e3o compreendo como tem gente que confia cegamente em investimentos privados no p\u00fablico, sem contrapartida. <\/p>\n<p>E digo isso meramente em tom de provoca\u00e7\u00e3o \u00e0 reflex\u00e3o e n\u00e3o para lan\u00e7ar d\u00favidas sobre as parcerias j\u00e1 realizadas.<\/p>\n<p>S\u00f3 com o tempo saberemos se as contribui\u00e7\u00f5es de empresas n\u00e3o tiveram nenhuma contrapartida de forma direta ou indireta, expl\u00edcita ou impl\u00edcita.<\/p>\n<p>At\u00e9 saber, desconfie, monitore.<\/p>\n","protected":false},"excerpt":{"rendered":"<p>Os prefeitos tucanos de S\u00e3o Paulo Jo\u00e3o Doria e, de Porto Velho, Hildon Chaves, foram comparados pela revista Veja durante a campanha por terem perfis semelhantes, sobretudo pela voca\u00e7\u00e3o empresarial, fortuna e por nunca terem ocupados cargos pol\u00edticos.<\/p>\n","protected":false},"author":1,"featured_media":0,"comment_status":"closed","ping_status":"open","sticky":false,"template":"","format":"standard","meta":{"_exactmetrics_skip_tracking":false,"_exactmetrics_sitenote_active":false,"_exactmetrics_sitenote_note":"","_exactmetrics_sitenote_category":0,"jetpack_post_was_ever_published":false,"_jetpack_newsletter_access":"","_jetpack_dont_email_post_to_subs":false,"_jetpack_newsletter_tier_id":0,"_jetpack_memberships_contains_paywalled_content":false,"_jetpack_memberships_contains_paid_content":false,"footnotes":"","jetpack_publicize_message":"","jetpack_publicize_feature_enabled":true,"jetpack_social_post_already_shared":true,"jetpack_social_options":{"image_generator_settings":{"template":"highway","enabled":false},"version":2}},"categories":[1],"tags":[],"class_list":["post-8879","post","type-post","status-publish","format-standard","hentry","category-notas"],"jetpack_publicize_connections":[],"jetpack_sharing_enabled":true,"jetpack_featured_media_url":"","jetpack_shortlink":"https:\/\/wp.me\/p7wKYW-2jd","jetpack-related-posts":[],"_links":{"self":[{"href":"http:\/\/blogdalucianaoliveira.com.br\/blog\/wp-json\/wp\/v2\/posts\/8879","targetHints":{"allow":["GET"]}}],"collection":[{"href":"http:\/\/blogdalucianaoliveira.com.br\/blog\/wp-json\/wp\/v2\/posts"}],"about":[{"href":"http:\/\/blogdalucianaoliveira.com.br\/blog\/wp-json\/wp\/v2\/types\/post"}],"author":[{"embeddable":true,"href":"http:\/\/blogdalucianaoliveira.com.br\/blog\/wp-json\/wp\/v2\/users\/1"}],"replies":[{"embeddable":true,"href":"http:\/\/blogdalucianaoliveira.com.br\/blog\/wp-json\/wp\/v2\/comments?post=8879"}],"version-history":[{"count":3,"href":"http:\/\/blogdalucianaoliveira.com.br\/blog\/wp-json\/wp\/v2\/posts\/8879\/revisions"}],"predecessor-version":[{"id":8884,"href":"http:\/\/blogdalucianaoliveira.com.br\/blog\/wp-json\/wp\/v2\/posts\/8879\/revisions\/8884"}],"wp:attachment":[{"href":"http:\/\/blogdalucianaoliveira.com.br\/blog\/wp-json\/wp\/v2\/media?parent=8879"}],"wp:term":[{"taxonomy":"category","embeddable":true,"href":"http:\/\/blogdalucianaoliveira.com.br\/blog\/wp-json\/wp\/v2\/categories?post=8879"},{"taxonomy":"post_tag","embeddable":true,"href":"http:\/\/blogdalucianaoliveira.com.br\/blog\/wp-json\/wp\/v2\/tags?post=8879"}],"curies":[{"name":"wp","href":"https:\/\/api.w.org\/{rel}","templated":true}]}}