{"id":896,"date":"2016-05-16T07:52:38","date_gmt":"2016-05-16T11:52:38","guid":{"rendered":"http:\/\/blogdalucianaoliveira.com.br\/blog\/?p=896"},"modified":"2016-05-16T07:52:38","modified_gmt":"2016-05-16T11:52:38","slug":"a-longa-historia-da-familia-do-vaqueiro-que-filmou-filhas-sendo-abusadas-por-ex-senador","status":"publish","type":"post","link":"http:\/\/blogdalucianaoliveira.com.br\/blog\/2016\/05\/16\/a-longa-historia-da-familia-do-vaqueiro-que-filmou-filhas-sendo-abusadas-por-ex-senador\/","title":{"rendered":"A longa hist\u00f3ria da fam\u00edlia do vaqueiro que filmou filhas sendo abusadas por ex-senador"},"content":{"rendered":"<p><img data-recalc-dims=\"1\" loading=\"lazy\" decoding=\"async\" data-attachment-id=\"901\" data-permalink=\"http:\/\/blogdalucianaoliveira.com.br\/blog\/2016\/05\/16\/a-longa-historia-da-familia-do-vaqueiro-que-filmou-filhas-sendo-abusadas-por-ex-senador\/image-196\/\" data-orig-file=\"https:\/\/i0.wp.com\/blogdalucianaoliveira.com.br\/blog\/wp-content\/uploads\/2016\/05\/image-171.jpeg?fit=443%2C332\" data-orig-size=\"443,332\" data-comments-opened=\"0\" data-image-meta=\"{&quot;aperture&quot;:&quot;0&quot;,&quot;credit&quot;:&quot;&quot;,&quot;camera&quot;:&quot;&quot;,&quot;caption&quot;:&quot;&quot;,&quot;created_timestamp&quot;:&quot;0&quot;,&quot;copyright&quot;:&quot;&quot;,&quot;focal_length&quot;:&quot;0&quot;,&quot;iso&quot;:&quot;0&quot;,&quot;shutter_speed&quot;:&quot;0&quot;,&quot;title&quot;:&quot;&quot;,&quot;orientation&quot;:&quot;0&quot;}\" data-image-title=\"image\" data-image-description=\"\" data-image-caption=\"\" data-medium-file=\"https:\/\/i0.wp.com\/blogdalucianaoliveira.com.br\/blog\/wp-content\/uploads\/2016\/05\/image-171.jpeg?fit=300%2C225\" data-large-file=\"https:\/\/i0.wp.com\/blogdalucianaoliveira.com.br\/blog\/wp-content\/uploads\/2016\/05\/image-171.jpeg?fit=443%2C332\" src=\"https:\/\/i0.wp.com\/blogdalucianaoliveira.com.br\/blog\/wp-content\/uploads\/2016\/05\/image-171.jpeg?resize=443%2C332\" alt=\"image\" width=\"443\" height=\"332\" class=\"alignnone size-full wp-image-901\" srcset=\"https:\/\/i0.wp.com\/blogdalucianaoliveira.com.br\/blog\/wp-content\/uploads\/2016\/05\/image-171.jpeg?w=443 443w, https:\/\/i0.wp.com\/blogdalucianaoliveira.com.br\/blog\/wp-content\/uploads\/2016\/05\/image-171.jpeg?resize=300%2C225 300w, https:\/\/i0.wp.com\/blogdalucianaoliveira.com.br\/blog\/wp-content\/uploads\/2016\/05\/image-171.jpeg?resize=400%2C300 400w\" sizes=\"auto, (max-width: 443px) 100vw, 443px\" \/><\/p>\n<p>AP\u00d3S DEN\u00daNCIA DE ABUSO SEXUAL CONTRA EX-SENADOR, FAM\u00cdLIA VIVE REFUGIADA E COM MEDO<br \/>\nNezinho Alencar, de Tocantins, \u00e9 acusado de ter violentado filhas de vaqueiro.<\/p>\n<p>O Globo<br \/>\nPOR RENATA MARIZ<\/p>\n<p>BRAS\u00cdLIA &#8211; Era Dia Mundial do Trabalho. Naquele 1\u00ba de Maio do ano passado, a sorte parecia acenar para o homem de 33 anos, que deixaria o servi\u00e7o na ordenha do leite para ser vaqueiro na propriedade de um dos fazendeiros mais poderosos da regi\u00e3o, ao norte de Tocantins. Rascunhado em duas folhas de papel, o contrato de trabalho se resumia ao trato de ganhar um bezerro a cada oito que vingassem.<!--more--><\/p>\n<p>Animado com a oportunidade, ele jamais poderia imaginar que sairia dali com escolta da Pol\u00edcia Federal, depois de denunciar que o patr\u00e3o, um ex-senador da Rep\u00fablica, abusou sexualmente de suas filhas, de 6 e 9 anos. Inclu\u00edda em um programa governamental de prote\u00e7\u00e3o a testemunhas h\u00e1 menos de dois meses, a fam\u00edlia vive agora refugiada com medo.<\/p>\n<p>Em local previamente marcado e sob a vigil\u00e2ncia de policiais, O GLOBO esteve com parte da fam\u00edlia que est\u00e1 protegida. Ao todo, dez pessoas foram inclu\u00eddas no programa de apoio a amea\u00e7ados: o vaqueiro com a mulher e tr\u00eas filhos, incluindo as duas v\u00edtimas do abuso, al\u00e9m do irm\u00e3o dele, tamb\u00e9m com a mulher e tr\u00eas filhos. Os quatro adultos e as seis crian\u00e7as experimentam, desde fevereiro, quando foram retirados da cidade onde moravam, uma rotina completamente oposta a de quem sempre viveu livre no campo. Os passos s\u00e3o planejados. Liga\u00e7\u00f5es para parentes, s\u00f3 em hor\u00e1rios determinados. Do que mais sentem falta, o vaqueiro fala da m\u00e3e, de 75 anos e com sa\u00fade debilitada. O irm\u00e3o acrescenta que, muito provavelmente, eles n\u00e3o a ver\u00e3o mais.<\/p>\n<p>Todo o sacrif\u00edcio, por\u00e9m, s\u00f3 valer\u00e1 a pena, diz o vaqueiro, se Manoel Alencar Neto, conhecido por Nezinho Alencar, nome que usa na vida pol\u00edtica, for preso. Ele conta que, para garantir a puni\u00e7\u00e3o do fazendeiro de 66 anos, gravou, com um celular escondido numa \u00e1rvore, as cenas de viol\u00eancia sexual sofrida pelas filhas. O que pode parecer frieza para uns \u2014 ou arma\u00e7\u00e3o, segundo a defesa de Nezinho \u2014 \u00e9 apontada pelo pai das meninas como a \u00fanica forma de fazer com que acreditassem nele.<\/p>\n<p><img data-recalc-dims=\"1\" loading=\"lazy\" decoding=\"async\" data-attachment-id=\"897\" data-permalink=\"http:\/\/blogdalucianaoliveira.com.br\/blog\/2016\/05\/16\/a-longa-historia-da-familia-do-vaqueiro-que-filmou-filhas-sendo-abusadas-por-ex-senador\/image-194\/\" data-orig-file=\"https:\/\/i0.wp.com\/blogdalucianaoliveira.com.br\/blog\/wp-content\/uploads\/2016\/05\/image-169.jpeg?fit=639%2C384\" data-orig-size=\"639,384\" data-comments-opened=\"0\" data-image-meta=\"{&quot;aperture&quot;:&quot;0&quot;,&quot;credit&quot;:&quot;&quot;,&quot;camera&quot;:&quot;&quot;,&quot;caption&quot;:&quot;&quot;,&quot;created_timestamp&quot;:&quot;0&quot;,&quot;copyright&quot;:&quot;&quot;,&quot;focal_length&quot;:&quot;0&quot;,&quot;iso&quot;:&quot;0&quot;,&quot;shutter_speed&quot;:&quot;0&quot;,&quot;title&quot;:&quot;&quot;,&quot;orientation&quot;:&quot;0&quot;}\" data-image-title=\"image\" data-image-description=\"\" data-image-caption=\"\" data-medium-file=\"https:\/\/i0.wp.com\/blogdalucianaoliveira.com.br\/blog\/wp-content\/uploads\/2016\/05\/image-169.jpeg?fit=300%2C180\" data-large-file=\"https:\/\/i0.wp.com\/blogdalucianaoliveira.com.br\/blog\/wp-content\/uploads\/2016\/05\/image-169.jpeg?fit=600%2C361\" src=\"https:\/\/i0.wp.com\/blogdalucianaoliveira.com.br\/blog\/wp-content\/uploads\/2016\/05\/image-169.jpeg?resize=600%2C361\" alt=\"image\" width=\"600\" height=\"361\" class=\"alignnone size-full wp-image-897\" srcset=\"https:\/\/i0.wp.com\/blogdalucianaoliveira.com.br\/blog\/wp-content\/uploads\/2016\/05\/image-169.jpeg?w=639 639w, https:\/\/i0.wp.com\/blogdalucianaoliveira.com.br\/blog\/wp-content\/uploads\/2016\/05\/image-169.jpeg?resize=300%2C180 300w, https:\/\/i0.wp.com\/blogdalucianaoliveira.com.br\/blog\/wp-content\/uploads\/2016\/05\/image-169.jpeg?resize=499%2C300 499w\" sizes=\"auto, (max-width: 600px) 100vw, 600px\" \/><\/p>\n<p>\u2014 Eu nunca quis dinheiro. N\u00e3o vou negar que apontei muitas vezes a espingarda para ele, mas sempre pensava em Deus e na vida da minha fam\u00edlia, que ia se complicar se eu apertasse o gatilho. S\u00f3 quero ele preso \u2014 diz.<\/p>\n<p>Depois de mostrar as imagens dos abusos captadas pelo celular ao irm\u00e3o, que diz ter confrontado Nezinho para cobrar explica\u00e7\u00f5es, a dupla procurou a Pol\u00edcia Federal, em Palmas, que prendeu o fazendeiro numa opera\u00e7\u00e3o de combate \u00e0 pedofilia na internet. O propriet\u00e1rio ficou cerca de um m\u00eas e meio preso, antes de pagar fian\u00e7a de R$ 22 mil para responder o processo em liberdade. A libera\u00e7\u00e3o de Nezinho revoltou o vaqueiro.<\/p>\n<p>\u2014 A lei de l\u00e1 \u00e9 outra. Eu me arrependo de ter denunciado, devia ter feito justi\u00e7a com as minhas m\u00e3os. Hoje eu \u00e9 que estou preso, e ele est\u00e1 l\u00e1, vendendo e comprando gado \u2014 desabafou.<\/p>\n<p>Alheio aos tr\u00e2mites da Justi\u00e7a, o pai das crian\u00e7as, que \u00e9 analfabeto e sempre viveu do trabalho na ro\u00e7a, considera a liberta\u00e7\u00e3o de Nezinho \u201cum desacato\u201d com a fam\u00edlia. E, na simplicidade com que se expressa, diz duvidar que o \u201cvelho\u201d, como chama o ex-patr\u00e3o, estaria livre caso tivesse \u201cmexido com a filha do juiz, do delegado, do promotor ou de outro fazendeiro\u201d. O irm\u00e3o do vaqueiro concorda, explicando que Nezinho \u00e9 um homem muito respeitado na regi\u00e3o, a quem eles at\u00e9 pediam \u201cb\u00ean\u00e7\u00e3o\u201d.<\/p>\n<p><img data-recalc-dims=\"1\" loading=\"lazy\" decoding=\"async\" data-attachment-id=\"898\" data-permalink=\"http:\/\/blogdalucianaoliveira.com.br\/blog\/2016\/05\/16\/a-longa-historia-da-familia-do-vaqueiro-que-filmou-filhas-sendo-abusadas-por-ex-senador\/image-195\/\" data-orig-file=\"https:\/\/i0.wp.com\/blogdalucianaoliveira.com.br\/blog\/wp-content\/uploads\/2016\/05\/image-170.jpeg?fit=639%2C384\" data-orig-size=\"639,384\" data-comments-opened=\"0\" data-image-meta=\"{&quot;aperture&quot;:&quot;0&quot;,&quot;credit&quot;:&quot;&quot;,&quot;camera&quot;:&quot;&quot;,&quot;caption&quot;:&quot;&quot;,&quot;created_timestamp&quot;:&quot;0&quot;,&quot;copyright&quot;:&quot;&quot;,&quot;focal_length&quot;:&quot;0&quot;,&quot;iso&quot;:&quot;0&quot;,&quot;shutter_speed&quot;:&quot;0&quot;,&quot;title&quot;:&quot;&quot;,&quot;orientation&quot;:&quot;0&quot;}\" data-image-title=\"image\" data-image-description=\"\" data-image-caption=\"\" data-medium-file=\"https:\/\/i0.wp.com\/blogdalucianaoliveira.com.br\/blog\/wp-content\/uploads\/2016\/05\/image-170.jpeg?fit=300%2C180\" data-large-file=\"https:\/\/i0.wp.com\/blogdalucianaoliveira.com.br\/blog\/wp-content\/uploads\/2016\/05\/image-170.jpeg?fit=600%2C361\" src=\"https:\/\/i0.wp.com\/blogdalucianaoliveira.com.br\/blog\/wp-content\/uploads\/2016\/05\/image-170.jpeg?resize=600%2C361\" alt=\"image\" width=\"600\" height=\"361\" class=\"alignnone size-full wp-image-898\" srcset=\"https:\/\/i0.wp.com\/blogdalucianaoliveira.com.br\/blog\/wp-content\/uploads\/2016\/05\/image-170.jpeg?w=639 639w, https:\/\/i0.wp.com\/blogdalucianaoliveira.com.br\/blog\/wp-content\/uploads\/2016\/05\/image-170.jpeg?resize=300%2C180 300w, https:\/\/i0.wp.com\/blogdalucianaoliveira.com.br\/blog\/wp-content\/uploads\/2016\/05\/image-170.jpeg?resize=499%2C300 499w\" sizes=\"auto, (max-width: 600px) 100vw, 600px\" \/><\/p>\n<p>N\u00e3o tardou para recados velados e amea\u00e7as mais diretas chegarem, segundo contam. Acuados na casa de um parente, por onde carros luxuosos incomuns num bairro pobre come\u00e7aram a ser vistos, eles se renderam \u00e0 indica\u00e7\u00e3o de serem colocados sob prote\u00e7\u00e3o do Estado. Venderam os bens que tinham de \u00faltima hora e deixaram Tocantins, de onde os irm\u00e3os s\u00f3 haviam sa\u00eddo para temporadas de trabalho no Par\u00e1. Querem voltar a \u201cmexer com bicho e plantar\u201d, que, segundo eles, s\u00e3o as \u00fanicas coisas que sabem fazer. A dupla reclama de morar \u201cem rua\u201d, numa refer\u00eancia \u00e0 \u00e1rea urbana, mas n\u00e3o alimenta esperan\u00e7as de voltar ao lugar que sempre viveram.<\/p>\n<p>\u2014 \u00c9 pedir para morrer \u2014 resume o irm\u00e3o do vaqueiro.<\/p>\n<p>N\u00e3o prosperou o sonho de dar um salto na qualidade de vida ganhando bezerros como pagamento, em vez de remunera\u00e7\u00e3o em dinheiro e todos os direitos trabalhistas existentes, num arranjo empregat\u00edcio ainda comum nos rinc\u00f5es do pa\u00eds. O vaqueiro calcula ter de 22 a 24 animais para receber. No ano passado, segundo ele, chegou a ser dono de dez bezerros, que foram vendidos de volta para a mulher do fazendeiro. Ele conta que ela ainda deve R$ 7 mil da transa\u00e7\u00e3o, mostrando um papel manuscrito e assinado com o nome da mulher e os valores especificados. Mas faz quest\u00e3o de ressaltar que a primeira parcela, de R$ 2,5 mil, foi quitada, antes de o caso de viol\u00eancia sexual vir \u00e0 tona:<\/p>\n<p>\u2014 Isso eu n\u00e3o posso dizer deles. Sempre foram corretos no trato com a gente para pagar. Mas era melhor ser ruim para pagar do que fazer uma coisa dessa com as minhas meninas.<\/p>\n<p>De pele branca, cabelos pretos e tra\u00e7os delicados, as duas crian\u00e7as que aparecem no v\u00eddeo, de pouco mais de 40 minutos, sendo tocadas pelo fazendeiro, t\u00eam comportamentos variados. A mais nova pergunta, vez por outra, se \u201cNezinho est\u00e1 preso\u201d. A mais velha costuma chorar quando falam do assunto, conta o pai. Ele acredita que a menina de apenas 9 anos sente vergonha.<\/p>\n<p>O Minist\u00e9rio P\u00fablico de Tocantins acusa o homem de estupro de vulner\u00e1vel e tamb\u00e9m de dar bebida alco\u00f3lica \u00e0s crian\u00e7as. A Justi\u00e7a j\u00e1 aceitou a den\u00fancia e abriu a\u00e7\u00e3o penal, mas ainda n\u00e3o julgou um recurso apresentado pelo promotor Guilherme Cintra, de Colmeia (TO), onde o caso tramita, contra o relaxamento da pris\u00e3o.<\/p>\n<p>\u2014 Se a pr\u00f3pria fam\u00edlia da v\u00edtima est\u00e1 custodiada pelo Estado, isso indica que o denunciado n\u00e3o deveria estar solto \u2014 argumenta Cintra.<\/p>\n<p>Para o advogado de defesa, Ronivan Peixoto, n\u00e3o h\u00e1 motivos para o cliente ser mantido preso nem provas das intimida\u00e7\u00f5es alegadas. Ele argumenta que a pris\u00e3o \u00e9 ilegal por ter sido determinada por um juiz federal, dentro da Opera\u00e7\u00e3o Confiar, de combate \u00e0 pornografia infantil na internet, deflagrada pela Pol\u00edcia Federal no in\u00edcio deste ano. Quando verificou-se que Nezinho n\u00e3o compartilhava imagens, o caso foi remetido para a Justi\u00e7a estadual.<\/p>\n<p>Houve ainda uma indecis\u00e3o sobre qual comarca deveria cuidar do caso. Isso porque a fazenda fica numa \u00e1rea rural. Inicialmente, o processo estava em Guara\u00ed (TO), que depois foi transferido para Colmeia, onde tramita atualmente e deve ser julgado.<\/p>\n<p>Sem negar que a viol\u00eancia sexual flagrada no v\u00eddeo ocorreu, o advogado Ronivan Peixoto disse que o ex-senador Nezinho teria sido induzido a cometer os atos registrados, e que a grava\u00e7\u00e3o, embora aut\u00eantica, n\u00e3o passa de uma \u201carma\u00e7\u00e3o\u201d da fam\u00edlia com a finalidade de exigir dinheiro do fazendeiro, o que os parentes das v\u00edtimas negam. O uso frequente de antidepressivos misturados a \u00e1lcool, ainda segundo Peixoto, tamb\u00e9m teria contribu\u00eddo para a altera\u00e7\u00e3o do comportamento do cliente.<\/p>\n<p>\u2014 Houve uma indu\u00e7\u00e3o para que ele fizesse aquele ato. O que eu lamento \u00e9 o uso das crian\u00e7as para esse fim \u2014 afirma Peixoto.<\/p>\n<p>O advogado diz que pediu que fosse feita uma \u201climpeza\u201d no v\u00eddeo para que ficasse mais n\u00edtido. Ele argumenta que, em pontos muito espec\u00edficos, que passam despercebidos para quem assiste desatento, \u00e9 poss\u00edvel perceber que as crian\u00e7as teriam sido \u201ccomandadas naquela a\u00e7\u00e3o\u201d. Peixoto n\u00e3o contesta, entretanto, as imagens.<\/p>\n<p>Ele conta que Nezinho chegou a chorar vendo a grava\u00e7\u00e3o, sem entender por que agiu daquela forma. O advogado diz que o homem vive em depress\u00e3o por ter perdido uma filha ainda jovem. Por isso, toma rem\u00e9dios controlados.<\/p>\n<p>Peixoto nega, por\u00e9m, que tenha havido outros epis\u00f3dios semelhantes, ao contr\u00e1rio do que relata a den\u00fancia do Minist\u00e9rio P\u00fablico aceita pela Justi\u00e7a. N\u00e3o h\u00e1 prazo para que o julgamento ocorra. O processo est\u00e1 em fase de instru\u00e7\u00e3o, quando s\u00e3o produzidas provas e ouvem-se testemunhas, entre outros procedimentos.<\/p>\n<p>Nezinho, que foi vereador e deputado estadual em Tocantins, chegou ao Senado como suplente do senador Jo\u00e3o Ribeiro, falecido em 2013, na legislatura passada. Em 2005, exerceu o mandato parlamentar por quatro meses, \u00e0 \u00e9poca filiado ao PSB, no lugar do titular.<\/p>\n<p>Nos poucos discursos no plen\u00e1rio, disponibilizados no site do Senado, Nezinho tratou de agricultura, educa\u00e7\u00e3o e outras quest\u00f5es, quase sempre relacionadas \u00e0 realidade tocantinense.<\/p>\n<p>Apesar do mandato de senador, a carreira de Nezinho foi talhada em \u00e2mbito local. \u00c0 pol\u00edtica, ele aliou a cria\u00e7\u00e3o de gado, atividade econ\u00f4mica tamb\u00e9m de grande prest\u00edgio na regi\u00e3o. O advogado de Nezinho disse que o cliente prefere n\u00e3o se manifestar sobre as acusa\u00e7\u00f5es de viol\u00eancia sexual enquanto aguarda o julgamento.<\/p>\n","protected":false},"excerpt":{"rendered":"<p>AP\u00d3S DEN\u00daNCIA DE ABUSO SEXUAL CONTRA EX-SENADOR, FAM\u00cdLIA VIVE REFUGIADA E COM MEDO Nezinho Alencar, de Tocantins, \u00e9 acusado de ter violentado filhas de vaqueiro. O Globo POR RENATA MARIZ BRAS\u00cdLIA &#8211; Era Dia Mundial do Trabalho. Naquele 1\u00ba de Maio do ano passado, a sorte parecia acenar para o homem de 33 anos, que&#8230;<a class=\"more-link\" href=\"http:\/\/blogdalucianaoliveira.com.br\/blog\/2016\/05\/16\/a-longa-historia-da-familia-do-vaqueiro-que-filmou-filhas-sendo-abusadas-por-ex-senador\/\">Continue a leitura <span class=\"meta-nav\">&raquo;<\/span><\/a><\/p>\n","protected":false},"author":1,"featured_media":0,"comment_status":"closed","ping_status":"open","sticky":false,"template":"","format":"standard","meta":{"_exactmetrics_skip_tracking":false,"_exactmetrics_sitenote_active":false,"_exactmetrics_sitenote_note":"","_exactmetrics_sitenote_category":0,"jetpack_post_was_ever_published":false,"_jetpack_newsletter_access":"","_jetpack_dont_email_post_to_subs":false,"_jetpack_newsletter_tier_id":0,"_jetpack_memberships_contains_paywalled_content":false,"_jetpack_memberships_contains_paid_content":false,"footnotes":"","jetpack_publicize_message":"","jetpack_publicize_feature_enabled":true,"jetpack_social_post_already_shared":true,"jetpack_social_options":{"image_generator_settings":{"template":"highway","enabled":false},"version":2}},"categories":[1],"tags":[],"class_list":["post-896","post","type-post","status-publish","format-standard","hentry","category-notas"],"jetpack_publicize_connections":[],"jetpack_sharing_enabled":true,"jetpack_featured_media_url":"","jetpack_shortlink":"https:\/\/wp.me\/p7wKYW-es","jetpack-related-posts":[],"_links":{"self":[{"href":"http:\/\/blogdalucianaoliveira.com.br\/blog\/wp-json\/wp\/v2\/posts\/896","targetHints":{"allow":["GET"]}}],"collection":[{"href":"http:\/\/blogdalucianaoliveira.com.br\/blog\/wp-json\/wp\/v2\/posts"}],"about":[{"href":"http:\/\/blogdalucianaoliveira.com.br\/blog\/wp-json\/wp\/v2\/types\/post"}],"author":[{"embeddable":true,"href":"http:\/\/blogdalucianaoliveira.com.br\/blog\/wp-json\/wp\/v2\/users\/1"}],"replies":[{"embeddable":true,"href":"http:\/\/blogdalucianaoliveira.com.br\/blog\/wp-json\/wp\/v2\/comments?post=896"}],"version-history":[{"count":3,"href":"http:\/\/blogdalucianaoliveira.com.br\/blog\/wp-json\/wp\/v2\/posts\/896\/revisions"}],"predecessor-version":[{"id":902,"href":"http:\/\/blogdalucianaoliveira.com.br\/blog\/wp-json\/wp\/v2\/posts\/896\/revisions\/902"}],"wp:attachment":[{"href":"http:\/\/blogdalucianaoliveira.com.br\/blog\/wp-json\/wp\/v2\/media?parent=896"}],"wp:term":[{"taxonomy":"category","embeddable":true,"href":"http:\/\/blogdalucianaoliveira.com.br\/blog\/wp-json\/wp\/v2\/categories?post=896"},{"taxonomy":"post_tag","embeddable":true,"href":"http:\/\/blogdalucianaoliveira.com.br\/blog\/wp-json\/wp\/v2\/tags?post=896"}],"curies":[{"name":"wp","href":"https:\/\/api.w.org\/{rel}","templated":true}]}}