{"id":903,"date":"2016-05-16T12:36:27","date_gmt":"2016-05-16T16:36:27","guid":{"rendered":"http:\/\/blogdalucianaoliveira.com.br\/blog\/?p=903"},"modified":"2016-05-16T14:33:16","modified_gmt":"2016-05-16T18:33:16","slug":"o-admiravel-gilmar-mendes-cancelou-o-depoimento-de-aecio-e-devolveu-processo-a-pgr","status":"publish","type":"post","link":"http:\/\/blogdalucianaoliveira.com.br\/blog\/2016\/05\/16\/o-admiravel-gilmar-mendes-cancelou-o-depoimento-de-aecio-e-devolveu-processo-a-pgr\/","title":{"rendered":"O &#8216;admir\u00e1vel&#8217; Gilmar Mendes  cancelou o depoimento de A\u00e9cio e devolveu processo a PGR"},"content":{"rendered":"<p><img data-recalc-dims=\"1\" loading=\"lazy\" decoding=\"async\" data-attachment-id=\"904\" data-permalink=\"http:\/\/blogdalucianaoliveira.com.br\/blog\/2016\/05\/16\/o-admiravel-gilmar-mendes-cancelou-o-depoimento-de-aecio-e-devolveu-processo-a-pgr\/image-197\/\" data-orig-file=\"https:\/\/i0.wp.com\/blogdalucianaoliveira.com.br\/blog\/wp-content\/uploads\/2016\/05\/image-172.jpeg?fit=747%2C1084\" data-orig-size=\"747,1084\" data-comments-opened=\"0\" data-image-meta=\"{&quot;aperture&quot;:&quot;0&quot;,&quot;credit&quot;:&quot;&quot;,&quot;camera&quot;:&quot;&quot;,&quot;caption&quot;:&quot;&quot;,&quot;created_timestamp&quot;:&quot;0&quot;,&quot;copyright&quot;:&quot;&quot;,&quot;focal_length&quot;:&quot;0&quot;,&quot;iso&quot;:&quot;0&quot;,&quot;shutter_speed&quot;:&quot;0&quot;,&quot;title&quot;:&quot;&quot;,&quot;orientation&quot;:&quot;0&quot;}\" data-image-title=\"image\" data-image-description=\"\" data-image-caption=\"\" data-medium-file=\"https:\/\/i0.wp.com\/blogdalucianaoliveira.com.br\/blog\/wp-content\/uploads\/2016\/05\/image-172.jpeg?fit=207%2C300\" data-large-file=\"https:\/\/i0.wp.com\/blogdalucianaoliveira.com.br\/blog\/wp-content\/uploads\/2016\/05\/image-172.jpeg?fit=600%2C870\" src=\"https:\/\/i0.wp.com\/blogdalucianaoliveira.com.br\/blog\/wp-content\/uploads\/2016\/05\/image-172.jpeg?resize=600%2C871\" alt=\"image\" width=\"600\" height=\"871\" class=\"alignnone size-full wp-image-904\" srcset=\"https:\/\/i0.wp.com\/blogdalucianaoliveira.com.br\/blog\/wp-content\/uploads\/2016\/05\/image-172.jpeg?w=747 747w, https:\/\/i0.wp.com\/blogdalucianaoliveira.com.br\/blog\/wp-content\/uploads\/2016\/05\/image-172.jpeg?resize=207%2C300 207w, https:\/\/i0.wp.com\/blogdalucianaoliveira.com.br\/blog\/wp-content\/uploads\/2016\/05\/image-172.jpeg?resize=706%2C1024 706w\" sizes=\"auto, (max-width: 600px) 100vw, 600px\" \/><\/p>\n<p>Esses amigos &#8216;admir\u00e1veis&#8217; da deputada Mariana Carvalho&#8230;<!--more--><\/p>\n<p>Um deles, na foto descrito como &#8216;admir\u00e1vel&#8217; pela jovem parlamentar, segundo o JB de hoje, mandou &#8220;suspender a coleta de provas contra o senador A\u00e9cio Neves (PSDB-MG), o ministro Gilmar Mendes, do Supremo Tribunal Federal (STF), tamb\u00e9m cancelou o depoimento que o senador e outras testemunhas fariam em at\u00e9 90 dias.<\/p>\n<p>O pedido de apura\u00e7\u00e3o volta para a Procuradoria-Geral da Rep\u00fablica para reavalia\u00e7\u00e3o. <\/p>\n<p>Rodrigo Janot, procurador-geral, tinha como base da solicita\u00e7\u00e3o a dela\u00e7\u00e3o do senador Delc\u00eddio Amaral (sem partido-MS) em que o ex-petista afirma que A\u00e9cio esteve envolvido em um suposto esquema de corrup\u00e7\u00e3o em Furnas, estatal vinculada \u00e0 Eletrobras. <\/p>\n<p>Em mar\u00e7o de 2015, o STF j\u00e1 havia arquivado, a pedido de Janot, a investiga\u00e7\u00e3o sobre o senador mineiro. Na \u00e9poca, investigadores avaliavam den\u00fancia de Albert Youssef de que A\u00e9cio tamb\u00e9m participou de esquemas ilegais na Petrobras. Para Janot, os depoimentos do doleiro e de Delc\u00eddio se complementavam, indicando que valeria \u00e0 pena \u00e0 retomada do caso.&#8221;<\/p>\n<p>Pra uma tucana, s\u00f3 pode ser admir\u00e1vel mesmo. <\/p>\n","protected":false},"excerpt":{"rendered":"<p>Esses amigos &#8216;admir\u00e1veis&#8217; da deputada Mariana Carvalho&#8230;<\/p>\n","protected":false},"author":1,"featured_media":0,"comment_status":"closed","ping_status":"open","sticky":false,"template":"","format":"standard","meta":{"_exactmetrics_skip_tracking":false,"_exactmetrics_sitenote_active":false,"_exactmetrics_sitenote_note":"","_exactmetrics_sitenote_category":0,"jetpack_post_was_ever_published":false,"_jetpack_newsletter_access":"","_jetpack_dont_email_post_to_subs":false,"_jetpack_newsletter_tier_id":0,"_jetpack_memberships_contains_paywalled_content":false,"_jetpack_memberships_contains_paid_content":false,"footnotes":"","jetpack_publicize_message":"","jetpack_publicize_feature_enabled":true,"jetpack_social_post_already_shared":true,"jetpack_social_options":{"image_generator_settings":{"template":"highway","enabled":false},"version":2}},"categories":[1],"tags":[],"class_list":["post-903","post","type-post","status-publish","format-standard","hentry","category-notas"],"jetpack_publicize_connections":[],"jetpack_sharing_enabled":true,"jetpack_featured_media_url":"","jetpack_shortlink":"https:\/\/wp.me\/p7wKYW-ez","jetpack-related-posts":[],"_links":{"self":[{"href":"http:\/\/blogdalucianaoliveira.com.br\/blog\/wp-json\/wp\/v2\/posts\/903","targetHints":{"allow":["GET"]}}],"collection":[{"href":"http:\/\/blogdalucianaoliveira.com.br\/blog\/wp-json\/wp\/v2\/posts"}],"about":[{"href":"http:\/\/blogdalucianaoliveira.com.br\/blog\/wp-json\/wp\/v2\/types\/post"}],"author":[{"embeddable":true,"href":"http:\/\/blogdalucianaoliveira.com.br\/blog\/wp-json\/wp\/v2\/users\/1"}],"replies":[{"embeddable":true,"href":"http:\/\/blogdalucianaoliveira.com.br\/blog\/wp-json\/wp\/v2\/comments?post=903"}],"version-history":[{"count":2,"href":"http:\/\/blogdalucianaoliveira.com.br\/blog\/wp-json\/wp\/v2\/posts\/903\/revisions"}],"predecessor-version":[{"id":912,"href":"http:\/\/blogdalucianaoliveira.com.br\/blog\/wp-json\/wp\/v2\/posts\/903\/revisions\/912"}],"wp:attachment":[{"href":"http:\/\/blogdalucianaoliveira.com.br\/blog\/wp-json\/wp\/v2\/media?parent=903"}],"wp:term":[{"taxonomy":"category","embeddable":true,"href":"http:\/\/blogdalucianaoliveira.com.br\/blog\/wp-json\/wp\/v2\/categories?post=903"},{"taxonomy":"post_tag","embeddable":true,"href":"http:\/\/blogdalucianaoliveira.com.br\/blog\/wp-json\/wp\/v2\/tags?post=903"}],"curies":[{"name":"wp","href":"https:\/\/api.w.org\/{rel}","templated":true}]}}